{"id":59464,"date":"2023-01-07T11:38:57","date_gmt":"2023-01-07T17:38:57","guid":{"rendered":"https:\/\/elmetropolitano.com.gt\/es\/?p=59464"},"modified":"2023-01-07T11:38:58","modified_gmt":"2023-01-07T17:38:58","slug":"analizan-comportamiento-de-precios-de-combustibles","status":"publish","type":"post","link":"https:\/\/elmetropolitano.com.gt\/es\/analizan-comportamiento-de-precios-de-combustibles\/","title":{"rendered":"Analizan comportamiento de precios de combustibles"},"content":{"rendered":"\n<p>El presidente Alejandro Giammattei sostuvo una reuni\u00f3n en Casa Presidencial para analizar planes relacionados con los precios de los combustibles.<\/p>\n\n\n\n<p>Durante esta sesi\u00f3n de trabajo, el jefe de Gobierno se reuni\u00f3 con el ministro de Energ\u00eda y Minas, Alberto Pimentel, y el de Finanzas P\u00fablicas, Edwin Mart\u00ednez, as\u00ed como con sus equipos t\u00e9cnicos.&nbsp;<\/p><div class=\"elmet-contenido\" id=\"elmet-4243008248\"><div class=\"elmet-adlabel\">Anuncios<\/div><div style=\"margin-top: 20px;margin-right: 20px;margin-bottom: 20px;margin-left: 20px;\" id=\"elmet-2934137952\"><a href=\"https:\/\/www.facebook.com\/arrincuanantigua\/\" aria-label=\"cintillo-arrin-cual\"><img loading=\"lazy\" decoding=\"async\" src=\"https:\/\/elmetropolitano.com.gt\/es\/wp-content\/uploads\/2021\/11\/cintillo-arrin-cual-1.jpg\" alt=\"\"  srcset=\"https:\/\/elmetropolitano.com.gt\/es\/wp-content\/uploads\/2021\/11\/cintillo-arrin-cual-1.jpg 750w, https:\/\/elmetropolitano.com.gt\/es\/wp-content\/uploads\/2021\/11\/cintillo-arrin-cual-1-300x36.jpg 300w, https:\/\/elmetropolitano.com.gt\/es\/wp-content\/uploads\/2021\/11\/cintillo-arrin-cual-1-600x72.jpg 600w\" sizes=\"(max-width: 750px) 100vw, 750px\" width=\"750\" height=\"90\"   \/><\/a><\/div><\/div>\n\n\n\n<p>En ese sentido, se discuti\u00f3 sobre el comportamiento de los precios de los combustible y los avances en las acciones para apoyar la econom\u00eda de los guatemaltecos.<\/p>\n\n\n\n<p>Avances en las acciones<\/p>\n\n\n\n<p>Del mismo modo, el 23 de noviembre del 2022, las autoridades se reunieron para discutir alternativas para disminuir el impacto en el incremento de los precios de estos productos.<\/p>\n\n\n\n<p>Por ello, en el encuentro de este d\u00eda las autoridades discutieron los avances en la elaboraci\u00f3n de planes de acci\u00f3n. Se busca que estos se implementen para ayudar a la poblaci\u00f3n.<\/p>\n\n\n\n<p>De esa cuenta, se han creado mesas de trabajo que plantean alternativas como apoyo social temporal, medida compensatoria y el involucramiento del Estado en la compra de bloques de combustibles.<\/p>\n\n\n\n<p>Precios de referencia<\/p>\n\n\n\n<p>Por su parte, el Ministerio de Energ\u00eda y Minas (MEM) comparti\u00f3 los precios de referencia a los consumidores de gasolinas y di\u00e9sel en las estaciones de servicio del 3 al 9 de enero.<\/p>\n\n\n\n<p>En ese sentido, para la ciudad Guatemala y todos los departamentos se estima que el precio de la gasolina s\u00faper se encuentra entre los 32 y 33 quetzales con una peque\u00f1a diferencia en los centavos. A excepci\u00f3n de Flores, Pet\u00e9n, donde se reporta que el precio de dicho combustible se encuentra en 34.26 quetzales.<\/p>\n\n\n\n<p>Asimismo, la gasolina regular se encuentra en el rango de 31 y 32 quetzales con la misma variaci\u00f3n de centavos seg\u00fan el departamento.<\/p>\n\n\n\n<p>Por otro lado, el di\u00e9sel se encuentra entre los 35 y 36 quetzales por cada gal\u00f3n, siendo este el que presenta un precio m\u00e1s alto en comparaci\u00f3n con el de las gasolinas.<\/p>\n\n\n\n<p>Excepciones&nbsp;<\/p>\n\n\n\n<p>De esa cuenta, el MEM aclar\u00f3 que puede haber una diferencia de hasta 1.10 quetzales por gal\u00f3n en cada producto por el autoservicio y servicio completo, en las estaciones de todo el pa\u00eds.<\/p>\n\n\n\n<p>Texto Veylin Herrera<\/p>\n\n\n\n<p>#metroredes<\/p>\n\n\n\n<figure class=\"wp-block-gallery has-nested-images columns-default is-cropped wp-block-gallery-1 is-layout-flex wp-block-gallery-is-layout-flex\">\n<figure class=\"wp-block-image size-full\"><img loading=\"lazy\" decoding=\"async\" width=\"680\" height=\"425\" data-id=\"59466\" src=\"https:\/\/elmetropolitano.com.gt\/es\/wp-content\/uploads\/2023\/01\/FluiX03XEAAztYM.png\" alt=\"\" class=\"wp-image-59466\" srcset=\"https:\/\/elmetropolitano.com.gt\/es\/wp-content\/uploads\/2023\/01\/FluiX03XEAAztYM.png 680w, https:\/\/elmetropolitano.com.gt\/es\/wp-content\/uploads\/2023\/01\/FluiX03XEAAztYM-300x188.png 300w, https:\/\/elmetropolitano.com.gt\/es\/wp-content\/uploads\/2023\/01\/FluiX03XEAAztYM-600x375.png 600w\" sizes=\"auto, (max-width: 680px) 100vw, 680px\" \/><\/figure>\n<\/figure>\n","protected":false},"excerpt":{"rendered":"<p>El presidente Alejandro Giammattei sostuvo una reuni\u00f3n en Casa Presidencial para analizar planes relacionados con los precios de los combustibles. Durante esta sesi\u00f3n de trabajo, el jefe de Gobierno se reuni\u00f3 con el ministro de Energ\u00eda y Minas, Alberto Pimentel, y el de Finanzas P\u00fablicas, Edwin Mart\u00ednez, as\u00ed como con sus equipos t\u00e9cnicos.&nbsp; En ese <a class=\"read-more\" href=\"https:\/\/elmetropolitano.com.gt\/es\/analizan-comportamiento-de-precios-de-combustibles\/\">Leer m\u00e1s<\/a><\/p>\n","protected":false},"author":1,"featured_media":59465,"comment_status":"open","ping_status":"closed","sticky":false,"template":"","format":"standard","meta":{"footnotes":""},"categories":[2],"tags":[12],"class_list":["post-59464","post","type-post","status-publish","format-standard","has-post-thumbnail","hentry","category-nacionales","tag-nacionales"],"_links":{"self":[{"href":"https:\/\/elmetropolitano.com.gt\/es\/wp-json\/wp\/v2\/posts\/59464","targetHints":{"allow":["GET"]}}],"collection":[{"href":"https:\/\/elmetropolitano.com.gt\/es\/wp-json\/wp\/v2\/posts"}],"about":[{"href":"https:\/\/elmetropolitano.com.gt\/es\/wp-json\/wp\/v2\/types\/post"}],"author":[{"embeddable":true,"href":"https:\/\/elmetropolitano.com.gt\/es\/wp-json\/wp\/v2\/users\/1"}],"replies":[{"embeddable":true,"href":"https:\/\/elmetropolitano.com.gt\/es\/wp-json\/wp\/v2\/comments?post=59464"}],"version-history":[{"count":1,"href":"https:\/\/elmetropolitano.com.gt\/es\/wp-json\/wp\/v2\/posts\/59464\/revisions"}],"predecessor-version":[{"id":59467,"href":"https:\/\/elmetropolitano.com.gt\/es\/wp-json\/wp\/v2\/posts\/59464\/revisions\/59467"}],"wp:featuredmedia":[{"embeddable":true,"href":"https:\/\/elmetropolitano.com.gt\/es\/wp-json\/wp\/v2\/media\/59465"}],"wp:attachment":[{"href":"https:\/\/elmetropolitano.com.gt\/es\/wp-json\/wp\/v2\/media?parent=59464"}],"wp:term":[{"taxonomy":"category","embeddable":true,"href":"https:\/\/elmetropolitano.com.gt\/es\/wp-json\/wp\/v2\/categories?post=59464"},{"taxonomy":"post_tag","embeddable":true,"href":"https:\/\/elmetropolitano.com.gt\/es\/wp-json\/wp\/v2\/tags?post=59464"}],"curies":[{"name":"wp","href":"https:\/\/api.w.org\/{rel}","templated":true}]}}