{"id":59472,"date":"2023-01-07T11:42:58","date_gmt":"2023-01-07T17:42:58","guid":{"rendered":"https:\/\/elmetropolitano.com.gt\/es\/?p=59472"},"modified":"2023-01-07T11:43:00","modified_gmt":"2023-01-07T17:43:00","slug":"comienza-segunda-fase-de-restauracion-del-centro-cultural-miguel-angel-asturias","status":"publish","type":"post","link":"https:\/\/elmetropolitano.com.gt\/es\/comienza-segunda-fase-de-restauracion-del-centro-cultural-miguel-angel-asturias\/","title":{"rendered":"Comienza segunda fase de restauraci\u00f3n del Centro Cultural Miguel \u00c1ngel Asturias"},"content":{"rendered":"\n<p>Dichas acciones son impulsadas por el Gobierno de Guatemala, para la preservaci\u00f3n de los bienes patrimoniales. El Ministerio de Cultura y Deportes (MCD) comenz\u00f3 con la segunda fase de trabajos de restauraci\u00f3n del Centro Cultural Miguel \u00c1ngel Asturias, mismos que iniciaron ayer.<\/p>\n\n\n\n<p>Dichas acciones son impulsadas por el Gobierno de Guatemala, para la preservaci\u00f3n de nuestros bienes patrimoniales.<\/p><div class=\"elmet-contenido\" id=\"elmet-2695222716\"><div class=\"elmet-adlabel\">Anuncios<\/div><div style=\"margin-top: 20px;margin-right: 20px;margin-bottom: 20px;margin-left: 20px;\" id=\"elmet-2958748188\"><a href=\"https:\/\/www.facebook.com\/arrincuanantigua\/\" aria-label=\"cintillo-arrin-cual\"><img loading=\"lazy\" decoding=\"async\" src=\"https:\/\/elmetropolitano.com.gt\/es\/wp-content\/uploads\/2021\/11\/cintillo-arrin-cual-1.jpg\" alt=\"\"  srcset=\"https:\/\/elmetropolitano.com.gt\/es\/wp-content\/uploads\/2021\/11\/cintillo-arrin-cual-1.jpg 750w, https:\/\/elmetropolitano.com.gt\/es\/wp-content\/uploads\/2021\/11\/cintillo-arrin-cual-1-300x36.jpg 300w, https:\/\/elmetropolitano.com.gt\/es\/wp-content\/uploads\/2021\/11\/cintillo-arrin-cual-1-600x72.jpg 600w\" sizes=\"(max-width: 750px) 100vw, 750px\" width=\"750\" height=\"90\"   \/><\/a><\/div><\/div>\n\n\n\n<p>Como parte de la primera fase, que se inici\u00f3 en 2022, se renovaron las \u00e1reas detr\u00e1s de bastidores y la alfombra del Teatro de C\u00e1mara Hugo Carrillo.<\/p>\n\n\n\n<p>Asimismo, se aplic\u00f3 pintura, se rehabilitaron los servicios sanitarios y se efectuaron estudios arqueol\u00f3gicos para la construcci\u00f3n del Edificio de la Danza.<\/p>\n\n\n\n<p>Sobre la edificaci\u00f3n<\/p>\n\n\n\n<p>El Centro Cultural Miguel \u00c1ngel Asturias se inaugur\u00f3 el 16 de junio de 1978. Su dise\u00f1o estuvo a cargo del ingeniero, escultor y pintor Efra\u00edn Recinos Valenzuela (1928-2011).<\/p>\n\n\n\n<p>Originalmente fue nombrado Centro Cultural de Guatemala y cambi\u00f3 su nombre en honor al ganador del Premio Nobel de Literatura de 1967, por medio del Decreto 35-1987.<\/p>\n\n\n\n<p>A este complejo arquitect\u00f3nico se le considera uno de los m\u00e1s altos logros de integraci\u00f3n pl\u00e1stica guatemalteca y cuenta con tres teatros principales:<\/p>\n\n\n\n<p>Antecedentes e historia<\/p>\n\n\n\n<p>Parte del terreno que ocupa el Centro Cultural Miguel \u00c1ngel Asturias pertenec\u00eda al Fuerte de San Jos\u00e9, que fue erigido en 1846 y que sirvi\u00f3 como prisi\u00f3n, arsenal de artiller\u00eda.<\/p>\n\n\n\n<p>Fue destruido y abandonado luego del 20 de octubre de 1944. Durante la administraci\u00f3n del presidente Miguel Yd\u00edgoras Fuentes se propuso la construcci\u00f3n de un teatro nacional en este espacio y se convoc\u00f3 a un concurso de dise\u00f1os.<\/p>\n\n\n\n<p>El ganador fue el presentado por el arquitecto Marco Vinicio Asturias. Se construyeron los cimientos, sin embargo, luego de que Yd\u00edgoras Fuentes fuera derrocado el 31 de marzo de 1963, el proyecto qued\u00f3 en suspenso. Asturias falleci\u00f3 en 1965, en un accidente automovil\u00edstico.<\/p>\n\n\n\n<p>En 1971 se retom\u00f3 el proyecto, se convoc\u00f3 nuevamente a creadores a presentar sus propuestas, con la condici\u00f3n de que se aprovecharan las bases ya construidas. Fue entonces cuando Efra\u00edn Recinos present\u00f3 su prospecto de construcci\u00f3n, con un concepto integral fundamentado en el paisaje natural, las ra\u00edces mayas y arquitectura de vanguardia.<\/p>\n\n\n\n<p>La inauguraci\u00f3n de este recinto se celebr\u00f3 con un acto solemne el 16 de junio de 1978. Desde ese entonces se ha constituido en un espacio en el que se presentan diversidad de manifestaciones art\u00edsticas y culturales.<\/p>\n\n\n\n<p>Texto Brenda Larios<\/p>\n\n\n\n<p>#metroredes<\/p>\n\n\n\n<p><\/p>\n","protected":false},"excerpt":{"rendered":"<p>Dichas acciones son impulsadas por el Gobierno de Guatemala, para la preservaci\u00f3n de los bienes patrimoniales. El Ministerio de Cultura y Deportes (MCD) comenz\u00f3 con la segunda fase de trabajos de restauraci\u00f3n del Centro Cultural Miguel \u00c1ngel Asturias, mismos que iniciaron ayer. Dichas acciones son impulsadas por el Gobierno de Guatemala, para la preservaci\u00f3n de <a class=\"read-more\" href=\"https:\/\/elmetropolitano.com.gt\/es\/comienza-segunda-fase-de-restauracion-del-centro-cultural-miguel-angel-asturias\/\">Leer m\u00e1s<\/a><\/p>\n","protected":false},"author":1,"featured_media":59473,"comment_status":"open","ping_status":"closed","sticky":false,"template":"","format":"standard","meta":{"footnotes":""},"categories":[29],"tags":[30],"class_list":["post-59472","post","type-post","status-publish","format-standard","has-post-thumbnail","hentry","category-culturales","tag-culturales"],"_links":{"self":[{"href":"https:\/\/elmetropolitano.com.gt\/es\/wp-json\/wp\/v2\/posts\/59472","targetHints":{"allow":["GET"]}}],"collection":[{"href":"https:\/\/elmetropolitano.com.gt\/es\/wp-json\/wp\/v2\/posts"}],"about":[{"href":"https:\/\/elmetropolitano.com.gt\/es\/wp-json\/wp\/v2\/types\/post"}],"author":[{"embeddable":true,"href":"https:\/\/elmetropolitano.com.gt\/es\/wp-json\/wp\/v2\/users\/1"}],"replies":[{"embeddable":true,"href":"https:\/\/elmetropolitano.com.gt\/es\/wp-json\/wp\/v2\/comments?post=59472"}],"version-history":[{"count":1,"href":"https:\/\/elmetropolitano.com.gt\/es\/wp-json\/wp\/v2\/posts\/59472\/revisions"}],"predecessor-version":[{"id":59474,"href":"https:\/\/elmetropolitano.com.gt\/es\/wp-json\/wp\/v2\/posts\/59472\/revisions\/59474"}],"wp:featuredmedia":[{"embeddable":true,"href":"https:\/\/elmetropolitano.com.gt\/es\/wp-json\/wp\/v2\/media\/59473"}],"wp:attachment":[{"href":"https:\/\/elmetropolitano.com.gt\/es\/wp-json\/wp\/v2\/media?parent=59472"}],"wp:term":[{"taxonomy":"category","embeddable":true,"href":"https:\/\/elmetropolitano.com.gt\/es\/wp-json\/wp\/v2\/categories?post=59472"},{"taxonomy":"post_tag","embeddable":true,"href":"https:\/\/elmetropolitano.com.gt\/es\/wp-json\/wp\/v2\/tags?post=59472"}],"curies":[{"name":"wp","href":"https:\/\/api.w.org\/{rel}","templated":true}]}}