{"id":59475,"date":"2023-01-07T11:49:01","date_gmt":"2023-01-07T17:49:01","guid":{"rendered":"https:\/\/elmetropolitano.com.gt\/es\/?p=59475"},"modified":"2023-01-07T11:49:02","modified_gmt":"2023-01-07T17:49:02","slug":"continuaran-las-lluvias-en-la-zona-norte-del-pais","status":"publish","type":"post","link":"https:\/\/elmetropolitano.com.gt\/es\/continuaran-las-lluvias-en-la-zona-norte-del-pais\/","title":{"rendered":"Continuar\u00e1n las lluvias en la zona norte del pa\u00eds"},"content":{"rendered":"\n<p>Disminuci\u00f3n del viento norte y nublados con lluvias se esperan en la zona norte del pa\u00eds durante el d\u00eda, seg\u00fan un informe del Instituto Nacional de Sismolog\u00eda, Vulcanolog\u00eda, Meteorolog\u00eda e Hidrolog\u00eda (Insivumeh).<\/p>\n\n\n\n<p>El documento tambi\u00e9n se\u00f1ala que se podr\u00edan registrar \u00e1reas con posibles lloviznas al amanecer sobre sectores monta\u00f1osos del norte del pa\u00eds.<\/p><div class=\"elmet-contenido\" id=\"elmet-2882561074\"><div class=\"elmet-adlabel\">Anuncios<\/div><div style=\"margin-top: 20px;margin-right: 20px;margin-bottom: 20px;margin-left: 20px;\" id=\"elmet-1346867048\"><a href=\"https:\/\/www.facebook.com\/arrincuanantigua\/\" aria-label=\"cintillo-arrin-cual\"><img loading=\"lazy\" decoding=\"async\" src=\"https:\/\/elmetropolitano.com.gt\/es\/wp-content\/uploads\/2021\/11\/cintillo-arrin-cual-1.jpg\" alt=\"\"  srcset=\"https:\/\/elmetropolitano.com.gt\/es\/wp-content\/uploads\/2021\/11\/cintillo-arrin-cual-1.jpg 750w, https:\/\/elmetropolitano.com.gt\/es\/wp-content\/uploads\/2021\/11\/cintillo-arrin-cual-1-300x36.jpg 300w, https:\/\/elmetropolitano.com.gt\/es\/wp-content\/uploads\/2021\/11\/cintillo-arrin-cual-1-600x72.jpg 600w\" sizes=\"(max-width: 750px) 100vw, 750px\" width=\"750\" height=\"90\"   \/><\/a><\/div><\/div>\n\n\n\n<p>Asimismo, se indic\u00f3 que podr\u00eda haber nubosidad dispersa alternada con nublados parciales.<\/p>\n\n\n\n<p>Clima en las regiones<\/p>\n\n\n\n<p>Por otro lado, se dio a conocer que un frente fr\u00edo en el mar Caribe continuar\u00e1 generando nublados con lloviznas o lluvias intermitentes sobre las regiones norte, Franja Transversal del Norte y el Caribe.<\/p>\n\n\n\n<p>De igual forma, se podr\u00edan presentar lloviznas muy dispersas, al final de la tarde, sobre el occidente, el altiplano central y valles de oriente.<\/p>\n\n\n\n<p>Tambi\u00e9n se indic\u00f3 que, debido a un sistema de alta presi\u00f3n sobre el territorio nacional, el viento norte se mantendr\u00e1 ligero a moderado con mayor incidencia sobre sectores monta\u00f1osos o con ca\u00f1ones.<\/p>\n\n\n\n<p>El Insivumeh resalt\u00f3 que en el pa\u00eds prevalecer\u00e1 el ambiente fresco durante el d\u00eda, mientras que en la noche y madrugada se registrar\u00e1 fr\u00edo.<\/p>\n\n\n\n<p>Por \u00faltimo, se mencion\u00f3 que sobre los lugares m\u00e1s altos de occidente se pueden presentar heladas meteorol\u00f3gicas.<\/p>\n\n\n\n<p>Ante estas condiciones clim\u00e1ticas, el instituto recomienda tomar precauciones necesarias y abrigarse durante la noche y la madrugada.<\/p>\n\n\n\n<p>Albergues habilitados<\/p>\n\n\n\n<p>Al 3 de enero, la Coordinadora Nacional para la Reducci\u00f3n de Desastres (Conred) registraba 10 albergues habilitados por la temporada de fr\u00edo 2022-2023.<\/p>\n\n\n\n<p>Estos se ubicaban en:<\/p>\n\n\n\n<p>Parroquia El Calvario, Cob\u00e1n, Alta Verapaz<\/p>\n\n\n\n<p>Barrio El Gallito, en ciudad de Guatemala<\/p>\n\n\n\n<p>Sal\u00f3n comunal Manuel Colom Argueta, en ciudad de Guatemala<\/p>\n\n\n\n<p>Casa Materna, en Jalapa<\/p>\n\n\n\n<p>Mercado Barrio Latino, Jutiapa<\/p>\n\n\n\n<p>Iglesia de Cristo Casa de Restauraci\u00f3n, en Quetzaltenango<\/p>\n\n\n\n<p>Cancha sint\u00e9tica municipal, San Miguel Ixtahuac\u00e1n, San Marcos<\/p>\n\n\n\n<p>Gimnasio municipal de Panajachel, Solol\u00e1.<\/p>\n\n\n\n<p>Iglesia Makadesh El Buen Samaritano, Totonicap\u00e1n<\/p>\n\n\n\n<p>Con el funcionamiento de los albergues se pretende otorgar apoyo a personas cuyas condiciones en su vivienda no son las adecuadas para protegerse del fr\u00edo.<\/p>\n\n\n\n<p>Luc\u00eda Contreras<\/p>\n\n\n\n<p>#metroredes<\/p>\n\n\n\n<p><\/p>\n","protected":false},"excerpt":{"rendered":"<p>Disminuci\u00f3n del viento norte y nublados con lluvias se esperan en la zona norte del pa\u00eds durante el d\u00eda, seg\u00fan un informe del Instituto Nacional de Sismolog\u00eda, Vulcanolog\u00eda, Meteorolog\u00eda e Hidrolog\u00eda (Insivumeh). El documento tambi\u00e9n se\u00f1ala que se podr\u00edan registrar \u00e1reas con posibles lloviznas al amanecer sobre sectores monta\u00f1osos del norte del pa\u00eds. Asimismo, se <a class=\"read-more\" href=\"https:\/\/elmetropolitano.com.gt\/es\/continuaran-las-lluvias-en-la-zona-norte-del-pais\/\">Leer m\u00e1s<\/a><\/p>\n","protected":false},"author":1,"featured_media":59476,"comment_status":"open","ping_status":"closed","sticky":false,"template":"","format":"standard","meta":{"footnotes":""},"categories":[2],"tags":[12],"class_list":["post-59475","post","type-post","status-publish","format-standard","has-post-thumbnail","hentry","category-nacionales","tag-nacionales"],"_links":{"self":[{"href":"https:\/\/elmetropolitano.com.gt\/es\/wp-json\/wp\/v2\/posts\/59475","targetHints":{"allow":["GET"]}}],"collection":[{"href":"https:\/\/elmetropolitano.com.gt\/es\/wp-json\/wp\/v2\/posts"}],"about":[{"href":"https:\/\/elmetropolitano.com.gt\/es\/wp-json\/wp\/v2\/types\/post"}],"author":[{"embeddable":true,"href":"https:\/\/elmetropolitano.com.gt\/es\/wp-json\/wp\/v2\/users\/1"}],"replies":[{"embeddable":true,"href":"https:\/\/elmetropolitano.com.gt\/es\/wp-json\/wp\/v2\/comments?post=59475"}],"version-history":[{"count":1,"href":"https:\/\/elmetropolitano.com.gt\/es\/wp-json\/wp\/v2\/posts\/59475\/revisions"}],"predecessor-version":[{"id":59477,"href":"https:\/\/elmetropolitano.com.gt\/es\/wp-json\/wp\/v2\/posts\/59475\/revisions\/59477"}],"wp:featuredmedia":[{"embeddable":true,"href":"https:\/\/elmetropolitano.com.gt\/es\/wp-json\/wp\/v2\/media\/59476"}],"wp:attachment":[{"href":"https:\/\/elmetropolitano.com.gt\/es\/wp-json\/wp\/v2\/media?parent=59475"}],"wp:term":[{"taxonomy":"category","embeddable":true,"href":"https:\/\/elmetropolitano.com.gt\/es\/wp-json\/wp\/v2\/categories?post=59475"},{"taxonomy":"post_tag","embeddable":true,"href":"https:\/\/elmetropolitano.com.gt\/es\/wp-json\/wp\/v2\/tags?post=59475"}],"curies":[{"name":"wp","href":"https:\/\/api.w.org\/{rel}","templated":true}]}}