{"id":59535,"date":"2023-01-08T23:24:50","date_gmt":"2023-01-09T05:24:50","guid":{"rendered":"https:\/\/elmetropolitano.com.gt\/es\/?p=59535"},"modified":"2023-01-09T09:09:51","modified_gmt":"2023-01-09T15:09:51","slug":"presidenciables-con-cola-que-machucar","status":"publish","type":"post","link":"https:\/\/elmetropolitano.com.gt\/es\/presidenciables-con-cola-que-machucar\/","title":{"rendered":"As\u00ed lo dijo"},"content":{"rendered":"\n<p>\u201cLa literal f) del art\u00edculo 186 constitucional, impedir\u00eda la inscripci\u00f3n del vice presidenciable de la UNE, Igual, la presidenciable de VALOR, al tenor de la literal c) del mismo art\u00edculo. \u00bfQu\u00e9 salida dar\u00e1 el TSE? (que no es supremo, porque la CSJ y la CC, tienen mucho que decir).\u201d<\/p>\n\n\n\n<p>Juan Francisco Sandoval<\/p><div class=\"elmet-contenido\" id=\"elmet-437983429\"><div class=\"elmet-adlabel\">Anuncios<\/div><div style=\"margin-top: 20px;margin-right: 20px;margin-bottom: 20px;margin-left: 20px;\" id=\"elmet-2083338345\"><a href=\"https:\/\/www.facebook.com\/arrincuanantigua\/\" aria-label=\"cintillo-arrin-cual\"><img loading=\"lazy\" decoding=\"async\" src=\"https:\/\/elmetropolitano.com.gt\/es\/wp-content\/uploads\/2021\/11\/cintillo-arrin-cual-1.jpg\" alt=\"\"  srcset=\"https:\/\/elmetropolitano.com.gt\/es\/wp-content\/uploads\/2021\/11\/cintillo-arrin-cual-1.jpg 750w, https:\/\/elmetropolitano.com.gt\/es\/wp-content\/uploads\/2021\/11\/cintillo-arrin-cual-1-300x36.jpg 300w, https:\/\/elmetropolitano.com.gt\/es\/wp-content\/uploads\/2021\/11\/cintillo-arrin-cual-1-600x72.jpg 600w\" sizes=\"(max-width: 750px) 100vw, 750px\" width=\"750\" height=\"90\"   \/><\/a><\/div><\/div>\n\n\n\n<p>Ex fiscal FECI en el exilio<\/p>\n\n\n\n<p>#metroredes<\/p>\n\n\n\n<p><\/p>\n","protected":false},"excerpt":{"rendered":"<p>\u201cLa literal f) del art\u00edculo 186 constitucional, impedir\u00eda la inscripci\u00f3n del vice presidenciable de la UNE, Igual, la presidenciable de VALOR, al tenor de la literal c) del mismo art\u00edculo. \u00bfQu\u00e9 salida dar\u00e1 el TSE? (que no es supremo, porque la CSJ y la CC, tienen mucho que decir).\u201d Juan Francisco Sandoval Ex fiscal FECI <a class=\"read-more\" href=\"https:\/\/elmetropolitano.com.gt\/es\/presidenciables-con-cola-que-machucar\/\">Leer m\u00e1s<\/a><\/p>\n","protected":false},"author":1,"featured_media":59536,"comment_status":"open","ping_status":"closed","sticky":false,"template":"","format":"standard","meta":{"footnotes":""},"categories":[117],"tags":[118],"class_list":["post-59535","post","type-post","status-publish","format-standard","has-post-thumbnail","hentry","category-asi-lo-dijo","tag-asi-lo-dijo"],"_links":{"self":[{"href":"https:\/\/elmetropolitano.com.gt\/es\/wp-json\/wp\/v2\/posts\/59535","targetHints":{"allow":["GET"]}}],"collection":[{"href":"https:\/\/elmetropolitano.com.gt\/es\/wp-json\/wp\/v2\/posts"}],"about":[{"href":"https:\/\/elmetropolitano.com.gt\/es\/wp-json\/wp\/v2\/types\/post"}],"author":[{"embeddable":true,"href":"https:\/\/elmetropolitano.com.gt\/es\/wp-json\/wp\/v2\/users\/1"}],"replies":[{"embeddable":true,"href":"https:\/\/elmetropolitano.com.gt\/es\/wp-json\/wp\/v2\/comments?post=59535"}],"version-history":[{"count":2,"href":"https:\/\/elmetropolitano.com.gt\/es\/wp-json\/wp\/v2\/posts\/59535\/revisions"}],"predecessor-version":[{"id":59545,"href":"https:\/\/elmetropolitano.com.gt\/es\/wp-json\/wp\/v2\/posts\/59535\/revisions\/59545"}],"wp:featuredmedia":[{"embeddable":true,"href":"https:\/\/elmetropolitano.com.gt\/es\/wp-json\/wp\/v2\/media\/59536"}],"wp:attachment":[{"href":"https:\/\/elmetropolitano.com.gt\/es\/wp-json\/wp\/v2\/media?parent=59535"}],"wp:term":[{"taxonomy":"category","embeddable":true,"href":"https:\/\/elmetropolitano.com.gt\/es\/wp-json\/wp\/v2\/categories?post=59535"},{"taxonomy":"post_tag","embeddable":true,"href":"https:\/\/elmetropolitano.com.gt\/es\/wp-json\/wp\/v2\/tags?post=59535"}],"curies":[{"name":"wp","href":"https:\/\/api.w.org\/{rel}","templated":true}]}}