{"id":59538,"date":"2023-01-08T23:27:54","date_gmt":"2023-01-09T05:27:54","guid":{"rendered":"https:\/\/elmetropolitano.com.gt\/es\/?p=59538"},"modified":"2023-01-08T23:27:55","modified_gmt":"2023-01-09T05:27:55","slug":"se-captura-a-segundo-extraditable-por-narcotrafico","status":"publish","type":"post","link":"https:\/\/elmetropolitano.com.gt\/es\/se-captura-a-segundo-extraditable-por-narcotrafico\/","title":{"rendered":"Se captura a segundo extraditable por narcotr\u00e1fico"},"content":{"rendered":"\n<p>En un operativo de la Subdirecci\u00f3n General de An\u00e1lisis de Informaci\u00f3n Antinarc\u00f3tica (SGAIA), de la Polic\u00eda Nacional Civil (PNC), se report\u00f3 la detenci\u00f3n del segundo extraditable a Estados Unidos de 2023, por temas relacionados con el narcotr\u00e1fico.<\/p>\n\n\n\n<p><a><\/a>Polic\u00edas antinarc\u00f3ticos han capturado este domingo en el kil\u00f3metro 293 ruta de R\u00edo Dulce a Pet\u00e9n, a un hombre, alias \u2018Compa\u2019, solicitado por Estados Unidos para extradici\u00f3n por narcotr\u00e1fico, inform\u00f3 la PNC.<\/p><div class=\"elmet-contenido\" id=\"elmet-1262270037\"><div class=\"elmet-adlabel\">Anuncios<\/div><div style=\"margin-top: 20px;margin-right: 20px;margin-bottom: 20px;margin-left: 20px;\" id=\"elmet-3749594807\"><a href=\"https:\/\/www.facebook.com\/arrincuanantigua\/\" aria-label=\"cintillo-arrin-cual\"><img loading=\"lazy\" decoding=\"async\" src=\"https:\/\/elmetropolitano.com.gt\/es\/wp-content\/uploads\/2021\/11\/cintillo-arrin-cual-1.jpg\" alt=\"\"  srcset=\"https:\/\/elmetropolitano.com.gt\/es\/wp-content\/uploads\/2021\/11\/cintillo-arrin-cual-1.jpg 750w, https:\/\/elmetropolitano.com.gt\/es\/wp-content\/uploads\/2021\/11\/cintillo-arrin-cual-1-300x36.jpg 300w, https:\/\/elmetropolitano.com.gt\/es\/wp-content\/uploads\/2021\/11\/cintillo-arrin-cual-1-600x72.jpg 600w\" sizes=\"(max-width: 750px) 100vw, 750px\" width=\"750\" height=\"90\"   \/><\/a><\/div><\/div>\n\n\n\n<p>El segundo extraditable del 2023 es Francisco Alexander Garc\u00eda Jord\u00e1n, tambi\u00e9n conocido como Compa, de origen salvadore\u00f1o.<\/p>\n\n\n\n<p>La investigaci\u00f3n<\/p>\n\n\n\n<p>Garc\u00eda Jord\u00e1n es requerido por la Corte Distrital de los Estados Unidos para el Distrito Este de Texas por delitos relacionados con el narcotr\u00e1fico.<\/p>\n\n\n\n<p>Las investigaciones realizadas por las autoridades identificaron una organizaci\u00f3n que opera en todo el continente americano desde el a\u00f1o 2008. Como responsable de esta estructura se identific\u00f3 a Garc\u00eda Jord\u00e1n de traficar coca\u00edna hacia Estados Unidos por la v\u00eda mar\u00edtima.<\/p>\n\n\n\n<p>Primer capturado<\/p>\n\n\n\n<p>En un operativo, el 5 de enero, agentes de SGAIA reportaron la aprehensi\u00f3n del primer extraditable a Estados Unidos de 2023.<\/p>\n\n\n\n<p>La entidad policial detall\u00f3 que se trat\u00f3 de Gustavo Adolfo G\u00e1lvez Hern\u00e1ndez, a quien se captur\u00f3 en la ruta que conduce hacia El Naranjo, Pet\u00e9n.<\/p>\n\n\n\n<p>El trabajo que realiza el Ministerio de Gobernaci\u00f3n (Mingob), a trav\u00e9s de unidades antinarc\u00f3ticas, da resultados en cuanto al primer extraditable del 2023 detenido en Pet\u00e9n, refiri\u00f3 Edwin Monroy, portavoz de la PNC.<\/p>\n\n\n\n<p>#metroredes<\/p>\n\n\n\n<figure class=\"wp-block-gallery has-nested-images columns-default is-cropped wp-block-gallery-1 is-layout-flex wp-block-gallery-is-layout-flex\">\n<figure class=\"wp-block-image size-large\"><img loading=\"lazy\" decoding=\"async\" width=\"516\" height=\"734\" data-id=\"59541\" src=\"https:\/\/elmetropolitano.com.gt\/es\/wp-content\/uploads\/2023\/01\/324505301_546824974166147_9083406544414908987_n.jpg\" alt=\"\" class=\"wp-image-59541\" srcset=\"https:\/\/elmetropolitano.com.gt\/es\/wp-content\/uploads\/2023\/01\/324505301_546824974166147_9083406544414908987_n.jpg 516w, https:\/\/elmetropolitano.com.gt\/es\/wp-content\/uploads\/2023\/01\/324505301_546824974166147_9083406544414908987_n-211x300.jpg 211w\" sizes=\"auto, (max-width: 516px) 100vw, 516px\" \/><\/figure>\n\n\n\n<figure class=\"wp-block-image size-large\"><img loading=\"lazy\" decoding=\"async\" width=\"868\" height=\"377\" data-id=\"59542\" src=\"https:\/\/elmetropolitano.com.gt\/es\/wp-content\/uploads\/2023\/01\/324553216_892661688534742_8713799628058155349_n.jpg\" alt=\"\" class=\"wp-image-59542\" srcset=\"https:\/\/elmetropolitano.com.gt\/es\/wp-content\/uploads\/2023\/01\/324553216_892661688534742_8713799628058155349_n.jpg 868w, https:\/\/elmetropolitano.com.gt\/es\/wp-content\/uploads\/2023\/01\/324553216_892661688534742_8713799628058155349_n-300x130.jpg 300w, https:\/\/elmetropolitano.com.gt\/es\/wp-content\/uploads\/2023\/01\/324553216_892661688534742_8713799628058155349_n-768x334.jpg 768w, https:\/\/elmetropolitano.com.gt\/es\/wp-content\/uploads\/2023\/01\/324553216_892661688534742_8713799628058155349_n-600x261.jpg 600w\" sizes=\"auto, (max-width: 868px) 100vw, 868px\" \/><\/figure>\n<\/figure>\n\n\n\n<figure class=\"wp-block-gallery has-nested-images columns-default is-cropped wp-block-gallery-2 is-layout-flex wp-block-gallery-is-layout-flex\">\n<figure class=\"wp-block-image size-large\"><img loading=\"lazy\" decoding=\"async\" width=\"854\" height=\"513\" data-id=\"59543\" src=\"https:\/\/elmetropolitano.com.gt\/es\/wp-content\/uploads\/2023\/01\/324093641_860443981855246_4355349463737537728_n-1.jpg\" alt=\"\" class=\"wp-image-59543\" srcset=\"https:\/\/elmetropolitano.com.gt\/es\/wp-content\/uploads\/2023\/01\/324093641_860443981855246_4355349463737537728_n-1.jpg 854w, https:\/\/elmetropolitano.com.gt\/es\/wp-content\/uploads\/2023\/01\/324093641_860443981855246_4355349463737537728_n-1-300x180.jpg 300w, https:\/\/elmetropolitano.com.gt\/es\/wp-content\/uploads\/2023\/01\/324093641_860443981855246_4355349463737537728_n-1-768x461.jpg 768w, https:\/\/elmetropolitano.com.gt\/es\/wp-content\/uploads\/2023\/01\/324093641_860443981855246_4355349463737537728_n-1-600x360.jpg 600w\" sizes=\"auto, (max-width: 854px) 100vw, 854px\" \/><\/figure>\n<\/figure>\n","protected":false},"excerpt":{"rendered":"<p>En un operativo de la Subdirecci\u00f3n General de An\u00e1lisis de Informaci\u00f3n Antinarc\u00f3tica (SGAIA), de la Polic\u00eda Nacional Civil (PNC), se report\u00f3 la detenci\u00f3n del segundo extraditable a Estados Unidos de 2023, por temas relacionados con el narcotr\u00e1fico. Polic\u00edas antinarc\u00f3ticos han capturado este domingo en el kil\u00f3metro 293 ruta de R\u00edo Dulce a Pet\u00e9n, a un <a class=\"read-more\" href=\"https:\/\/elmetropolitano.com.gt\/es\/se-captura-a-segundo-extraditable-por-narcotrafico\/\">Leer m\u00e1s<\/a><\/p>\n","protected":false},"author":1,"featured_media":59539,"comment_status":"open","ping_status":"closed","sticky":false,"template":"","format":"standard","meta":{"footnotes":""},"categories":[89],"tags":[88],"class_list":["post-59538","post","type-post","status-publish","format-standard","has-post-thumbnail","hentry","category-metrosucesos","tag-metrosucesos"],"_links":{"self":[{"href":"https:\/\/elmetropolitano.com.gt\/es\/wp-json\/wp\/v2\/posts\/59538","targetHints":{"allow":["GET"]}}],"collection":[{"href":"https:\/\/elmetropolitano.com.gt\/es\/wp-json\/wp\/v2\/posts"}],"about":[{"href":"https:\/\/elmetropolitano.com.gt\/es\/wp-json\/wp\/v2\/types\/post"}],"author":[{"embeddable":true,"href":"https:\/\/elmetropolitano.com.gt\/es\/wp-json\/wp\/v2\/users\/1"}],"replies":[{"embeddable":true,"href":"https:\/\/elmetropolitano.com.gt\/es\/wp-json\/wp\/v2\/comments?post=59538"}],"version-history":[{"count":1,"href":"https:\/\/elmetropolitano.com.gt\/es\/wp-json\/wp\/v2\/posts\/59538\/revisions"}],"predecessor-version":[{"id":59544,"href":"https:\/\/elmetropolitano.com.gt\/es\/wp-json\/wp\/v2\/posts\/59538\/revisions\/59544"}],"wp:featuredmedia":[{"embeddable":true,"href":"https:\/\/elmetropolitano.com.gt\/es\/wp-json\/wp\/v2\/media\/59539"}],"wp:attachment":[{"href":"https:\/\/elmetropolitano.com.gt\/es\/wp-json\/wp\/v2\/media?parent=59538"}],"wp:term":[{"taxonomy":"category","embeddable":true,"href":"https:\/\/elmetropolitano.com.gt\/es\/wp-json\/wp\/v2\/categories?post=59538"},{"taxonomy":"post_tag","embeddable":true,"href":"https:\/\/elmetropolitano.com.gt\/es\/wp-json\/wp\/v2\/tags?post=59538"}],"curies":[{"name":"wp","href":"https:\/\/api.w.org\/{rel}","templated":true}]}}