{"id":59554,"date":"2023-01-10T09:43:21","date_gmt":"2023-01-10T15:43:21","guid":{"rendered":"https:\/\/elmetropolitano.com.gt\/es\/?p=59554"},"modified":"2023-01-10T09:43:23","modified_gmt":"2023-01-10T15:43:23","slug":"cinco-embajadores-presentan-cartas-credenciales-ante-el-presidente-giammattei","status":"publish","type":"post","link":"https:\/\/elmetropolitano.com.gt\/es\/cinco-embajadores-presentan-cartas-credenciales-ante-el-presidente-giammattei\/","title":{"rendered":"Cinco embajadores presentan cartas credenciales ante el presidente Giammattei"},"content":{"rendered":"\n<p>Un grupo de cinco diplom\u00e1ticos presentaron sus cartas credenciales ante el presidente Alejandro Giammattei, quien estuvo acompa\u00f1ado del canciller Mario B\u00facaro, con lo cual se oficializan como embajadores designados en Guatemala.<\/p>\n\n\n\n<p>Bajo <a><\/a>el eje de Relaciones con el Mundo, de la Pol\u00edtica General de Gobierno 2020-2024, el mandatario sostuvo una reuni\u00f3n con cada uno de los nuevos embajadores para abordar estrategias que permitan el fortalecimiento de las relaciones bilaterales.<\/p><div class=\"elmet-contenido\" id=\"elmet-543339473\"><div class=\"elmet-adlabel\">Anuncios<\/div><div style=\"margin-top: 20px;margin-right: 20px;margin-bottom: 20px;margin-left: 20px;\" id=\"elmet-3802224936\"><a href=\"https:\/\/www.facebook.com\/arrincuanantigua\/\" aria-label=\"cintillo-arrin-cual\"><img loading=\"lazy\" decoding=\"async\" src=\"https:\/\/elmetropolitano.com.gt\/es\/wp-content\/uploads\/2021\/11\/cintillo-arrin-cual-1.jpg\" alt=\"\"  srcset=\"https:\/\/elmetropolitano.com.gt\/es\/wp-content\/uploads\/2021\/11\/cintillo-arrin-cual-1.jpg 750w, https:\/\/elmetropolitano.com.gt\/es\/wp-content\/uploads\/2021\/11\/cintillo-arrin-cual-1-300x36.jpg 300w, https:\/\/elmetropolitano.com.gt\/es\/wp-content\/uploads\/2021\/11\/cintillo-arrin-cual-1-600x72.jpg 600w\" sizes=\"(max-width: 750px) 100vw, 750px\" width=\"750\" height=\"90\"   \/><\/a><\/div><\/div>\n\n\n\n<p>Los nuevos funcionarios y el pa\u00eds al que representan son:<\/p>\n\n\n\n<p>-Luis Iv\u00e1n Briones, de Nicaragua<\/p>\n\n\n\n<p>-Victoria Gonz\u00e1lez Ariaza, de Colombia<\/p>\n\n\n\n<p>-Jaime Pache Soto, de Uruguay<\/p>\n\n\n\n<p>-Ly Di\u00e9rou Robert, de Costa de Marfil<\/p>\n\n\n\n<p>-Ian Walcott, de Barbados<\/p>\n\n\n\n<p>Fortalecimiento de las relaciones<\/p>\n\n\n\n<p>Los embajadores agradecieron al presidente Giammattei y le expresaron su compromiso de trabajar por el desarrollo de la naci\u00f3n que cada uno representa.<\/p>\n\n\n\n<p>Durante la actividad, el primero en presentar sus cartas credenciales fue el embajador de Nicaragua, Luis Briones. \u00c9l mencion\u00f3 que entre sus estrategias de trabajo est\u00e1 progresar y cooperar para mantener la excelente relaci\u00f3n entre ambos pa\u00edses. Asimismo, entre los planes de abordaje est\u00e1n los de diplomacia cultural. Con ello, se pretende resaltar la riqueza cultural de las dos naciones para potenciar las acciones de difusi\u00f3n internacional.<\/p>\n\n\n\n<p>Con el presidente Giammattei siempre hemos tenido una relaci\u00f3n excelente y de mucho respeto y cordialidad. Ambos pa\u00edses buscamos la integraci\u00f3n y unidad de Centroam\u00e9rica. Para m\u00ed es un gran privilegio y orgullo representar ante un pa\u00eds tan lindo y trabajador como Guatemala, la tierra de Sandino y la patria de Rub\u00e9n Dar\u00edo, detall\u00f3.<\/p>\n\n\n\n<p>Por su parte, el nuevo embajador de Uruguay ante Guatemala, Jaime Pache Soto, recalc\u00f3 que en marzo se celebrar\u00e1n 115 a\u00f1os de las relaciones diplom\u00e1ticas entre ambos pa\u00edses. Ante esto, se programar\u00e1n diversas actividades con el fin de conmemorar las acciones que se han ejecutado para el desarrollo de las naciones.<\/p>\n\n\n\n<p>Desarrollo bilateral<\/p>\n\n\n\n<p>En cuanto al nuevo representante de Costa de Marfil en Guatemala, Ly Dj\u00e9rou Robert, mencion\u00f3 que fortalecer las relaciones bilaterales es un reto que se planea ejecutar de la mano de las autoridades de Guatemala.<\/p>\n\n\n\n<p>Para m\u00ed es un reto ver c\u00f3mo fortalecer los lazos de amistad y cooperaci\u00f3n entre ambos pa\u00edses a nivel pol\u00edtico, econ\u00f3mico, comercial y cultural, indic\u00f3.<\/p>\n\n\n\n<p>Asimismo, detall\u00f3 que su pa\u00eds busca compartir experiencias con el pueblo guatemalteco y generar nuevas oportunidades para la inversi\u00f3n.<\/p>\n\n\n\n<p>Por \u00faltimo, el embajador Ian Walcott de Barbados, detall\u00f3 que durante la pl\u00e1tica que sostuvo con el presidente Giammattei hablaron temas importantes para el crecimiento de los pa\u00edses. Hicieron \u00e9nfasis en cuanto al cambio clim\u00e1tico, el cual es un tema de relevancia para ambas naciones que han sido afectadas por fen\u00f3menos naturales.<\/p>\n\n\n\n<p>Para m\u00ed es muy importante, para mi pa\u00eds es muy importante. Es la primera vez que estamos en Centroam\u00e9rica. Es un acercamiento muy importante para el Caribe, mencion\u00f3.<\/p>\n\n\n\n<p>Con estas acciones se da cumplimiento al plan del Gobierno central de fortalecer las relaciones internacionales de Guatemala, para incrementar el turismo e inversi\u00f3n, as\u00ed como abordar la atenci\u00f3n a migrantes.<\/p>\n\n\n\n<p><a href=\"https:\/\/www.facebook.com\/hashtag\/diplomaticosgt?__eep__=6&amp;__cft__[0]=AZXTvpLxelY-KTUQpz0Rjs5n29NnlSn5NViYt-5w5esweztLI8D21vxNu_cuAPtZTcCHL3kJz6-L-C1YMrZW3ZExwIfwzpngXAY81JKVB4Vo2SygJHznyFNA7zG3_ECVPejEeb00zryMXGcW-kSxgWQwUurfBlVzHArXEOqeTaXwNiBUA6vuKf_0qwyGzW12umk&amp;__tn__=*NK-R\">#DiplomaticosGT<\/a><a href=\"https:\/\/www.facebook.com\/hashtag\/metroredes?__eep__=6&amp;__cft__[0]=AZXTvpLxelY-KTUQpz0Rjs5n29NnlSn5NViYt-5w5esweztLI8D21vxNu_cuAPtZTcCHL3kJz6-L-C1YMrZW3ZExwIfwzpngXAY81JKVB4Vo2SygJHznyFNA7zG3_ECVPejEeb00zryMXGcW-kSxgWQwUurfBlVzHArXEOqeTaXwNiBUA6vuKf_0qwyGzW12umk&amp;__tn__=*NK-R\">#metroredes<\/a><\/p>\n\n\n\n<figure class=\"wp-block-gallery has-nested-images columns-default is-cropped wp-block-gallery-1 is-layout-flex wp-block-gallery-is-layout-flex\">\n<figure class=\"wp-block-image size-large\"><img loading=\"lazy\" decoding=\"async\" width=\"1024\" height=\"682\" data-id=\"59556\" src=\"https:\/\/elmetropolitano.com.gt\/es\/wp-content\/uploads\/2023\/01\/322554064_2986847838128597_4850563898372938756_n-1024x682.jpg\" alt=\"\" class=\"wp-image-59556\" srcset=\"https:\/\/elmetropolitano.com.gt\/es\/wp-content\/uploads\/2023\/01\/322554064_2986847838128597_4850563898372938756_n-1024x682.jpg 1024w, https:\/\/elmetropolitano.com.gt\/es\/wp-content\/uploads\/2023\/01\/322554064_2986847838128597_4850563898372938756_n-300x200.jpg 300w, https:\/\/elmetropolitano.com.gt\/es\/wp-content\/uploads\/2023\/01\/322554064_2986847838128597_4850563898372938756_n-768x512.jpg 768w, https:\/\/elmetropolitano.com.gt\/es\/wp-content\/uploads\/2023\/01\/322554064_2986847838128597_4850563898372938756_n-600x400.jpg 600w, https:\/\/elmetropolitano.com.gt\/es\/wp-content\/uploads\/2023\/01\/322554064_2986847838128597_4850563898372938756_n.jpg 1280w\" sizes=\"auto, (max-width: 1024px) 100vw, 1024px\" \/><\/figure>\n\n\n\n<figure class=\"wp-block-image size-large\"><img loading=\"lazy\" decoding=\"async\" width=\"1024\" height=\"682\" data-id=\"59557\" src=\"https:\/\/elmetropolitano.com.gt\/es\/wp-content\/uploads\/2023\/01\/323894751_721191999298074_2551759453965548298_n-1024x682.jpg\" alt=\"\" class=\"wp-image-59557\" srcset=\"https:\/\/elmetropolitano.com.gt\/es\/wp-content\/uploads\/2023\/01\/323894751_721191999298074_2551759453965548298_n-1024x682.jpg 1024w, https:\/\/elmetropolitano.com.gt\/es\/wp-content\/uploads\/2023\/01\/323894751_721191999298074_2551759453965548298_n-300x200.jpg 300w, https:\/\/elmetropolitano.com.gt\/es\/wp-content\/uploads\/2023\/01\/323894751_721191999298074_2551759453965548298_n-768x512.jpg 768w, https:\/\/elmetropolitano.com.gt\/es\/wp-content\/uploads\/2023\/01\/323894751_721191999298074_2551759453965548298_n-600x400.jpg 600w, https:\/\/elmetropolitano.com.gt\/es\/wp-content\/uploads\/2023\/01\/323894751_721191999298074_2551759453965548298_n.jpg 1280w\" sizes=\"auto, (max-width: 1024px) 100vw, 1024px\" \/><\/figure>\n\n\n\n<figure class=\"wp-block-image size-large\"><img loading=\"lazy\" decoding=\"async\" width=\"750\" height=\"375\" data-id=\"59558\" src=\"https:\/\/elmetropolitano.com.gt\/es\/wp-content\/uploads\/2023\/01\/324556275_881926432951416_3770781369507125448_n.jpg\" alt=\"\" class=\"wp-image-59558\" srcset=\"https:\/\/elmetropolitano.com.gt\/es\/wp-content\/uploads\/2023\/01\/324556275_881926432951416_3770781369507125448_n.jpg 750w, https:\/\/elmetropolitano.com.gt\/es\/wp-content\/uploads\/2023\/01\/324556275_881926432951416_3770781369507125448_n-300x150.jpg 300w, https:\/\/elmetropolitano.com.gt\/es\/wp-content\/uploads\/2023\/01\/324556275_881926432951416_3770781369507125448_n-600x300.jpg 600w\" sizes=\"auto, (max-width: 750px) 100vw, 750px\" \/><\/figure>\n<\/figure>\n","protected":false},"excerpt":{"rendered":"<p>Un grupo de cinco diplom\u00e1ticos presentaron sus cartas credenciales ante el presidente Alejandro Giammattei, quien estuvo acompa\u00f1ado del canciller Mario B\u00facaro, con lo cual se oficializan como embajadores designados en Guatemala. Bajo el eje de Relaciones con el Mundo, de la Pol\u00edtica General de Gobierno 2020-2024, el mandatario sostuvo una reuni\u00f3n con cada uno de <a class=\"read-more\" href=\"https:\/\/elmetropolitano.com.gt\/es\/cinco-embajadores-presentan-cartas-credenciales-ante-el-presidente-giammattei\/\">Leer m\u00e1s<\/a><\/p>\n","protected":false},"author":1,"featured_media":59555,"comment_status":"open","ping_status":"closed","sticky":false,"template":"","format":"standard","meta":{"footnotes":""},"categories":[2],"tags":[12],"class_list":["post-59554","post","type-post","status-publish","format-standard","has-post-thumbnail","hentry","category-nacionales","tag-nacionales"],"_links":{"self":[{"href":"https:\/\/elmetropolitano.com.gt\/es\/wp-json\/wp\/v2\/posts\/59554","targetHints":{"allow":["GET"]}}],"collection":[{"href":"https:\/\/elmetropolitano.com.gt\/es\/wp-json\/wp\/v2\/posts"}],"about":[{"href":"https:\/\/elmetropolitano.com.gt\/es\/wp-json\/wp\/v2\/types\/post"}],"author":[{"embeddable":true,"href":"https:\/\/elmetropolitano.com.gt\/es\/wp-json\/wp\/v2\/users\/1"}],"replies":[{"embeddable":true,"href":"https:\/\/elmetropolitano.com.gt\/es\/wp-json\/wp\/v2\/comments?post=59554"}],"version-history":[{"count":1,"href":"https:\/\/elmetropolitano.com.gt\/es\/wp-json\/wp\/v2\/posts\/59554\/revisions"}],"predecessor-version":[{"id":59559,"href":"https:\/\/elmetropolitano.com.gt\/es\/wp-json\/wp\/v2\/posts\/59554\/revisions\/59559"}],"wp:featuredmedia":[{"embeddable":true,"href":"https:\/\/elmetropolitano.com.gt\/es\/wp-json\/wp\/v2\/media\/59555"}],"wp:attachment":[{"href":"https:\/\/elmetropolitano.com.gt\/es\/wp-json\/wp\/v2\/media?parent=59554"}],"wp:term":[{"taxonomy":"category","embeddable":true,"href":"https:\/\/elmetropolitano.com.gt\/es\/wp-json\/wp\/v2\/categories?post=59554"},{"taxonomy":"post_tag","embeddable":true,"href":"https:\/\/elmetropolitano.com.gt\/es\/wp-json\/wp\/v2\/tags?post=59554"}],"curies":[{"name":"wp","href":"https:\/\/api.w.org\/{rel}","templated":true}]}}