{"id":59561,"date":"2023-01-10T09:56:46","date_gmt":"2023-01-10T15:56:46","guid":{"rendered":"https:\/\/elmetropolitano.com.gt\/es\/?p=59561"},"modified":"2023-01-10T09:56:48","modified_gmt":"2023-01-10T15:56:48","slug":"esquipulas-fortalece-seguridad-para-recibir-a-miles-de-peregrinos","status":"publish","type":"post","link":"https:\/\/elmetropolitano.com.gt\/es\/esquipulas-fortalece-seguridad-para-recibir-a-miles-de-peregrinos\/","title":{"rendered":"Esquipulas fortalece seguridad para recibir a miles de peregrinos"},"content":{"rendered":"\n<p>El Ministerio de Gobernaci\u00f3n (Mingob), por medio de la Polic\u00eda Nacional Civil (PNC), presta seguridad en la feria de Esquipulas, la cual se celebra en honor al Cristo Negro.<\/p>\n\n\n\n<p><a><\/a>Seg\u00fan el jefe de la Comisar\u00eda 23, Julio L\u00f3pez, los efectivos est\u00e1n preparados para resguardar a los vecinos y visitantes al municipio chiquimulteco, mediante el plan de seguridad 01-2023.<\/p><div class=\"elmet-contenido\" id=\"elmet-836949161\"><div class=\"elmet-adlabel\">Anuncios<\/div><div style=\"margin-top: 20px;margin-right: 20px;margin-bottom: 20px;margin-left: 20px;\" id=\"elmet-2094605050\"><a href=\"https:\/\/www.facebook.com\/arrincuanantigua\/\" aria-label=\"cintillo-arrin-cual\"><img loading=\"lazy\" decoding=\"async\" src=\"https:\/\/elmetropolitano.com.gt\/es\/wp-content\/uploads\/2021\/11\/cintillo-arrin-cual-1.jpg\" alt=\"\"  srcset=\"https:\/\/elmetropolitano.com.gt\/es\/wp-content\/uploads\/2021\/11\/cintillo-arrin-cual-1.jpg 750w, https:\/\/elmetropolitano.com.gt\/es\/wp-content\/uploads\/2021\/11\/cintillo-arrin-cual-1-300x36.jpg 300w, https:\/\/elmetropolitano.com.gt\/es\/wp-content\/uploads\/2021\/11\/cintillo-arrin-cual-1-600x72.jpg 600w\" sizes=\"(max-width: 750px) 100vw, 750px\" width=\"750\" height=\"90\"   \/><\/a><\/div><\/div>\n\n\n\n<p>El entrevistado record\u00f3 que desde d\u00edas previos al 15 de enero, cuando se conmemora a la citada imagen, se incrementa la afluencia de turistas nacionales y extranjeros. En ese marco, se ha ordenado un alza en las medidas para prevenir y combatir la delincuencia.<\/p>\n\n\n\n<p>Tenemos 100 elementos para prestar la seguridad necesaria en Esquipulas, incluidos los lugares tur\u00edsticos, ya que bastantes peregrinos vienen de visita, expres\u00f3.<\/p>\n\n\n\n<p>A decir del comisario, adem\u00e1s de los recorridos a pie en puntos estrat\u00e9gicos, se ejecutan patrullajes motorizados, para lo cual se cuenta con 12 veh\u00edculos. Asimismo, se desplazan equipos en 5 autopatrullas.<\/p>\n\n\n\n<p>Otro de los ejes en los cuales se trabaja es en la asistencia a los visitantes de diferentes departamentos o pa\u00edses. Las medidas contempladas en esta materia est\u00e1n a cargo de efectivos de la Divisi\u00f3n de Seguridad Tur\u00edstica (Disetur).<\/p>\n\n\n\n<p>L\u00f3pez manifest\u00f3 que el personal se encuentra en apresto para atender cualquier llamada de emergencia y as\u00ed brindar un apoyo integral.<\/p>\n\n\n\n<p>Acerca del plan<\/p>\n\n\n\n<p>El plan de seguridad creado para la feria de Esquipulas comenz\u00f3 el domingo y finalizar\u00e1 el pr\u00f3ximo lunes, con la misma cantidad de elementos que autoriz\u00f3 la jefatura de distrito de la PNC.<\/p>\n\n\n\n<p>Los uniformados que han sido desplegados pertenecen al n\u00facleo de reserva de la Comisar\u00eda 23, as\u00ed como a las sedes policiales de Zacapa y Jutiapa.<\/p>\n\n\n\n<p>El gobernador Ferlandy C\u00e1ceres resalt\u00f3 la importancia de estas medidas para resguardar la vida y patrimonio de quienes llegan a Esquipulas para venerar al milagroso Cristo Negro.<\/p>\n\n\n\n<p>A\u00f1adi\u00f3 que las estrategias establecidas desde el Mingob beneficiar\u00e1n a locales, comerciantes, turistas y peregrinos. Tambi\u00e9n hizo ver que se han emitido las recomendaciones correspondientes para prevenir contagios por COVID-19.<\/p>\n\n\n\n<p>Esta es una de las actividades religiosas que se retoman despu\u00e9s de dos a\u00f1os, pues estuvo suspendida durante el per\u00edodo m\u00e1s cr\u00edtico de la pandemia para proteger la salud de la poblaci\u00f3n.<\/p>\n\n\n\n<p>Texto: Karla Peralta<\/p>\n\n\n\n<p><a href=\"https:\/\/www.facebook.com\/hashtag\/metroredes?__eep__=6&amp;__cft__[0]=AZWxpoefZtq7mHtEv78t4AeeZtHXRbQUNoyZnlE3AtpfPSsf0Jx4ANUyFoUV_YA9Ly57_nxoPoopbwBYyWmBcQ6wLuXdVOsTy_2wyR1gHufx_Wt8JNMxpc5dlygVROuwex7LEy5fWZ00CGBvwLHuS4kObqfjPCwS_fS5zYrBDM5THzcsEQaJOcXWDVi2BSorC_4&amp;__tn__=*NK-R\">#metroredes<\/a><a href=\"https:\/\/www.facebook.com\/hashtag\/esquipulas?__eep__=6&amp;__cft__[0]=AZWxpoefZtq7mHtEv78t4AeeZtHXRbQUNoyZnlE3AtpfPSsf0Jx4ANUyFoUV_YA9Ly57_nxoPoopbwBYyWmBcQ6wLuXdVOsTy_2wyR1gHufx_Wt8JNMxpc5dlygVROuwex7LEy5fWZ00CGBvwLHuS4kObqfjPCwS_fS5zYrBDM5THzcsEQaJOcXWDVi2BSorC_4&amp;__tn__=*NK-R\">#Esquipulas<\/a><\/p>\n\n\n\n<figure class=\"wp-block-gallery has-nested-images columns-default is-cropped wp-block-gallery-1 is-layout-flex wp-block-gallery-is-layout-flex\">\n<figure class=\"wp-block-image size-large\"><img loading=\"lazy\" decoding=\"async\" width=\"995\" height=\"515\" data-id=\"59563\" src=\"https:\/\/elmetropolitano.com.gt\/es\/wp-content\/uploads\/2023\/01\/322719052_1649246742200741_2263421781517633044_n.jpg\" alt=\"\" class=\"wp-image-59563\" srcset=\"https:\/\/elmetropolitano.com.gt\/es\/wp-content\/uploads\/2023\/01\/322719052_1649246742200741_2263421781517633044_n.jpg 995w, https:\/\/elmetropolitano.com.gt\/es\/wp-content\/uploads\/2023\/01\/322719052_1649246742200741_2263421781517633044_n-300x155.jpg 300w, https:\/\/elmetropolitano.com.gt\/es\/wp-content\/uploads\/2023\/01\/322719052_1649246742200741_2263421781517633044_n-768x398.jpg 768w, https:\/\/elmetropolitano.com.gt\/es\/wp-content\/uploads\/2023\/01\/322719052_1649246742200741_2263421781517633044_n-600x311.jpg 600w\" sizes=\"auto, (max-width: 995px) 100vw, 995px\" \/><\/figure>\n\n\n\n<figure class=\"wp-block-image size-large\"><img loading=\"lazy\" decoding=\"async\" width=\"183\" height=\"276\" data-id=\"59564\" src=\"https:\/\/elmetropolitano.com.gt\/es\/wp-content\/uploads\/2023\/01\/324848635_1597220087375116_7332546533038893676_n.jpg\" alt=\"\" class=\"wp-image-59564\"\/><\/figure>\n<\/figure>\n","protected":false},"excerpt":{"rendered":"<p>El Ministerio de Gobernaci\u00f3n (Mingob), por medio de la Polic\u00eda Nacional Civil (PNC), presta seguridad en la feria de Esquipulas, la cual se celebra en honor al Cristo Negro. Seg\u00fan el jefe de la Comisar\u00eda 23, Julio L\u00f3pez, los efectivos est\u00e1n preparados para resguardar a los vecinos y visitantes al municipio chiquimulteco, mediante el plan <a class=\"read-more\" href=\"https:\/\/elmetropolitano.com.gt\/es\/esquipulas-fortalece-seguridad-para-recibir-a-miles-de-peregrinos\/\">Leer m\u00e1s<\/a><\/p>\n","protected":false},"author":1,"featured_media":59562,"comment_status":"open","ping_status":"closed","sticky":false,"template":"","format":"standard","meta":{"footnotes":""},"categories":[4],"tags":[13],"class_list":["post-59561","post","type-post","status-publish","format-standard","has-post-thumbnail","hentry","category-departamentales","tag-departamentales"],"_links":{"self":[{"href":"https:\/\/elmetropolitano.com.gt\/es\/wp-json\/wp\/v2\/posts\/59561","targetHints":{"allow":["GET"]}}],"collection":[{"href":"https:\/\/elmetropolitano.com.gt\/es\/wp-json\/wp\/v2\/posts"}],"about":[{"href":"https:\/\/elmetropolitano.com.gt\/es\/wp-json\/wp\/v2\/types\/post"}],"author":[{"embeddable":true,"href":"https:\/\/elmetropolitano.com.gt\/es\/wp-json\/wp\/v2\/users\/1"}],"replies":[{"embeddable":true,"href":"https:\/\/elmetropolitano.com.gt\/es\/wp-json\/wp\/v2\/comments?post=59561"}],"version-history":[{"count":1,"href":"https:\/\/elmetropolitano.com.gt\/es\/wp-json\/wp\/v2\/posts\/59561\/revisions"}],"predecessor-version":[{"id":59565,"href":"https:\/\/elmetropolitano.com.gt\/es\/wp-json\/wp\/v2\/posts\/59561\/revisions\/59565"}],"wp:featuredmedia":[{"embeddable":true,"href":"https:\/\/elmetropolitano.com.gt\/es\/wp-json\/wp\/v2\/media\/59562"}],"wp:attachment":[{"href":"https:\/\/elmetropolitano.com.gt\/es\/wp-json\/wp\/v2\/media?parent=59561"}],"wp:term":[{"taxonomy":"category","embeddable":true,"href":"https:\/\/elmetropolitano.com.gt\/es\/wp-json\/wp\/v2\/categories?post=59561"},{"taxonomy":"post_tag","embeddable":true,"href":"https:\/\/elmetropolitano.com.gt\/es\/wp-json\/wp\/v2\/tags?post=59561"}],"curies":[{"name":"wp","href":"https:\/\/api.w.org\/{rel}","templated":true}]}}