{"id":59566,"date":"2023-01-10T09:58:31","date_gmt":"2023-01-10T15:58:31","guid":{"rendered":"https:\/\/elmetropolitano.com.gt\/es\/?p=59566"},"modified":"2023-01-10T09:58:32","modified_gmt":"2023-01-10T15:58:32","slug":"comparten-consejos-para-proteger-del-covid-19-a-estudiantes-en-su-regreso-a-clases","status":"publish","type":"post","link":"https:\/\/elmetropolitano.com.gt\/es\/comparten-consejos-para-proteger-del-covid-19-a-estudiantes-en-su-regreso-a-clases\/","title":{"rendered":"Comparten consejos para proteger del Covid-19 a estudiantes en su regreso a clases"},"content":{"rendered":"\n<p>El Instituto Guatemalteco de Seguridad Social (IGSS), en este regreso a clases 2023, recomienda a la poblaci\u00f3n protegerse de contagios de COVID-19.<\/p>\n\n\n\n<p>A los estudiantes se les recomienda mantener los protocolos de seguridad preventiva, ya que el virus contin\u00faa afectando al pa\u00eds, se\u00f1ala un comunicado de prensa.<\/p><div class=\"elmet-contenido\" id=\"elmet-291354781\"><div class=\"elmet-adlabel\">Anuncios<\/div><div style=\"margin-top: 20px;margin-right: 20px;margin-bottom: 20px;margin-left: 20px;\" id=\"elmet-2951156312\"><a href=\"https:\/\/www.facebook.com\/arrincuanantigua\/\" aria-label=\"cintillo-arrin-cual\"><img loading=\"lazy\" decoding=\"async\" src=\"https:\/\/elmetropolitano.com.gt\/es\/wp-content\/uploads\/2021\/11\/cintillo-arrin-cual-1.jpg\" alt=\"\"  srcset=\"https:\/\/elmetropolitano.com.gt\/es\/wp-content\/uploads\/2021\/11\/cintillo-arrin-cual-1.jpg 750w, https:\/\/elmetropolitano.com.gt\/es\/wp-content\/uploads\/2021\/11\/cintillo-arrin-cual-1-300x36.jpg 300w, https:\/\/elmetropolitano.com.gt\/es\/wp-content\/uploads\/2021\/11\/cintillo-arrin-cual-1-600x72.jpg 600w\" sizes=\"(max-width: 750px) 100vw, 750px\" width=\"750\" height=\"90\"   \/><\/a><\/div><\/div>\n\n\n\n<p>Las <a><\/a>autoridades de escuelas y colegios deben considerar los repuntes de la enfermedad y mantener la modalidad presencial y virtual. Tambi\u00e9n se debe priorizar los lugares con adecuada ventilaci\u00f3n y evitar el hacinamiento de estudiantes.<\/p>\n\n\n\n<p>Su trasmisi\u00f3n<\/p>\n\n\n\n<p>Los ni\u00f1os y los adolescentes en edad escolar pueden transmitir el COVID-19 desde la fase presintom\u00e1tica, es decir, cuando se incuba la infecci\u00f3n.<\/p>\n\n\n\n<p>La mayor\u00eda de los escolares pueden ser asintom\u00e1ticos y contagiar a los adultos, quienes tienen m\u00e1s riesgo de complicaciones, resalt\u00f3 Andr\u00e9s Mej\u00eda, m\u00e9dico especialista del IGSS.<\/p>\n\n\n\n<p>Por ello, es importante mantener las medidas de bioseguridad que difunden el IGSS y el Ministerio de Salud P\u00fablica y Asistencia Social (MSPAS).<\/p>\n\n\n\n<p>Recomendaciones<\/p>\n\n\n\n<p>Para este regreso a las aulas 2023, el IGSS recomienda:<\/p>\n\n\n\n<p>-usar la mascarilla en las aulas o lugares cerrados<\/p>\n\n\n\n<p>-mantener distanciamiento f\u00edsico<\/p>\n\n\n\n<p>-lavarse las manos con agua y jab\u00f3n<\/p>\n\n\n\n<p>-usar alcohol en gel<\/p>\n\n\n\n<p>-identificar oportunamente los s\u00edntomas del COVID-19<\/p>\n\n\n\n<p>de salir positivos, se debe guardar cuarentena<\/p>\n\n\n\n<p>-no automedicarse<\/p>\n\n\n\n<p>-Los alumnos que asistir\u00e1n a clases presenciales deben lavarse las manos, mantener el distanciamiento f\u00edsico y utilizar mascarilla en lugares cerrados.<\/p>\n\n\n\n<p>En el caso de los estudiantes que utilizar\u00e1n el servicio de bus escolar, las unidades deben ser desinfectadas antes y despu\u00e9s de ser abordadas, dijo el galeno.<\/p>\n\n\n\n<p>La medida<\/p>\n\n\n\n<p>La Organizaci\u00f3n Panamericana de la Salud (OPS) detall\u00f3 que antes del ciclo escolar los pa\u00edses deben garantizar que las escuelas mantengan las medidas de prevenci\u00f3n y control del COVID-19.<\/p>\n\n\n\n<p>Entre los principales s\u00edntomas de este rebrote del virus, que est\u00e1 afectando al pa\u00eds, est\u00e1n el cansancio extremo, fiebre, tos, dolor de cabeza, dolor muscular, sensaci\u00f3n de falta de aire, p\u00e9rdida de olfato, afon\u00eda y en el caso de los ni\u00f1os, irritabilidad o disminuci\u00f3n del apetito, precis\u00f3 Mej\u00eda.<\/p>\n\n\n\n<p>Inicio del ciclo escolar<\/p>\n\n\n\n<p>Seg\u00fan el Ministerio de Educaci\u00f3n, el ciclo lectivo 2023 en el sector p\u00fablico iniciar\u00e1 el 15 de febrero cuando se abran las puertas de todos los establecimientos educativos.<\/p>\n\n\n\n<p>Del 15 de febrero al 31 de mayo, adem\u00e1s, se dar\u00e1 continuidad a la inscripci\u00f3n de estudiantes en el Sistema de Registros Educativos y se seguir\u00e1 con la actualizaci\u00f3n de datos.<\/p>\n\n\n\n<p>Tambi\u00e9n se afirm\u00f3 que el primer d\u00eda de clases para todos los niveles de este sector ser\u00e1 el lunes 20 de febrero<\/p>\n\n\n\n<p>Texto: Brenda Larios<\/p>\n\n\n\n<p><a href=\"https:\/\/www.facebook.com\/hashtag\/metroresdes?__eep__=6&amp;__cft__[0]=AZVyEzf6iiE9aj4MQk0olIBQptSRtQN6wbuf86v4_MNjvPi1S9FpKPsAapadmkYGiHg2COJF4btQkBqhvcstCks_Q8KL6tY2hNTs2FpDGLGfVPxIGv1gO1uPVm-olY4wkbBHIrNmTLHsgyYeLqm6HhS4ECynq3X9gu-XJ03ASizgy9jT4pK88XuYwKpZr-GK07o&amp;__tn__=*NK-R\">#metroresdes<\/a><a href=\"https:\/\/www.facebook.com\/hashtag\/covid19?__eep__=6&amp;__cft__[0]=AZVyEzf6iiE9aj4MQk0olIBQptSRtQN6wbuf86v4_MNjvPi1S9FpKPsAapadmkYGiHg2COJF4btQkBqhvcstCks_Q8KL6tY2hNTs2FpDGLGfVPxIGv1gO1uPVm-olY4wkbBHIrNmTLHsgyYeLqm6HhS4ECynq3X9gu-XJ03ASizgy9jT4pK88XuYwKpZr-GK07o&amp;__tn__=*NK-R\">#Covid19<\/a><a href=\"https:\/\/www.facebook.com\/hashtag\/agn?__eep__=6&amp;__cft__[0]=AZVyEzf6iiE9aj4MQk0olIBQptSRtQN6wbuf86v4_MNjvPi1S9FpKPsAapadmkYGiHg2COJF4btQkBqhvcstCks_Q8KL6tY2hNTs2FpDGLGfVPxIGv1gO1uPVm-olY4wkbBHIrNmTLHsgyYeLqm6HhS4ECynq3X9gu-XJ03ASizgy9jT4pK88XuYwKpZr-GK07o&amp;__tn__=*NK-R\">#Agn<\/a><\/p>\n\n\n\n<figure class=\"wp-block-gallery has-nested-images columns-default is-cropped wp-block-gallery-1 is-layout-flex wp-block-gallery-is-layout-flex\">\n<figure class=\"wp-block-image size-large\"><img loading=\"lazy\" decoding=\"async\" width=\"750\" height=\"375\" data-id=\"59568\" src=\"https:\/\/elmetropolitano.com.gt\/es\/wp-content\/uploads\/2023\/01\/324723810_2346189572222563_3092299970302718550_n.jpg\" alt=\"\" class=\"wp-image-59568\" srcset=\"https:\/\/elmetropolitano.com.gt\/es\/wp-content\/uploads\/2023\/01\/324723810_2346189572222563_3092299970302718550_n.jpg 750w, https:\/\/elmetropolitano.com.gt\/es\/wp-content\/uploads\/2023\/01\/324723810_2346189572222563_3092299970302718550_n-300x150.jpg 300w, https:\/\/elmetropolitano.com.gt\/es\/wp-content\/uploads\/2023\/01\/324723810_2346189572222563_3092299970302718550_n-600x300.jpg 600w\" sizes=\"auto, (max-width: 750px) 100vw, 750px\" \/><\/figure>\n\n\n\n<figure class=\"wp-block-image size-large\"><img loading=\"lazy\" decoding=\"async\" width=\"679\" height=\"452\" data-id=\"59569\" src=\"https:\/\/elmetropolitano.com.gt\/es\/wp-content\/uploads\/2023\/01\/324875626_859099238656151_7967228936104099514_n.jpg\" alt=\"\" class=\"wp-image-59569\" srcset=\"https:\/\/elmetropolitano.com.gt\/es\/wp-content\/uploads\/2023\/01\/324875626_859099238656151_7967228936104099514_n.jpg 679w, https:\/\/elmetropolitano.com.gt\/es\/wp-content\/uploads\/2023\/01\/324875626_859099238656151_7967228936104099514_n-300x200.jpg 300w, https:\/\/elmetropolitano.com.gt\/es\/wp-content\/uploads\/2023\/01\/324875626_859099238656151_7967228936104099514_n-600x399.jpg 600w\" sizes=\"auto, (max-width: 679px) 100vw, 679px\" \/><\/figure>\n<\/figure>\n","protected":false},"excerpt":{"rendered":"<p>El Instituto Guatemalteco de Seguridad Social (IGSS), en este regreso a clases 2023, recomienda a la poblaci\u00f3n protegerse de contagios de COVID-19. A los estudiantes se les recomienda mantener los protocolos de seguridad preventiva, ya que el virus contin\u00faa afectando al pa\u00eds, se\u00f1ala un comunicado de prensa. Las autoridades de escuelas y colegios deben considerar <a class=\"read-more\" href=\"https:\/\/elmetropolitano.com.gt\/es\/comparten-consejos-para-proteger-del-covid-19-a-estudiantes-en-su-regreso-a-clases\/\">Leer m\u00e1s<\/a><\/p>\n","protected":false},"author":1,"featured_media":59567,"comment_status":"open","ping_status":"closed","sticky":false,"template":"","format":"standard","meta":{"footnotes":""},"categories":[2],"tags":[12],"class_list":["post-59566","post","type-post","status-publish","format-standard","has-post-thumbnail","hentry","category-nacionales","tag-nacionales"],"_links":{"self":[{"href":"https:\/\/elmetropolitano.com.gt\/es\/wp-json\/wp\/v2\/posts\/59566","targetHints":{"allow":["GET"]}}],"collection":[{"href":"https:\/\/elmetropolitano.com.gt\/es\/wp-json\/wp\/v2\/posts"}],"about":[{"href":"https:\/\/elmetropolitano.com.gt\/es\/wp-json\/wp\/v2\/types\/post"}],"author":[{"embeddable":true,"href":"https:\/\/elmetropolitano.com.gt\/es\/wp-json\/wp\/v2\/users\/1"}],"replies":[{"embeddable":true,"href":"https:\/\/elmetropolitano.com.gt\/es\/wp-json\/wp\/v2\/comments?post=59566"}],"version-history":[{"count":1,"href":"https:\/\/elmetropolitano.com.gt\/es\/wp-json\/wp\/v2\/posts\/59566\/revisions"}],"predecessor-version":[{"id":59570,"href":"https:\/\/elmetropolitano.com.gt\/es\/wp-json\/wp\/v2\/posts\/59566\/revisions\/59570"}],"wp:featuredmedia":[{"embeddable":true,"href":"https:\/\/elmetropolitano.com.gt\/es\/wp-json\/wp\/v2\/media\/59567"}],"wp:attachment":[{"href":"https:\/\/elmetropolitano.com.gt\/es\/wp-json\/wp\/v2\/media?parent=59566"}],"wp:term":[{"taxonomy":"category","embeddable":true,"href":"https:\/\/elmetropolitano.com.gt\/es\/wp-json\/wp\/v2\/categories?post=59566"},{"taxonomy":"post_tag","embeddable":true,"href":"https:\/\/elmetropolitano.com.gt\/es\/wp-json\/wp\/v2\/tags?post=59566"}],"curies":[{"name":"wp","href":"https:\/\/api.w.org\/{rel}","templated":true}]}}