{"id":59578,"date":"2023-01-11T09:48:47","date_gmt":"2023-01-11T15:48:47","guid":{"rendered":"https:\/\/elmetropolitano.com.gt\/es\/?p=59578"},"modified":"2023-01-11T09:48:49","modified_gmt":"2023-01-11T15:48:49","slug":"para-impulsar-la-movilidad-electrica-en-la-region-el-bcie-participo-en-la-feria-de-innovacion-y-tecnologia-mas-grande-del-mundo","status":"publish","type":"post","link":"https:\/\/elmetropolitano.com.gt\/es\/para-impulsar-la-movilidad-electrica-en-la-region-el-bcie-participo-en-la-feria-de-innovacion-y-tecnologia-mas-grande-del-mundo\/","title":{"rendered":"Para impulsar la movilidad el\u00e9ctrica en la regi\u00f3n, el BCIE particip\u00f3 en la feria de innovaci\u00f3n y tecnolog\u00eda m\u00e1s grande del mundo"},"content":{"rendered":"\n<p>Con la finalidad de conocer las tendencias relacionadas a la electromovilidad, educaci\u00f3n e inclusi\u00f3n para impulsar el uso de tecnolog\u00edas innovadoras en las diversas formas de transporte en los pa\u00edses de la regi\u00f3n, el Banco Centroamericano de Integraci\u00f3n Econ\u00f3mica (BCIE) particip\u00f3 en el Consumer Electronics Show, desarrollado en la ciudad de Las <a><\/a>Vegas, Estados Unidos, del 5 al 8 de enero, espacio en el que se reunieron los fabricantes, empresas y desarrolladores de tecnolog\u00eda m\u00e1s importantes y de r\u00e1pido crecimiento en el mundo.<\/p>\n\n\n\n<p>El transporte es un sector de gran importancia dentro del proceso de integraci\u00f3n, desarrollo econ\u00f3mico y mejora de la competitividad para la regi\u00f3n; el objetivo de la participaci\u00f3n del Banco en estos espacios es acercar empresas l\u00edderes en electromovilidad a identificar oportunidades de negocios, tecnolog\u00edas y buenas pr\u00e1cticas viables en Centroam\u00e9rica y Rep\u00fablica Dominicana.<\/p><div class=\"elmet-contenido\" id=\"elmet-2559347951\"><div class=\"elmet-adlabel\">Anuncios<\/div><div style=\"margin-top: 20px;margin-right: 20px;margin-bottom: 20px;margin-left: 20px;\" id=\"elmet-40811676\"><a href=\"https:\/\/www.facebook.com\/arrincuanantigua\/\" aria-label=\"cintillo-arrin-cual\"><img loading=\"lazy\" decoding=\"async\" src=\"https:\/\/elmetropolitano.com.gt\/es\/wp-content\/uploads\/2021\/11\/cintillo-arrin-cual-1.jpg\" alt=\"\"  srcset=\"https:\/\/elmetropolitano.com.gt\/es\/wp-content\/uploads\/2021\/11\/cintillo-arrin-cual-1.jpg 750w, https:\/\/elmetropolitano.com.gt\/es\/wp-content\/uploads\/2021\/11\/cintillo-arrin-cual-1-300x36.jpg 300w, https:\/\/elmetropolitano.com.gt\/es\/wp-content\/uploads\/2021\/11\/cintillo-arrin-cual-1-600x72.jpg 600w\" sizes=\"(max-width: 750px) 100vw, 750px\" width=\"750\" height=\"90\"   \/><\/a><\/div><\/div>\n\n\n\n<p>El presidente ejecutivo del BCIE, Dr. Dante Mossi destac\u00f3: \u201cla innovaci\u00f3n y tecnolog\u00eda es parte de la agenda del desarrollo en la que participa activamente el Banco para que la electromovilidad llegue a ser una realidad y beneficiar a todos, tanto desde el sector privado como tambi\u00e9n desde nuestros gobiernos. Estaremos trabajando con diferentes sectores para el desarrollo de iniciativas, programas y proyectos que fomenten el uso de estas nuevas tecnolog\u00edas\u201d.<\/p>\n\n\n\n<p>Durante el evento se conoci\u00f3 informaci\u00f3n sobre la fabricaci\u00f3n, especificaciones t\u00e9cnicas y oferta de veh\u00edculos el\u00e9ctricos, potenciales proveedores de los servicios, requerimientos de operaci\u00f3n y mantenimiento, as\u00ed como tecnolog\u00eda de la infraestructura de recarga, entre otros.<\/p>\n\n\n\n<p>La participaci\u00f3n del BCIE en esta feria est\u00e1 en l\u00ednea a las acciones establecidas el pasado mes de noviembre durante el Foro Empresarial \u201cBCIE 2022: Introduciendo la Movilidad El\u00e9ctrica en Centroam\u00e9rica\u201d en la ciudad de Washington, Estados Unidos, que permiti\u00f3 analizar la situaci\u00f3n actual, perspectivas y acciones para impulsar la movilidad sostenible en la regi\u00f3n.<\/p>\n\n\n\n<p><a href=\"https:\/\/www.facebook.com\/hashtag\/metroredes?__eep__=6&amp;__cft__[0]=AZXrVf9WoU1PlI1qIDWCCTrmSUUi5vGUYFoFS8JyfCuzRyOmEqZxm9D8qR0ljyI_dVteGcXVkpwVXqtzbKn6eNJAHZCPRmO7kmx8Ymwj7IWcCRqyThkMKUoCH39zlNaiqZFsPiuahKQcDRQQELXznRczS92Hc5iB-5VxRvbpHIPk1ooCsvbzAtrQUpUD6fk0sRQ&amp;__tn__=*NK-R\">#metroredes<\/a><a href=\"https:\/\/www.facebook.com\/hashtag\/bcie?__eep__=6&amp;__cft__[0]=AZXrVf9WoU1PlI1qIDWCCTrmSUUi5vGUYFoFS8JyfCuzRyOmEqZxm9D8qR0ljyI_dVteGcXVkpwVXqtzbKn6eNJAHZCPRmO7kmx8Ymwj7IWcCRqyThkMKUoCH39zlNaiqZFsPiuahKQcDRQQELXznRczS92Hc5iB-5VxRvbpHIPk1ooCsvbzAtrQUpUD6fk0sRQ&amp;__tn__=*NK-R\">#BCIE<\/a><\/p>\n\n\n\n<p><\/p>\n","protected":false},"excerpt":{"rendered":"<p>Con la finalidad de conocer las tendencias relacionadas a la electromovilidad, educaci\u00f3n e inclusi\u00f3n para impulsar el uso de tecnolog\u00edas innovadoras en las diversas formas de transporte en los pa\u00edses de la regi\u00f3n, el Banco Centroamericano de Integraci\u00f3n Econ\u00f3mica (BCIE) particip\u00f3 en el Consumer Electronics Show, desarrollado en la ciudad de Las Vegas, Estados Unidos, <a class=\"read-more\" href=\"https:\/\/elmetropolitano.com.gt\/es\/para-impulsar-la-movilidad-electrica-en-la-region-el-bcie-participo-en-la-feria-de-innovacion-y-tecnologia-mas-grande-del-mundo\/\">Leer m\u00e1s<\/a><\/p>\n","protected":false},"author":1,"featured_media":59579,"comment_status":"open","ping_status":"closed","sticky":false,"template":"","format":"standard","meta":{"footnotes":""},"categories":[14],"tags":[15],"class_list":["post-59578","post","type-post","status-publish","format-standard","has-post-thumbnail","hentry","category-internacionales","tag-internacionales"],"_links":{"self":[{"href":"https:\/\/elmetropolitano.com.gt\/es\/wp-json\/wp\/v2\/posts\/59578","targetHints":{"allow":["GET"]}}],"collection":[{"href":"https:\/\/elmetropolitano.com.gt\/es\/wp-json\/wp\/v2\/posts"}],"about":[{"href":"https:\/\/elmetropolitano.com.gt\/es\/wp-json\/wp\/v2\/types\/post"}],"author":[{"embeddable":true,"href":"https:\/\/elmetropolitano.com.gt\/es\/wp-json\/wp\/v2\/users\/1"}],"replies":[{"embeddable":true,"href":"https:\/\/elmetropolitano.com.gt\/es\/wp-json\/wp\/v2\/comments?post=59578"}],"version-history":[{"count":1,"href":"https:\/\/elmetropolitano.com.gt\/es\/wp-json\/wp\/v2\/posts\/59578\/revisions"}],"predecessor-version":[{"id":59580,"href":"https:\/\/elmetropolitano.com.gt\/es\/wp-json\/wp\/v2\/posts\/59578\/revisions\/59580"}],"wp:featuredmedia":[{"embeddable":true,"href":"https:\/\/elmetropolitano.com.gt\/es\/wp-json\/wp\/v2\/media\/59579"}],"wp:attachment":[{"href":"https:\/\/elmetropolitano.com.gt\/es\/wp-json\/wp\/v2\/media?parent=59578"}],"wp:term":[{"taxonomy":"category","embeddable":true,"href":"https:\/\/elmetropolitano.com.gt\/es\/wp-json\/wp\/v2\/categories?post=59578"},{"taxonomy":"post_tag","embeddable":true,"href":"https:\/\/elmetropolitano.com.gt\/es\/wp-json\/wp\/v2\/tags?post=59578"}],"curies":[{"name":"wp","href":"https:\/\/api.w.org\/{rel}","templated":true}]}}