{"id":59581,"date":"2023-01-11T09:50:17","date_gmt":"2023-01-11T15:50:17","guid":{"rendered":"https:\/\/elmetropolitano.com.gt\/es\/?p=59581"},"modified":"2023-01-11T09:50:18","modified_gmt":"2023-01-11T15:50:18","slug":"nombran-a-jose-miguel-alfaro-director-del-hospital-san-juan-de-dios","status":"publish","type":"post","link":"https:\/\/elmetropolitano.com.gt\/es\/nombran-a-jose-miguel-alfaro-director-del-hospital-san-juan-de-dios\/","title":{"rendered":"Nombran a Jos\u00e9 Miguel Alfaro director del Hospital San Juan de Dios"},"content":{"rendered":"\n<p>Jos\u00e9 Miguel Alfaro Barrera, m\u00e9dico y cirujano, fue nombrado director ejecutivo del Hospital General San Juan de Dios.<\/p>\n\n\n\n<p>Seg\u00fan un comunicado del Ministerio de Salud P\u00fablica y Asistencia Social (MSPAS), el profesional egres\u00f3 de la Universidad de San Carlos de Guatemala. Adem\u00e1s, tiene una especialidad en Radiolog\u00eda e Im\u00e1genes Diagn\u00f3sticas en la misma universidad.<\/p><div class=\"elmet-contenido\" id=\"elmet-777951167\"><div class=\"elmet-adlabel\">Anuncios<\/div><div style=\"margin-top: 20px;margin-right: 20px;margin-bottom: 20px;margin-left: 20px;\" id=\"elmet-2639881794\"><a href=\"https:\/\/www.facebook.com\/arrincuanantigua\/\" aria-label=\"cintillo-arrin-cual\"><img loading=\"lazy\" decoding=\"async\" src=\"https:\/\/elmetropolitano.com.gt\/es\/wp-content\/uploads\/2021\/11\/cintillo-arrin-cual-1.jpg\" alt=\"\"  srcset=\"https:\/\/elmetropolitano.com.gt\/es\/wp-content\/uploads\/2021\/11\/cintillo-arrin-cual-1.jpg 750w, https:\/\/elmetropolitano.com.gt\/es\/wp-content\/uploads\/2021\/11\/cintillo-arrin-cual-1-300x36.jpg 300w, https:\/\/elmetropolitano.com.gt\/es\/wp-content\/uploads\/2021\/11\/cintillo-arrin-cual-1-600x72.jpg 600w\" sizes=\"(max-width: 750px) 100vw, 750px\" width=\"750\" height=\"90\"   \/><\/a><\/div><\/div>\n\n\n\n<p>El <a><\/a>doctor Alfaro Barrera fungi\u00f3 como subdirector t\u00e9cnico desde diciembre de 2021. Debido a su carrera como m\u00e9dico y su experiencia en el \u00e1rea administrativa y cl\u00ednica, asume el cargo de director ejecutivo del Hospital General San Juan de Dios, se\u00f1al\u00f3 el documento.<\/p>\n\n\n\n<p>Algunas acciones<\/p>\n\n\n\n<p>Durante su gesti\u00f3n como subdirector T\u00e9cnico en el nosocomio, promovi\u00f3 la implementaci\u00f3n de nuevas tecnolog\u00edas de informaci\u00f3n. Asimismo, fue el propulsor de la Unidad de Informaci\u00f3n en Salud y Atenci\u00f3n al Usuario. Dicha unidad es un modelo de trabajo que permite brindar atenci\u00f3n personalizada a pacientes y usuarios.<\/p>\n\n\n\n<p>En la b\u00fasqueda de mejorar la cadena de atenci\u00f3n hospitalaria en su calidad como subdirector t\u00e9cnico, recientemente visit\u00f3 la Rep\u00fablica de China (Taiw\u00e1n) y particip\u00f3 en el taller internacional Fortalecimiento en el Manejo y Administraci\u00f3n de Hospitales y Cl\u00ednicas.<\/p>\n\n\n\n<p>Como parte de su experiencia en radiolog\u00eda e im\u00e1genes diagn\u00f3sticas, trabaj\u00f3 en dar respuesta a poblaciones vulnerables, especialmente mujeres. Por ello, en 2022 se logr\u00f3 la creaci\u00f3n de la primera cl\u00ednica de diagn\u00f3stico de la mujer en el Hospital General San Juan de Dios.<\/p>\n\n\n\n<p>Su carrera<\/p>\n\n\n\n<p>Alfaro Barrera tambi\u00e9n posee una especialidad en Protecci\u00f3n Radiol\u00f3gica y Seguridad de las Fuentes de Radiaci\u00f3n por la Facultad de Ingenier\u00eda de la Universidad de Buenos Aires, Argentina.<\/p>\n\n\n\n<p>Actualmente, es maestro en Ciencias M\u00e9dicas con Especialidad en Radiolog\u00eda e Im\u00e1genes Diagn\u00f3sticas por la Universidad de San Carlos de Guatemala.<\/p>\n\n\n\n<p>Ha participado en cursos regionales en cultura de la seguridad en las organizaciones, protecci\u00f3n radiol\u00f3gica en tomograf\u00eda computarizada con \u00e9nfasis en pediatr\u00eda y de control de calidad en mamograf\u00eda digital.<\/p>\n\n\n\n<p>El nuevo director tambi\u00e9n es tesorero de la junta directiva 2021-2023 de la Asociaci\u00f3n Civil de Diagn\u00f3stico por Imagen y Terapia Radiante de Guatemala<\/p>\n\n\n\n<p>Texto Brenda Larios<\/p>\n\n\n\n<p>#metroredes<\/p>\n\n\n\n<p><\/p>\n","protected":false},"excerpt":{"rendered":"<p>Jos\u00e9 Miguel Alfaro Barrera, m\u00e9dico y cirujano, fue nombrado director ejecutivo del Hospital General San Juan de Dios. Seg\u00fan un comunicado del Ministerio de Salud P\u00fablica y Asistencia Social (MSPAS), el profesional egres\u00f3 de la Universidad de San Carlos de Guatemala. Adem\u00e1s, tiene una especialidad en Radiolog\u00eda e Im\u00e1genes Diagn\u00f3sticas en la misma universidad. El <a class=\"read-more\" href=\"https:\/\/elmetropolitano.com.gt\/es\/nombran-a-jose-miguel-alfaro-director-del-hospital-san-juan-de-dios\/\">Leer m\u00e1s<\/a><\/p>\n","protected":false},"author":1,"featured_media":59582,"comment_status":"open","ping_status":"closed","sticky":false,"template":"","format":"standard","meta":{"footnotes":""},"categories":[2],"tags":[12],"class_list":["post-59581","post","type-post","status-publish","format-standard","has-post-thumbnail","hentry","category-nacionales","tag-nacionales"],"_links":{"self":[{"href":"https:\/\/elmetropolitano.com.gt\/es\/wp-json\/wp\/v2\/posts\/59581","targetHints":{"allow":["GET"]}}],"collection":[{"href":"https:\/\/elmetropolitano.com.gt\/es\/wp-json\/wp\/v2\/posts"}],"about":[{"href":"https:\/\/elmetropolitano.com.gt\/es\/wp-json\/wp\/v2\/types\/post"}],"author":[{"embeddable":true,"href":"https:\/\/elmetropolitano.com.gt\/es\/wp-json\/wp\/v2\/users\/1"}],"replies":[{"embeddable":true,"href":"https:\/\/elmetropolitano.com.gt\/es\/wp-json\/wp\/v2\/comments?post=59581"}],"version-history":[{"count":1,"href":"https:\/\/elmetropolitano.com.gt\/es\/wp-json\/wp\/v2\/posts\/59581\/revisions"}],"predecessor-version":[{"id":59583,"href":"https:\/\/elmetropolitano.com.gt\/es\/wp-json\/wp\/v2\/posts\/59581\/revisions\/59583"}],"wp:featuredmedia":[{"embeddable":true,"href":"https:\/\/elmetropolitano.com.gt\/es\/wp-json\/wp\/v2\/media\/59582"}],"wp:attachment":[{"href":"https:\/\/elmetropolitano.com.gt\/es\/wp-json\/wp\/v2\/media?parent=59581"}],"wp:term":[{"taxonomy":"category","embeddable":true,"href":"https:\/\/elmetropolitano.com.gt\/es\/wp-json\/wp\/v2\/categories?post=59581"},{"taxonomy":"post_tag","embeddable":true,"href":"https:\/\/elmetropolitano.com.gt\/es\/wp-json\/wp\/v2\/tags?post=59581"}],"curies":[{"name":"wp","href":"https:\/\/api.w.org\/{rel}","templated":true}]}}