{"id":59592,"date":"2023-01-11T09:55:04","date_gmt":"2023-01-11T15:55:04","guid":{"rendered":"https:\/\/elmetropolitano.com.gt\/es\/?p=59592"},"modified":"2023-01-11T09:55:06","modified_gmt":"2023-01-11T15:55:06","slug":"el-ano-pasado-tag-airlines-transporto-en-sus-rutas-a-mas-de-259-mil-pasajeros","status":"publish","type":"post","link":"https:\/\/elmetropolitano.com.gt\/es\/el-ano-pasado-tag-airlines-transporto-en-sus-rutas-a-mas-de-259-mil-pasajeros\/","title":{"rendered":"El a\u00f1o pasado TAG AIRLINES transport\u00f3 en sus rutas a m\u00e1s de 259 mil pasajeros"},"content":{"rendered":"\n<p>Al cierre de 2022, TagAirlines, la aerol\u00ednea bandera de Guatemala, transport\u00f3 a m\u00e1s de 295,000 pasajeros, lo que represent\u00f3 un crecimiento de 169 por ciento en comparaci\u00f3n con el volumen de traslados reportado en 2021.<\/p>\n\n\n\n<p>En su nueva era, la empresa consolid\u00f3 su papel como la aerol\u00ednea del Mundo Maya y avanz\u00f3 en el proceso de transformaci\u00f3n y modernizaci\u00f3n, para fortalecer la conectividad a\u00e9rea en la <a><\/a>regi\u00f3n de Centroam\u00e9rica y el sur de M\u00e9xico.<\/p><div class=\"elmet-contenido\" id=\"elmet-1200698715\"><div class=\"elmet-adlabel\">Anuncios<\/div><div style=\"margin-top: 20px;margin-right: 20px;margin-bottom: 20px;margin-left: 20px;\" id=\"elmet-3013448239\"><a href=\"https:\/\/www.facebook.com\/arrincuanantigua\/\" aria-label=\"cintillo-arrin-cual\"><img loading=\"lazy\" decoding=\"async\" src=\"https:\/\/elmetropolitano.com.gt\/es\/wp-content\/uploads\/2021\/11\/cintillo-arrin-cual-1.jpg\" alt=\"\"  srcset=\"https:\/\/elmetropolitano.com.gt\/es\/wp-content\/uploads\/2021\/11\/cintillo-arrin-cual-1.jpg 750w, https:\/\/elmetropolitano.com.gt\/es\/wp-content\/uploads\/2021\/11\/cintillo-arrin-cual-1-300x36.jpg 300w, https:\/\/elmetropolitano.com.gt\/es\/wp-content\/uploads\/2021\/11\/cintillo-arrin-cual-1-600x72.jpg 600w\" sizes=\"(max-width: 750px) 100vw, 750px\" width=\"750\" height=\"90\"   \/><\/a><\/div><\/div>\n\n\n\n<p>Julio Gamero, CEO de TagAirlines, destac\u00f3 los principales logros que la empresa alcanz\u00f3 en 2022 y dijo que \u201cfue un a\u00f1o de mucho trabajo y de grandes resultados\u201d. Explic\u00f3 que, al inicio de 2022, TagAirlines particip\u00f3 con \u00e9xito en la Feria Internacional de Turismo de Madrid, en cuyo marco se firm\u00f3 un acuerdo de colaboraci\u00f3n con las Secretar\u00edas de Turismo de los estados del sur de M\u00e9xico (Chiapas, Quintana Roo, Tabasco y Yucat\u00e1n).<\/p>\n\n\n\n<p>Dijo que un hecho de la mayor relevancia, fue el nombramiento oficial que el Gobierno de la Rep\u00fablica de Guatemala le otorg\u00f3 como la \u201cAerol\u00ednea Bandera\u201d de la naci\u00f3n, como reconocimiento a la trayectoria en favor de la aviaci\u00f3n, la conectividad y el desarrollo.<\/p>\n\n\n\n<p>Record\u00f3 que TagAirlines tambi\u00e9n firm\u00f3 un hist\u00f3rico contrato con la empresa Willis Lease Finance Corporation, para el arrendamiento de cuatro aeronaves ATR 72, como parte del proceso de modernizaci\u00f3n de su flota. Los dos primeros aviones ya se incorporaron a la flota, para continuar brindando el mejor servicio.<\/p>\n\n\n\n<p>\u201cTambi\u00e9n pusimos en operaci\u00f3n sendas rutas a\u00e9reas que consideramos de la mayor relevancia: la que conecta a la ciudad de Guatemala con Oaxaca y con Tuxtla Guti\u00e9rrez, que reportan niveles de ocupaci\u00f3n satisfactorios. De igual forma, inici\u00f3 operaciones la nueva ruta entre M\u00e9rida, Yucat\u00e1n, y Flores, el m\u00e1s importante corredor tur\u00edstico del Mundo Maya que une a dos zonas arqueol\u00f3gicas emblem\u00e1ticas: Chichen Itz\u00e1 y Tikal; y tambi\u00e9n inici\u00f3 operaciones la nueva ruta entre las ciudades de San Salvador y Roat\u00e1n, que tiene gran relevancia en la regi\u00f3n, al unir a la capital salvadore\u00f1a con uno de los principales destinos tur\u00edsticos de playa de Centroam\u00e9rica\u201d, detall\u00f3.<\/p>\n\n\n\n<p>Julio Gamero asegur\u00f3 que \u201cen el mes de julio TagAirlines inici\u00f3 una Nueva Era con el relanzamiento de la marca, el fortalecimiento de nuestra flota a\u00e9rea, la renovaci\u00f3n de imagen empresarial y nuevos uniformes para la tripulaci\u00f3n, dise\u00f1ados por la firma Sa\u00fal E. M\u00e9ndez, referente de la moda en Guatemala. La nueva era tambi\u00e9n incluy\u00f3 nuevas alianzas con socios comerciales y nuevos productos, con un esquema tarifario que se adapta a cada tipo de viajero\u201d.<\/p>\n\n\n\n<p>Refiri\u00f3 que TagAirlines tuvo una destacada participaci\u00f3n en foros internacionales. Particip\u00f3 con \u00e9xito en los trabajos del Tianguis Tur\u00edstico en Acapulco, la principal plataforma de negocios del sector de viajes y turismo en M\u00e9xico; particip\u00f3 en los trabajos de la 18\u00aa edici\u00f3n del ALTA AGM &amp; Airline Leaders Forum, en Buenos Aires, Argentina; asisti\u00f3 a la Convenci\u00f3n Anual de CANACINTRA, en Yucat\u00e1n; particip\u00f3 en los trabajos de World Connect 2022, la conferencia anual de aerol\u00edneas organizada por la APG en la isla de Malta, y recibi\u00f3 un reconocimiento por parte de la Organizaci\u00f3n del Mundo Maya, en su reuni\u00f3n celebrada en Antigua, Guatemala.<\/p>\n\n\n\n<p>Adem\u00e1s, la Asociaci\u00f3n Internacional de Transporte A\u00e9reo (IATA), entreg\u00f3 a TagAirlines la Certificaci\u00f3n IOSA (IATA Operational Safety Audit), que es un sistema conocido y aceptado internacionalmente, dise\u00f1ado para evaluar la gesti\u00f3n de los sistemas operativos y de control de aerol\u00edneas. La certificaci\u00f3n IOSA permitir\u00e1 a TagAirlines ampliar la red de alianzas comerciales con otras aerol\u00edneas, c\u00f3digos compartidos e interlineales.<\/p>\n\n\n\n<p>Gracias al trabajo conjunto con autoridades y socios comerciales, y a la confianza de nuestros pasajeros, la empresa contin\u00faa en la ruta de volar m\u00e1s alto hacia nuevos horizontes.<\/p>\n\n\n\n<p>Actualmente, TagAirlines opera 47 vuelos diarios con una flota comercial de 12 aeronaves y conecta cinco pa\u00edses: Guatemala, El Salvador, Honduras, Belice y M\u00e9xico. En el caso de M\u00e9xico, vuela de la ciudad de Guatemala a Canc\u00fan, M\u00e9rida, Tuxtla Guti\u00e9rrez, Tapachula y Oaxaca; adem\u00e1s, opera las rutas Canc\u00fan-Flores y M\u00e9rida-Flores.<\/p>\n\n\n\n<p>#metroredes<\/p>\n\n\n\n<figure class=\"wp-block-gallery has-nested-images columns-default is-cropped wp-block-gallery-1 is-layout-flex wp-block-gallery-is-layout-flex\">\n<figure class=\"wp-block-image size-large\"><img loading=\"lazy\" decoding=\"async\" width=\"682\" height=\"1024\" data-id=\"59594\" src=\"https:\/\/elmetropolitano.com.gt\/es\/wp-content\/uploads\/2023\/01\/324580063_5687406654647962_5030687286809284450_n-1-682x1024.jpg\" alt=\"\" class=\"wp-image-59594\" srcset=\"https:\/\/elmetropolitano.com.gt\/es\/wp-content\/uploads\/2023\/01\/324580063_5687406654647962_5030687286809284450_n-1-682x1024.jpg 682w, https:\/\/elmetropolitano.com.gt\/es\/wp-content\/uploads\/2023\/01\/324580063_5687406654647962_5030687286809284450_n-1-200x300.jpg 200w, https:\/\/elmetropolitano.com.gt\/es\/wp-content\/uploads\/2023\/01\/324580063_5687406654647962_5030687286809284450_n-1-768x1152.jpg 768w, https:\/\/elmetropolitano.com.gt\/es\/wp-content\/uploads\/2023\/01\/324580063_5687406654647962_5030687286809284450_n-1-600x900.jpg 600w, https:\/\/elmetropolitano.com.gt\/es\/wp-content\/uploads\/2023\/01\/324580063_5687406654647962_5030687286809284450_n-1.jpg 853w\" sizes=\"auto, (max-width: 682px) 100vw, 682px\" \/><\/figure>\n<\/figure>\n","protected":false},"excerpt":{"rendered":"<p>Al cierre de 2022, TagAirlines, la aerol\u00ednea bandera de Guatemala, transport\u00f3 a m\u00e1s de 295,000 pasajeros, lo que represent\u00f3 un crecimiento de 169 por ciento en comparaci\u00f3n con el volumen de traslados reportado en 2021. En su nueva era, la empresa consolid\u00f3 su papel como la aerol\u00ednea del Mundo Maya y avanz\u00f3 en el proceso <a class=\"read-more\" href=\"https:\/\/elmetropolitano.com.gt\/es\/el-ano-pasado-tag-airlines-transporto-en-sus-rutas-a-mas-de-259-mil-pasajeros\/\">Leer m\u00e1s<\/a><\/p>\n","protected":false},"author":1,"featured_media":59593,"comment_status":"open","ping_status":"closed","sticky":false,"template":"","format":"standard","meta":{"footnotes":""},"categories":[31],"tags":[32],"class_list":["post-59592","post","type-post","status-publish","format-standard","has-post-thumbnail","hentry","category-metroimpulso","tag-metroimpulso"],"_links":{"self":[{"href":"https:\/\/elmetropolitano.com.gt\/es\/wp-json\/wp\/v2\/posts\/59592","targetHints":{"allow":["GET"]}}],"collection":[{"href":"https:\/\/elmetropolitano.com.gt\/es\/wp-json\/wp\/v2\/posts"}],"about":[{"href":"https:\/\/elmetropolitano.com.gt\/es\/wp-json\/wp\/v2\/types\/post"}],"author":[{"embeddable":true,"href":"https:\/\/elmetropolitano.com.gt\/es\/wp-json\/wp\/v2\/users\/1"}],"replies":[{"embeddable":true,"href":"https:\/\/elmetropolitano.com.gt\/es\/wp-json\/wp\/v2\/comments?post=59592"}],"version-history":[{"count":1,"href":"https:\/\/elmetropolitano.com.gt\/es\/wp-json\/wp\/v2\/posts\/59592\/revisions"}],"predecessor-version":[{"id":59595,"href":"https:\/\/elmetropolitano.com.gt\/es\/wp-json\/wp\/v2\/posts\/59592\/revisions\/59595"}],"wp:featuredmedia":[{"embeddable":true,"href":"https:\/\/elmetropolitano.com.gt\/es\/wp-json\/wp\/v2\/media\/59593"}],"wp:attachment":[{"href":"https:\/\/elmetropolitano.com.gt\/es\/wp-json\/wp\/v2\/media?parent=59592"}],"wp:term":[{"taxonomy":"category","embeddable":true,"href":"https:\/\/elmetropolitano.com.gt\/es\/wp-json\/wp\/v2\/categories?post=59592"},{"taxonomy":"post_tag","embeddable":true,"href":"https:\/\/elmetropolitano.com.gt\/es\/wp-json\/wp\/v2\/tags?post=59592"}],"curies":[{"name":"wp","href":"https:\/\/api.w.org\/{rel}","templated":true}]}}