{"id":59609,"date":"2023-01-11T10:08:19","date_gmt":"2023-01-11T16:08:19","guid":{"rendered":"https:\/\/elmetropolitano.com.gt\/es\/?p=59609"},"modified":"2023-01-11T10:08:21","modified_gmt":"2023-01-11T16:08:21","slug":"spielberg-del-toro-y-mitre-triunfan-en-los-globos-de-oro","status":"publish","type":"post","link":"https:\/\/elmetropolitano.com.gt\/es\/spielberg-del-toro-y-mitre-triunfan-en-los-globos-de-oro\/","title":{"rendered":"Spielberg, Del Toro y Mitre triunfan en los Globos de Oro"},"content":{"rendered":"\n<p>Los afamados premios de la industria cinematogr\u00e1fica tuvieron su gala en Los \u00c1ngeles, en los que el mexicano Guillermo Del Toro y Steven Spielberg fueron los grandes ganadores.<\/p>\n\n\n\n<p><a><\/a>Guillermo del Toro con \u00abPinocchio\u00bb y Santiago Mitre con \u00abArgentina, 1985\u00bb se coronaron anoche en la 80\u00aa edici\u00f3n de los Globos de Oro celebrada en Los \u00c1ngeles, unos premios que celebraron a la diversidad y a Steven Spielberg.<\/p><div class=\"elmet-contenido\" id=\"elmet-3037845588\"><div class=\"elmet-adlabel\">Anuncios<\/div><div style=\"margin-top: 20px;margin-right: 20px;margin-bottom: 20px;margin-left: 20px;\" id=\"elmet-2544254671\"><a href=\"https:\/\/www.facebook.com\/arrincuanantigua\/\" aria-label=\"cintillo-arrin-cual\"><img loading=\"lazy\" decoding=\"async\" src=\"https:\/\/elmetropolitano.com.gt\/es\/wp-content\/uploads\/2021\/11\/cintillo-arrin-cual-1.jpg\" alt=\"\"  srcset=\"https:\/\/elmetropolitano.com.gt\/es\/wp-content\/uploads\/2021\/11\/cintillo-arrin-cual-1.jpg 750w, https:\/\/elmetropolitano.com.gt\/es\/wp-content\/uploads\/2021\/11\/cintillo-arrin-cual-1-300x36.jpg 300w, https:\/\/elmetropolitano.com.gt\/es\/wp-content\/uploads\/2021\/11\/cintillo-arrin-cual-1-600x72.jpg 600w\" sizes=\"(max-width: 750px) 100vw, 750px\" width=\"750\" height=\"90\"   \/><\/a><\/div><\/div>\n\n\n\n<p>Premio C\u00e9sar<\/p>\n\n\n\n<p>Con una gala televisada llena de estrellas de Hollywood, el Bevery Hilton de Los \u00c1ngeles presenci\u00f3 la edici\u00f3n m\u00e1s diversa de los Globos de Oro desde con estrellas asi\u00e1ticas, negras y latinas a la cabeza de la ceremonia, quienes durante sus discursos expresaron lo duro que hab\u00eda sido hacerse un espacio en la industria hollywoodense.<\/p>\n\n\n\n<p>Todo ello despu\u00e9s de que los premios estuvieran a punto de desaparecer, tras dos a\u00f1os en los que se han enfrentado a numerosas cr\u00edticas y boicots, con acusaciones de corrupci\u00f3n y falta de diversidad racial entre sus integrantes, tema que los organizadores enfrentaron anoche con humor y constantes burlas.<\/p>\n\n\n\n<p>Los premios celebraron a la diversidad, con un Guillermo del Toro exultante al recibir el premio a la mejor pel\u00edcula de animaci\u00f3n.<\/p>\n\n\n\n<p>\u00abEstoy feliz de estar en persona, algunos ya est\u00e1n borrachos y \u00bfqu\u00e9 puede ser mejor? Es un a\u00f1o incre\u00edble para el cine\u00bb, dijo el mexicano, que en 2018 se convirti\u00f3 en el tercer director latino en conseguir el galard\u00f3n de mejor director con \u00abThe Shape of Water\u00bb en estos premios considerados la antesala de los \u00d3scar.<\/p>\n\n\n\n<p>En uno de los discursos m\u00e1s emotivos de la noche (con permiso de Volod\u00edmir Zelenski, que intervino a trav\u00e9s de un v\u00eddeo), el cineasta argentino Santiago Mitre de \u00abArgentina, 1985\u00bb, Globo de Oro a la mejor pel\u00edcula extranjera, celebr\u00f3 -acompa\u00f1ado del protagonista de la cinta, Ricardo Dar\u00edn- la importancia de seguir luchando por la democracia.<\/p>\n\n\n\n<p>Drama autobiogr\u00e1fico de Spielberg<\/p>\n\n\n\n<p>\u00abQuiero compartir esto con todas las personas que desde la dictadura han estado luchando por la democracia en Argentina y siguen luchando\u00bb, dijo sobre la pel\u00edcula que sigue el juicio contra los responsables de la dictadura en Argentina durante la d\u00e9cada de 1980.<\/p>\n\n\n\n<p>Pero si hubo un protagonista de la noche fue el cineasta Steven Spielberg y \u00abThe Fabelmans\u00bb, el drama autobiogr\u00e1fico inspirado en su ni\u00f1ez y juventud. Logr\u00f3 el galard\u00f3n a la mejor pel\u00edcula dram\u00e1tica y el del mejor director.<\/p>\n\n\n\n<p>\u00abMe he estado escondiendo de esta historia desde que ten\u00eda 17 a\u00f1os\u00bb, reconoci\u00f3 el cineasta sobre la cinta que retrata con nostalgia los primeros a\u00f1os de vida.<\/p>\n\n\n\n<p>\u00abThe Banshees of Inisherin\u00bb de Martin MacDonagh fue la cinta m\u00e1s premiada de la noche al conseguir el premio a la mejor pel\u00edcula de comedia o musical, as\u00ed como los de mejor actor de comedia o musical para Colin Farrell y mejor guion para el angloirland\u00e9s Martin McDonagh, tambi\u00e9n director.<\/p>\n\n\n\n<p>En cuanto a las mejores producciones televisivas del a\u00f1o, las series \u00abAbbott Elementary\u00bb y \u00abThe White Lotus\u00bb fueron las m\u00e1s premiadas, con tres y dos galardones respectivamente, incluidos los de mejor serie de comedia o musical y mejor miniserie.<\/p>\n\n\n\n<p>Y \u00abHouse of the Dragon\u00bb, la precuela de \u00abGame of Thrones\u00bb, gan\u00f3 el Globo de Oro a la mejor serie dram\u00e1tica en una noche en la que Zendaya recibi\u00f3 el premio a la mejor actriz de serie dram\u00e1tica por la segunda temporada de \u00abEuphoria\u00bb y Kevin Costner el de mejor actor de serie dram\u00e1tica por \u00abYellowstone\u00bb.<\/p>\n\n\n\n<p>Texto <a rel=\"noreferrer noopener\" href=\"https:\/\/l.facebook.com\/l.php?u=http%3A%2F%2FDW.Com%2F%3Ffbclid%3DIwAR1ljRvy97KUft8f6FG7ymmJFTS5R2QvTULdOtFLCw3iRJExq8cqRwzDNXk&amp;h=AT2a-fHYzTVxpb3U7uHr24Y98FonfhM5a2k11Ltch9DNvy1HtRT-8t7yPDCYdvvD741aIoxx-kvIZQNyjY4WgJjt5uc9t3mWFGNGM876KG2hxS87_iAF49TweZDFOEjW7FQUAgQEAOYyu7y7VcCj&amp;__tn__=-UK-R&amp;c[0]=AT37E_juSES6x9oUT8oJ7H7FlCUoUkB4RolBDozao3CVih-UWJ-vtFewr0w5XQkFfxdHHsRPqxa6DvIwuxyJan0bD-K_2ivUtOy8dAY8Sf2LHjMdelwxvMKDNTs__INsherfCO9V04WkaWXcV92Vu-CRBWPq2EHRl_aq3z5J6KVX42Qm-YhxCebf4T3JXlsNtncq_BwXBsQA\" target=\"_blank\">DW.Com<\/a><\/p>\n\n\n\n<p>#metroredes<\/p>\n\n\n\n<p><\/p>\n","protected":false},"excerpt":{"rendered":"<p>Los afamados premios de la industria cinematogr\u00e1fica tuvieron su gala en Los \u00c1ngeles, en los que el mexicano Guillermo Del Toro y Steven Spielberg fueron los grandes ganadores. Guillermo del Toro con \u00abPinocchio\u00bb y Santiago Mitre con \u00abArgentina, 1985\u00bb se coronaron anoche en la 80\u00aa edici\u00f3n de los Globos de Oro celebrada en Los \u00c1ngeles, <a class=\"read-more\" href=\"https:\/\/elmetropolitano.com.gt\/es\/spielberg-del-toro-y-mitre-triunfan-en-los-globos-de-oro\/\">Leer m\u00e1s<\/a><\/p>\n","protected":false},"author":1,"featured_media":59610,"comment_status":"open","ping_status":"closed","sticky":false,"template":"","format":"standard","meta":{"footnotes":""},"categories":[22],"tags":[18],"class_list":["post-59609","post","type-post","status-publish","format-standard","has-post-thumbnail","hentry","category-espectaculos","tag-espectaculos"],"_links":{"self":[{"href":"https:\/\/elmetropolitano.com.gt\/es\/wp-json\/wp\/v2\/posts\/59609","targetHints":{"allow":["GET"]}}],"collection":[{"href":"https:\/\/elmetropolitano.com.gt\/es\/wp-json\/wp\/v2\/posts"}],"about":[{"href":"https:\/\/elmetropolitano.com.gt\/es\/wp-json\/wp\/v2\/types\/post"}],"author":[{"embeddable":true,"href":"https:\/\/elmetropolitano.com.gt\/es\/wp-json\/wp\/v2\/users\/1"}],"replies":[{"embeddable":true,"href":"https:\/\/elmetropolitano.com.gt\/es\/wp-json\/wp\/v2\/comments?post=59609"}],"version-history":[{"count":1,"href":"https:\/\/elmetropolitano.com.gt\/es\/wp-json\/wp\/v2\/posts\/59609\/revisions"}],"predecessor-version":[{"id":59611,"href":"https:\/\/elmetropolitano.com.gt\/es\/wp-json\/wp\/v2\/posts\/59609\/revisions\/59611"}],"wp:featuredmedia":[{"embeddable":true,"href":"https:\/\/elmetropolitano.com.gt\/es\/wp-json\/wp\/v2\/media\/59610"}],"wp:attachment":[{"href":"https:\/\/elmetropolitano.com.gt\/es\/wp-json\/wp\/v2\/media?parent=59609"}],"wp:term":[{"taxonomy":"category","embeddable":true,"href":"https:\/\/elmetropolitano.com.gt\/es\/wp-json\/wp\/v2\/categories?post=59609"},{"taxonomy":"post_tag","embeddable":true,"href":"https:\/\/elmetropolitano.com.gt\/es\/wp-json\/wp\/v2\/tags?post=59609"}],"curies":[{"name":"wp","href":"https:\/\/api.w.org\/{rel}","templated":true}]}}