{"id":59624,"date":"2023-01-12T12:47:05","date_gmt":"2023-01-12T18:47:05","guid":{"rendered":"https:\/\/elmetropolitano.com.gt\/es\/?p=59624"},"modified":"2023-01-12T12:47:06","modified_gmt":"2023-01-12T18:47:06","slug":"civ-concluye-mejoras-en-ruta-a-semuc-champey-alta-verapaz","status":"publish","type":"post","link":"https:\/\/elmetropolitano.com.gt\/es\/civ-concluye-mejoras-en-ruta-a-semuc-champey-alta-verapaz\/","title":{"rendered":"CIV concluye mejoras en ruta a Semuc Champey, Alta Verapaz"},"content":{"rendered":"\n<p>La Direcci\u00f3n General de Caminos finaliz\u00f3 el mejoramiento de un tramo de 12.1 kil\u00f3metros en la carretera RD AV-06, en jurisdicci\u00f3n de Alta Verapaz. Con esto, se agiliza el acceso a la reserva natural Semuc Champey, entre otros destinos.<\/p>\n\n\n\n<p>El proyecto abarc\u00f3 desde la aldea El Pajal, San Pedro Carch\u00e1, hasta la cabecera de Lanqu\u00edn. Los habitantes cuentan ahora con una v\u00eda en \u00f3ptimas condiciones para trasladar sus productos y <a><\/a>acceder a diferentes puntos del departamento.<\/p><div class=\"elmet-contenido\" id=\"elmet-2348348391\"><div class=\"elmet-adlabel\">Anuncios<\/div><div style=\"margin-top: 20px;margin-right: 20px;margin-bottom: 20px;margin-left: 20px;\" id=\"elmet-867775658\"><a href=\"https:\/\/www.facebook.com\/arrincuanantigua\/\" aria-label=\"cintillo-arrin-cual\"><img loading=\"lazy\" decoding=\"async\" src=\"https:\/\/elmetropolitano.com.gt\/es\/wp-content\/uploads\/2021\/11\/cintillo-arrin-cual-1.jpg\" alt=\"\"  srcset=\"https:\/\/elmetropolitano.com.gt\/es\/wp-content\/uploads\/2021\/11\/cintillo-arrin-cual-1.jpg 750w, https:\/\/elmetropolitano.com.gt\/es\/wp-content\/uploads\/2021\/11\/cintillo-arrin-cual-1-300x36.jpg 300w, https:\/\/elmetropolitano.com.gt\/es\/wp-content\/uploads\/2021\/11\/cintillo-arrin-cual-1-600x72.jpg 600w\" sizes=\"(max-width: 750px) 100vw, 750px\" width=\"750\" height=\"90\"   \/><\/a><\/div><\/div>\n\n\n\n<p>Sin embargo, seg\u00fan las autoridades locales, los beneficios van m\u00e1s all\u00e1, pues tambi\u00e9n alcanzan al sector tur\u00edstico, principal fuente de ingresos para varias familias.<\/p>\n\n\n\n<p>De acuerdo con lo informado, al optimizar el tr\u00e1nsito por esa carretera se prev\u00e9 un incremento de visitantes nacionales y extranjeros, lo cual impactar\u00eda positivamente en la econom\u00eda local.<\/p>\n\n\n\n<p>Las autoridades indicaron que esta mejora posibilita la incorporaci\u00f3n de otros servicios para brindar atenci\u00f3n de calidad a los viajeros. De esta manera, tambi\u00e9n se busca ampliar la proyecci\u00f3n de Semuc Champey y otros destinos ubicados en el \u00e1rea.<\/p>\n\n\n\n<p>La dependencia del Ministerio de Comunicaciones, Infraestructura y Vivienda (CIV) dio a conocer que con la pavimentaci\u00f3n y se\u00f1alizaci\u00f3n de la ruta se proporciona mayor seguridad a los habitantes del sector; asimismo, se reducen tiempos del recorrido y costos de operaci\u00f3n vehicular.<\/p>\n\n\n\n<p>Los beneficiarios directos se estiman en 26 mil 500, pero la cifra se incrementar\u00eda al tomar en cuenta a los turistas.<\/p>\n\n\n\n<p>Los trabajos<\/p>\n\n\n\n<p>De acuerdo con la ficha t\u00e9cnica, la mejora del tramo llega hasta el kil\u00f3metro 12+100 de la RD AV-06 con una alternativa de carpeta de concreto hidr\u00e1ulico, lo cual se ha complementado con la debida se\u00f1alizaci\u00f3n horizontal y vertical.<\/p>\n\n\n\n<p>El proyecto consisti\u00f3 en la habilitaci\u00f3n de una secci\u00f3n t\u00edpica E con dos carriles de 2.75 metros cada uno y un ancho de hombro de 0.75 metros. Adem\u00e1s, se construyeron cunetas de concreto hidr\u00e1ulico simple tipo L.<\/p>\n\n\n\n<p>Tambi\u00e9n se ampli\u00f3 el sistema general de drenajes y se efectuaron trabajos conexos, como casetas para la espera de buses e implementaci\u00f3n de medidas de mitigaci\u00f3n ambiental.<\/p>\n\n\n\n<p>Texto: Andony Coronado<\/p>\n\n\n\n<p>#metroredes<\/p>\n\n\n\n<p><\/p>\n","protected":false},"excerpt":{"rendered":"<p>La Direcci\u00f3n General de Caminos finaliz\u00f3 el mejoramiento de un tramo de 12.1 kil\u00f3metros en la carretera RD AV-06, en jurisdicci\u00f3n de Alta Verapaz. Con esto, se agiliza el acceso a la reserva natural Semuc Champey, entre otros destinos. El proyecto abarc\u00f3 desde la aldea El Pajal, San Pedro Carch\u00e1, hasta la cabecera de Lanqu\u00edn. <a class=\"read-more\" href=\"https:\/\/elmetropolitano.com.gt\/es\/civ-concluye-mejoras-en-ruta-a-semuc-champey-alta-verapaz\/\">Leer m\u00e1s<\/a><\/p>\n","protected":false},"author":1,"featured_media":59625,"comment_status":"open","ping_status":"closed","sticky":false,"template":"","format":"standard","meta":{"footnotes":""},"categories":[4],"tags":[13],"class_list":["post-59624","post","type-post","status-publish","format-standard","has-post-thumbnail","hentry","category-departamentales","tag-departamentales"],"_links":{"self":[{"href":"https:\/\/elmetropolitano.com.gt\/es\/wp-json\/wp\/v2\/posts\/59624","targetHints":{"allow":["GET"]}}],"collection":[{"href":"https:\/\/elmetropolitano.com.gt\/es\/wp-json\/wp\/v2\/posts"}],"about":[{"href":"https:\/\/elmetropolitano.com.gt\/es\/wp-json\/wp\/v2\/types\/post"}],"author":[{"embeddable":true,"href":"https:\/\/elmetropolitano.com.gt\/es\/wp-json\/wp\/v2\/users\/1"}],"replies":[{"embeddable":true,"href":"https:\/\/elmetropolitano.com.gt\/es\/wp-json\/wp\/v2\/comments?post=59624"}],"version-history":[{"count":1,"href":"https:\/\/elmetropolitano.com.gt\/es\/wp-json\/wp\/v2\/posts\/59624\/revisions"}],"predecessor-version":[{"id":59626,"href":"https:\/\/elmetropolitano.com.gt\/es\/wp-json\/wp\/v2\/posts\/59624\/revisions\/59626"}],"wp:featuredmedia":[{"embeddable":true,"href":"https:\/\/elmetropolitano.com.gt\/es\/wp-json\/wp\/v2\/media\/59625"}],"wp:attachment":[{"href":"https:\/\/elmetropolitano.com.gt\/es\/wp-json\/wp\/v2\/media?parent=59624"}],"wp:term":[{"taxonomy":"category","embeddable":true,"href":"https:\/\/elmetropolitano.com.gt\/es\/wp-json\/wp\/v2\/categories?post=59624"},{"taxonomy":"post_tag","embeddable":true,"href":"https:\/\/elmetropolitano.com.gt\/es\/wp-json\/wp\/v2\/tags?post=59624"}],"curies":[{"name":"wp","href":"https:\/\/api.w.org\/{rel}","templated":true}]}}