{"id":59680,"date":"2023-01-13T10:29:35","date_gmt":"2023-01-13T16:29:35","guid":{"rendered":"https:\/\/elmetropolitano.com.gt\/es\/?p=59680"},"modified":"2023-01-13T10:29:37","modified_gmt":"2023-01-13T16:29:37","slug":"guatemaltecos-detenidos-con-drogas-en-el-salvador","status":"publish","type":"post","link":"https:\/\/elmetropolitano.com.gt\/es\/guatemaltecos-detenidos-con-drogas-en-el-salvador\/","title":{"rendered":"Guatemaltecos detenidos con drogas en el Salvador"},"content":{"rendered":"\n<p>Cuatro guatemaltecos fueron arrestados este jueves por la Polic\u00eda Civil del hermano pa\u00eds se El Salvador por posesi\u00f3n de 4 kilogramos de coca\u00edna con un valor de 100.000 d\u00f3lares, inform\u00f3 la Fiscal\u00eda General de la Rep\u00fablica (FGR).<\/p>\n\n\n\n<p>Sin <a><\/a>revelarse el lugar donde fueron detenidos la droga estaba oculta en el techo de una camioneta en la que viajaban los guatemaltecos<\/p><div class=\"elmet-contenido\" id=\"elmet-3089901428\"><div class=\"elmet-adlabel\">Anuncios<\/div><div style=\"margin-top: 20px;margin-right: 20px;margin-bottom: 20px;margin-left: 20px;\" id=\"elmet-3393905411\"><a href=\"https:\/\/www.facebook.com\/arrincuanantigua\/\" aria-label=\"cintillo-arrin-cual\"><img loading=\"lazy\" decoding=\"async\" src=\"https:\/\/elmetropolitano.com.gt\/es\/wp-content\/uploads\/2021\/11\/cintillo-arrin-cual-1.jpg\" alt=\"\"  srcset=\"https:\/\/elmetropolitano.com.gt\/es\/wp-content\/uploads\/2021\/11\/cintillo-arrin-cual-1.jpg 750w, https:\/\/elmetropolitano.com.gt\/es\/wp-content\/uploads\/2021\/11\/cintillo-arrin-cual-1-300x36.jpg 300w, https:\/\/elmetropolitano.com.gt\/es\/wp-content\/uploads\/2021\/11\/cintillo-arrin-cual-1-600x72.jpg 600w\" sizes=\"(max-width: 750px) 100vw, 750px\" width=\"750\" height=\"90\"   \/><\/a><\/div><\/div>\n\n\n\n<p>Quienes son<\/p>\n\n\n\n<p>Los guatemaltecos fueron identificados por la polic\u00eda salvadore\u00f1a como Paola Shakira Tahiz, V\u00edctor Muralles, Ronaldo Bonilla y Cristian Qui\u00f1onez<\/p>\n\n\n\n<p>Foto: cortes\u00eda\/FGR<\/p>\n\n\n\n<p>#metroredes<\/p>\n\n\n\n<figure class=\"wp-block-gallery has-nested-images columns-default is-cropped wp-block-gallery-1 is-layout-flex wp-block-gallery-is-layout-flex\">\n<figure class=\"wp-block-image size-large\"><img loading=\"lazy\" decoding=\"async\" width=\"1023\" height=\"959\" data-id=\"59683\" src=\"https:\/\/elmetropolitano.com.gt\/es\/wp-content\/uploads\/2023\/01\/323413982_890906705285180_4500056915998803647_n.jpg\" alt=\"\" class=\"wp-image-59683\" srcset=\"https:\/\/elmetropolitano.com.gt\/es\/wp-content\/uploads\/2023\/01\/323413982_890906705285180_4500056915998803647_n.jpg 1023w, https:\/\/elmetropolitano.com.gt\/es\/wp-content\/uploads\/2023\/01\/323413982_890906705285180_4500056915998803647_n-300x281.jpg 300w, https:\/\/elmetropolitano.com.gt\/es\/wp-content\/uploads\/2023\/01\/323413982_890906705285180_4500056915998803647_n-768x720.jpg 768w, https:\/\/elmetropolitano.com.gt\/es\/wp-content\/uploads\/2023\/01\/323413982_890906705285180_4500056915998803647_n-600x562.jpg 600w\" sizes=\"auto, (max-width: 1023px) 100vw, 1023px\" \/><\/figure>\n\n\n\n<figure class=\"wp-block-image size-large\"><img loading=\"lazy\" decoding=\"async\" width=\"1023\" height=\"969\" data-id=\"59684\" src=\"https:\/\/elmetropolitano.com.gt\/es\/wp-content\/uploads\/2023\/01\/323415977_728682038911546_6116351337999121458_n.jpg\" alt=\"\" class=\"wp-image-59684\" srcset=\"https:\/\/elmetropolitano.com.gt\/es\/wp-content\/uploads\/2023\/01\/323415977_728682038911546_6116351337999121458_n.jpg 1023w, https:\/\/elmetropolitano.com.gt\/es\/wp-content\/uploads\/2023\/01\/323415977_728682038911546_6116351337999121458_n-300x284.jpg 300w, https:\/\/elmetropolitano.com.gt\/es\/wp-content\/uploads\/2023\/01\/323415977_728682038911546_6116351337999121458_n-768x727.jpg 768w, https:\/\/elmetropolitano.com.gt\/es\/wp-content\/uploads\/2023\/01\/323415977_728682038911546_6116351337999121458_n-600x568.jpg 600w\" sizes=\"auto, (max-width: 1023px) 100vw, 1023px\" \/><\/figure>\n\n\n\n<figure class=\"wp-block-image size-large\"><img loading=\"lazy\" decoding=\"async\" width=\"1024\" height=\"991\" data-id=\"59682\" src=\"https:\/\/elmetropolitano.com.gt\/es\/wp-content\/uploads\/2023\/01\/324143862_3339117269672841_1443066534760488449_n.jpg\" alt=\"\" class=\"wp-image-59682\" srcset=\"https:\/\/elmetropolitano.com.gt\/es\/wp-content\/uploads\/2023\/01\/324143862_3339117269672841_1443066534760488449_n.jpg 1024w, https:\/\/elmetropolitano.com.gt\/es\/wp-content\/uploads\/2023\/01\/324143862_3339117269672841_1443066534760488449_n-300x290.jpg 300w, https:\/\/elmetropolitano.com.gt\/es\/wp-content\/uploads\/2023\/01\/324143862_3339117269672841_1443066534760488449_n-768x743.jpg 768w, https:\/\/elmetropolitano.com.gt\/es\/wp-content\/uploads\/2023\/01\/324143862_3339117269672841_1443066534760488449_n-600x581.jpg 600w\" sizes=\"auto, (max-width: 1024px) 100vw, 1024px\" \/><\/figure>\n<\/figure>\n","protected":false},"excerpt":{"rendered":"<p>Cuatro guatemaltecos fueron arrestados este jueves por la Polic\u00eda Civil del hermano pa\u00eds se El Salvador por posesi\u00f3n de 4 kilogramos de coca\u00edna con un valor de 100.000 d\u00f3lares, inform\u00f3 la Fiscal\u00eda General de la Rep\u00fablica (FGR). Sin revelarse el lugar donde fueron detenidos la droga estaba oculta en el techo de una camioneta en <a class=\"read-more\" href=\"https:\/\/elmetropolitano.com.gt\/es\/guatemaltecos-detenidos-con-drogas-en-el-salvador\/\">Leer m\u00e1s<\/a><\/p>\n","protected":false},"author":1,"featured_media":59681,"comment_status":"open","ping_status":"closed","sticky":false,"template":"","format":"standard","meta":{"footnotes":""},"categories":[14],"tags":[15],"class_list":["post-59680","post","type-post","status-publish","format-standard","has-post-thumbnail","hentry","category-internacionales","tag-internacionales"],"_links":{"self":[{"href":"https:\/\/elmetropolitano.com.gt\/es\/wp-json\/wp\/v2\/posts\/59680","targetHints":{"allow":["GET"]}}],"collection":[{"href":"https:\/\/elmetropolitano.com.gt\/es\/wp-json\/wp\/v2\/posts"}],"about":[{"href":"https:\/\/elmetropolitano.com.gt\/es\/wp-json\/wp\/v2\/types\/post"}],"author":[{"embeddable":true,"href":"https:\/\/elmetropolitano.com.gt\/es\/wp-json\/wp\/v2\/users\/1"}],"replies":[{"embeddable":true,"href":"https:\/\/elmetropolitano.com.gt\/es\/wp-json\/wp\/v2\/comments?post=59680"}],"version-history":[{"count":1,"href":"https:\/\/elmetropolitano.com.gt\/es\/wp-json\/wp\/v2\/posts\/59680\/revisions"}],"predecessor-version":[{"id":59685,"href":"https:\/\/elmetropolitano.com.gt\/es\/wp-json\/wp\/v2\/posts\/59680\/revisions\/59685"}],"wp:featuredmedia":[{"embeddable":true,"href":"https:\/\/elmetropolitano.com.gt\/es\/wp-json\/wp\/v2\/media\/59681"}],"wp:attachment":[{"href":"https:\/\/elmetropolitano.com.gt\/es\/wp-json\/wp\/v2\/media?parent=59680"}],"wp:term":[{"taxonomy":"category","embeddable":true,"href":"https:\/\/elmetropolitano.com.gt\/es\/wp-json\/wp\/v2\/categories?post=59680"},{"taxonomy":"post_tag","embeddable":true,"href":"https:\/\/elmetropolitano.com.gt\/es\/wp-json\/wp\/v2\/tags?post=59680"}],"curies":[{"name":"wp","href":"https:\/\/api.w.org\/{rel}","templated":true}]}}