{"id":59710,"date":"2023-01-13T17:18:47","date_gmt":"2023-01-13T23:18:47","guid":{"rendered":"https:\/\/elmetropolitano.com.gt\/es\/?p=59710"},"modified":"2023-01-13T17:18:48","modified_gmt":"2023-01-13T23:18:48","slug":"economia-de-esquipulas-se-reactiva-con-llegada-de-peregrinos","status":"publish","type":"post","link":"https:\/\/elmetropolitano.com.gt\/es\/economia-de-esquipulas-se-reactiva-con-llegada-de-peregrinos\/","title":{"rendered":"Econom\u00eda de Esquipulas se reactiva con llegada de peregrinos"},"content":{"rendered":"\n<p>Comerciantes de productos tradicionales de Esquipulas prev\u00e9n un incremento en las ventas este viernes y durante el fin de semana, por el ingreso de turistas y peregrinos que llegan a venerar al Cristo Negro.<\/p>\n\n\n\n<p>Los negociantes se mostraron positivos ante la reactivaci\u00f3n econ\u00f3mica que supone el retomar una de las tradiciones religiosas m\u00e1s importantes de la \u00e9poca en el municipio chiquimulteco.<\/p><div class=\"elmet-contenido\" id=\"elmet-2393884388\"><div class=\"elmet-adlabel\">Anuncios<\/div><div style=\"margin-top: 20px;margin-right: 20px;margin-bottom: 20px;margin-left: 20px;\" id=\"elmet-2764849749\"><a href=\"https:\/\/www.facebook.com\/arrincuanantigua\/\" aria-label=\"cintillo-arrin-cual\"><img loading=\"lazy\" decoding=\"async\" src=\"https:\/\/elmetropolitano.com.gt\/es\/wp-content\/uploads\/2021\/11\/cintillo-arrin-cual-1.jpg\" alt=\"\"  srcset=\"https:\/\/elmetropolitano.com.gt\/es\/wp-content\/uploads\/2021\/11\/cintillo-arrin-cual-1.jpg 750w, https:\/\/elmetropolitano.com.gt\/es\/wp-content\/uploads\/2021\/11\/cintillo-arrin-cual-1-300x36.jpg 300w, https:\/\/elmetropolitano.com.gt\/es\/wp-content\/uploads\/2021\/11\/cintillo-arrin-cual-1-600x72.jpg 600w\" sizes=\"(max-width: 750px) 100vw, 750px\" width=\"750\" height=\"90\"   \/><\/a><\/div><\/div>\n\n\n\n<p>Las <a><\/a>restricciones establecidas durante la etapa m\u00e1s cr\u00edtica de la pandemia del COVID-19 afect\u00f3 al sector, pues las ventas bajaron. Debido a esto, se espera que este a\u00f1o se inicie la recuperaci\u00f3n, ya que nuevamente hay visitantes nacionales y extranjeros.<\/p>\n\n\n\n<p>Dulces y platillos t\u00edpicos, pulseras, carteras, cuadros, mantas y otros art\u00edculos elaborados por artesanos locales, as\u00ed como im\u00e1genes religiosas, est\u00e1n en exhibici\u00f3n y disponibles para los turistas.<\/p>\n\n\n\n<p>Algunos de los puntos establecidos para su comercializaci\u00f3n son la plaza Santa Fe, alrededores de la bas\u00edlica y la conocida Piedra de los Compadres<\/p>\n\n\n\n<p>Alejandra Flores y su hijo Mynor Santos forman parte de los comerciantes del lugar y comentaron que desde el jueves aument\u00f3 la presencia de viajeros. De esa cuenta, se prev\u00e9 un mayor movimiento desde hoy y hasta el domingo.<\/p>\n\n\n\n<p>En este \u00faltimo d\u00eda se conmemora al Cristo Negro que est\u00e1 resguardado en el templo y es la c\u00faspide de las festividades tanto religiosas como culturales.<\/p>\n\n\n\n<p>Marisol Lorenzana, quien tambi\u00e9n ofrece sus productos en la plaza Santa Fe, invit\u00f3 a los turistas a disfrutar de las tradiciones locales y llevar un recuerdo a casa del municipio conocido como la Capital Centroamericana de la Fe.<\/p>\n\n\n\n<p>Hoteles y restaurantes<\/p>\n\n\n\n<p>Otros sectores en los cuales se han reportado mayores ingresos desde el domingo pasado, cuando comenz\u00f3 la feria, son el hotelero y de restaurantes.<\/p>\n\n\n\n<p>En ambos se han efectuado capacitaciones dirigidas por instituciones estatales. La finalidad es garantizar la seguridad, tranquilidad y bienestar de los visitantes. Estas inducciones han abarcado temas como prevenci\u00f3n del COVID-19 e inocuidad de los alimentos.<\/p>\n\n\n\n<p>De acuerdo con las autoridades, especialmente este fin de semana se espera un alza en el transporte de turistas, as\u00ed como visitas a balnearios y r\u00edos, entre otros destinos populares.<\/p>\n\n\n\n<p>Fotos: Karla Peralta y cortes\u00eda<\/p>\n\n\n\n<p>#metroredes<\/p>\n\n\n\n<figure class=\"wp-block-gallery has-nested-images columns-default is-cropped wp-block-gallery-1 is-layout-flex wp-block-gallery-is-layout-flex\">\n<figure class=\"wp-block-image size-large\"><img loading=\"lazy\" decoding=\"async\" width=\"1024\" height=\"683\" data-id=\"59712\" src=\"https:\/\/elmetropolitano.com.gt\/es\/wp-content\/uploads\/2023\/01\/321508620_919315445729516_4155756508610723754_n.jpg\" alt=\"\" class=\"wp-image-59712\" srcset=\"https:\/\/elmetropolitano.com.gt\/es\/wp-content\/uploads\/2023\/01\/321508620_919315445729516_4155756508610723754_n.jpg 1024w, https:\/\/elmetropolitano.com.gt\/es\/wp-content\/uploads\/2023\/01\/321508620_919315445729516_4155756508610723754_n-300x200.jpg 300w, https:\/\/elmetropolitano.com.gt\/es\/wp-content\/uploads\/2023\/01\/321508620_919315445729516_4155756508610723754_n-768x512.jpg 768w, https:\/\/elmetropolitano.com.gt\/es\/wp-content\/uploads\/2023\/01\/321508620_919315445729516_4155756508610723754_n-600x400.jpg 600w\" sizes=\"auto, (max-width: 1024px) 100vw, 1024px\" \/><\/figure>\n\n\n\n<figure class=\"wp-block-image size-large\"><img loading=\"lazy\" decoding=\"async\" width=\"993\" height=\"473\" data-id=\"59713\" src=\"https:\/\/elmetropolitano.com.gt\/es\/wp-content\/uploads\/2023\/01\/322963267_1132390367459902_5227365374845578961_n.jpg\" alt=\"\" class=\"wp-image-59713\" srcset=\"https:\/\/elmetropolitano.com.gt\/es\/wp-content\/uploads\/2023\/01\/322963267_1132390367459902_5227365374845578961_n.jpg 993w, https:\/\/elmetropolitano.com.gt\/es\/wp-content\/uploads\/2023\/01\/322963267_1132390367459902_5227365374845578961_n-300x143.jpg 300w, https:\/\/elmetropolitano.com.gt\/es\/wp-content\/uploads\/2023\/01\/322963267_1132390367459902_5227365374845578961_n-768x366.jpg 768w, https:\/\/elmetropolitano.com.gt\/es\/wp-content\/uploads\/2023\/01\/322963267_1132390367459902_5227365374845578961_n-600x286.jpg 600w\" sizes=\"auto, (max-width: 993px) 100vw, 993px\" \/><\/figure>\n\n\n\n<figure class=\"wp-block-image size-large\"><img loading=\"lazy\" decoding=\"async\" width=\"1024\" height=\"768\" data-id=\"59714\" src=\"https:\/\/elmetropolitano.com.gt\/es\/wp-content\/uploads\/2023\/01\/324890850_479607284141000_8360933205742124840_n-1024x768.jpg\" alt=\"\" class=\"wp-image-59714\" srcset=\"https:\/\/elmetropolitano.com.gt\/es\/wp-content\/uploads\/2023\/01\/324890850_479607284141000_8360933205742124840_n-1024x768.jpg 1024w, https:\/\/elmetropolitano.com.gt\/es\/wp-content\/uploads\/2023\/01\/324890850_479607284141000_8360933205742124840_n-300x225.jpg 300w, https:\/\/elmetropolitano.com.gt\/es\/wp-content\/uploads\/2023\/01\/324890850_479607284141000_8360933205742124840_n-768x576.jpg 768w, https:\/\/elmetropolitano.com.gt\/es\/wp-content\/uploads\/2023\/01\/324890850_479607284141000_8360933205742124840_n-1536x1152.jpg 1536w, https:\/\/elmetropolitano.com.gt\/es\/wp-content\/uploads\/2023\/01\/324890850_479607284141000_8360933205742124840_n-600x450.jpg 600w, https:\/\/elmetropolitano.com.gt\/es\/wp-content\/uploads\/2023\/01\/324890850_479607284141000_8360933205742124840_n.jpg 1600w\" sizes=\"auto, (max-width: 1024px) 100vw, 1024px\" \/><\/figure>\n<\/figure>\n","protected":false},"excerpt":{"rendered":"<p>Comerciantes de productos tradicionales de Esquipulas prev\u00e9n un incremento en las ventas este viernes y durante el fin de semana, por el ingreso de turistas y peregrinos que llegan a venerar al Cristo Negro. Los negociantes se mostraron positivos ante la reactivaci\u00f3n econ\u00f3mica que supone el retomar una de las tradiciones religiosas m\u00e1s importantes de <a class=\"read-more\" href=\"https:\/\/elmetropolitano.com.gt\/es\/economia-de-esquipulas-se-reactiva-con-llegada-de-peregrinos\/\">Leer m\u00e1s<\/a><\/p>\n","protected":false},"author":1,"featured_media":59711,"comment_status":"open","ping_status":"closed","sticky":false,"template":"","format":"standard","meta":{"footnotes":""},"categories":[4],"tags":[13],"class_list":["post-59710","post","type-post","status-publish","format-standard","has-post-thumbnail","hentry","category-departamentales","tag-departamentales"],"_links":{"self":[{"href":"https:\/\/elmetropolitano.com.gt\/es\/wp-json\/wp\/v2\/posts\/59710","targetHints":{"allow":["GET"]}}],"collection":[{"href":"https:\/\/elmetropolitano.com.gt\/es\/wp-json\/wp\/v2\/posts"}],"about":[{"href":"https:\/\/elmetropolitano.com.gt\/es\/wp-json\/wp\/v2\/types\/post"}],"author":[{"embeddable":true,"href":"https:\/\/elmetropolitano.com.gt\/es\/wp-json\/wp\/v2\/users\/1"}],"replies":[{"embeddable":true,"href":"https:\/\/elmetropolitano.com.gt\/es\/wp-json\/wp\/v2\/comments?post=59710"}],"version-history":[{"count":1,"href":"https:\/\/elmetropolitano.com.gt\/es\/wp-json\/wp\/v2\/posts\/59710\/revisions"}],"predecessor-version":[{"id":59715,"href":"https:\/\/elmetropolitano.com.gt\/es\/wp-json\/wp\/v2\/posts\/59710\/revisions\/59715"}],"wp:featuredmedia":[{"embeddable":true,"href":"https:\/\/elmetropolitano.com.gt\/es\/wp-json\/wp\/v2\/media\/59711"}],"wp:attachment":[{"href":"https:\/\/elmetropolitano.com.gt\/es\/wp-json\/wp\/v2\/media?parent=59710"}],"wp:term":[{"taxonomy":"category","embeddable":true,"href":"https:\/\/elmetropolitano.com.gt\/es\/wp-json\/wp\/v2\/categories?post=59710"},{"taxonomy":"post_tag","embeddable":true,"href":"https:\/\/elmetropolitano.com.gt\/es\/wp-json\/wp\/v2\/tags?post=59710"}],"curies":[{"name":"wp","href":"https:\/\/api.w.org\/{rel}","templated":true}]}}