{"id":59736,"date":"2023-01-14T11:48:30","date_gmt":"2023-01-14T17:48:30","guid":{"rendered":"https:\/\/elmetropolitano.com.gt\/es\/?p=59736"},"modified":"2023-01-14T11:48:33","modified_gmt":"2023-01-14T17:48:33","slug":"presidente-destaca-funcion-de-fuerzas-de-mar-del-ejercito-de-guatemala","status":"publish","type":"post","link":"https:\/\/elmetropolitano.com.gt\/es\/presidente-destaca-funcion-de-fuerzas-de-mar-del-ejercito-de-guatemala\/","title":{"rendered":"Presidente destaca funci\u00f3n de fuerzas de mar del Ej\u00e9rcito de Guatemala"},"content":{"rendered":"\n<p>El presidente Alejandro Giammattei destac\u00f3 el trabajo de las fuerzas de mar del Ej\u00e9rcito de Guatemala, en su participaci\u00f3n en los actos conmemorativos del 64 aniversario de la Marina de la Defensa Nacional. El acto especial se desarroll\u00f3 en la Base Naval del Pac\u00edfico.<\/p>\n\n\n\n<p>Adem\u00e1s, en el evento record\u00f3 que la principal misi\u00f3n de la instituci\u00f3n es custodiar los espacios acu\u00e1ticos jurisdiccionales del Estado de <a><\/a>Guatemala, proteger los intereses de los guatemaltecos en el mar y enfrentar las amenazas transnacionales de actividades il\u00edcitas.<\/p><div class=\"elmet-contenido\" id=\"elmet-1213978938\"><div class=\"elmet-adlabel\">Anuncios<\/div><div style=\"margin-top: 20px;margin-right: 20px;margin-bottom: 20px;margin-left: 20px;\" id=\"elmet-3355296853\"><a href=\"https:\/\/www.facebook.com\/arrincuanantigua\/\" aria-label=\"cintillo-arrin-cual\"><img loading=\"lazy\" decoding=\"async\" src=\"https:\/\/elmetropolitano.com.gt\/es\/wp-content\/uploads\/2021\/11\/cintillo-arrin-cual-1.jpg\" alt=\"\"  srcset=\"https:\/\/elmetropolitano.com.gt\/es\/wp-content\/uploads\/2021\/11\/cintillo-arrin-cual-1.jpg 750w, https:\/\/elmetropolitano.com.gt\/es\/wp-content\/uploads\/2021\/11\/cintillo-arrin-cual-1-300x36.jpg 300w, https:\/\/elmetropolitano.com.gt\/es\/wp-content\/uploads\/2021\/11\/cintillo-arrin-cual-1-600x72.jpg 600w\" sizes=\"(max-width: 750px) 100vw, 750px\" width=\"750\" height=\"90\"   \/><\/a><\/div><\/div>\n\n\n\n<p>Tripulantes de la Marina de la Defensa Nacional les orden\u00f3 que sigan dejando la estela imborrable de logros que hasta el momento han trazado en nuestras aguas jurisdiccionales, refiri\u00f3 el presidente Giammattei.<\/p>\n\n\n\n<p>En ese aspecto, agradeci\u00f3 a cada uno de los elementos por su esfuerzo, entrega y servicio que han prestado a la naci\u00f3n.<\/p>\n\n\n\n<p>Fortalecimiento<\/p>\n\n\n\n<p>En su visita al sur del pa\u00eds, Giammattei record\u00f3 que hace tres a\u00f1os se comprometi\u00f3 con Guatemala para seguir fortaleciendo las capacidades del Estado.<\/p>\n\n\n\n<p>Por este tema, enfatiz\u00f3 que ha dado instrucciones al Ministerio de la Defensa Nacional para continuar el robustecimiento y adquisici\u00f3n de capacidades de las tres fuerzas del Ej\u00e9rcito de Guatemala.<\/p>\n\n\n\n<p>Explic\u00f3 que en el \u00e1mbito marino se efect\u00faan convenios necesarios para establecer una hoja de ruta, con el fin de renovar las embarcaciones que han protegido el mar por m\u00e1s de cinco d\u00e9cadas.<\/p>\n\n\n\n<p>Asimismo, explic\u00f3 que se espera sumar medios y entrenamientos, en el combate al crimen transnacional en los espacios acu\u00e1ticos.<\/p>\n\n\n\n<p>Son inversiones que, adem\u00e1s de dar certeza a los tripulantes, servir\u00e1n para brindar una mejor seguridad a la navegaci\u00f3n, mencion\u00f3.<\/p>\n\n\n\n<p>Lo anterior permitir\u00e1 fortalecer el control de las aguas soberanas contra su empleo en acciones il\u00edcitas que se vinculen con el narcotr\u00e1fico y el crimen transnacional.<\/p>\n\n\n\n<p>Finalmente, el Presidente felicit\u00f3 al Ej\u00e9rcito de Guatemala por su lucha contin\u00faa contra este flagelo por aire, mar y tierra.<\/p>\n\n\n\n<p>Quiero enfatizar mi felicitaci\u00f3n a los tripulantes de las fuerzas de mar, a infantes de la Marina, a los polic\u00edas navales, a la mariner\u00eda y al cuerpo de oficiales por los logros de estos \u00faltimos 12 meses, que reflejan una continuidad progresiva de resultados exitosos, agreg\u00f3.<\/p>\n\n\n\n<p>La actividad<\/p>\n\n\n\n<p>En la actividad, las unidades participantes dieron los honores al alto mando del Ej\u00e9rcito de Guatemala y honores a la Bandera Nacional de Guatemala, a su ingreso al \u00e1rea de ceremonias.<\/p>\n\n\n\n<p>Adem\u00e1s, se hizo la invocaci\u00f3n a Dios, a cargo del coronel asimilado Jorge Fernando Divassi y se dio un toque de silencio en honor a los h\u00e9roes ca\u00eddos en el cumplimiento del deber.<\/p>\n\n\n\n<p>Finalmente, se realiz\u00f3 la demostraci\u00f3n de las capacidades de interceptaci\u00f3n de las fuerzas de mar.<\/p>\n\n\n\n<p>Actualmente, la Marina de la Defensa Nacional tiene a su cargo la Escuela Naval, la cual cuenta con un simulador de navegaci\u00f3n de primera generaci\u00f3n, uno de los mejores de Latinoam\u00e9rica. Este permite mejorar las habilidades de los tripulantes de la instituci\u00f3n.<\/p>\n\n\n\n<p>En el acto especial, se record\u00f3 que se contin\u00faa con la incautaci\u00f3n de drogas en aguas jurisdiccionales guatemaltecas.<\/p>\n\n\n\n<p>Adem\u00e1s, se destac\u00f3 el apoyo que se brinda en la protecci\u00f3n de los recursos naturales marinos, as\u00ed como de la seguridad de la navegaci\u00f3n en los espacios acu\u00e1ticos.<\/p>\n\n\n\n<p>En ese aspecto, se reiter\u00f3 el compromiso de defender los mares, ejerciendo la soberan\u00eda que la Constituci\u00f3n Pol\u00edtica de la Rep\u00fablica establece.<\/p>\n\n\n\n<p>Su accionar<\/p>\n\n\n\n<p>La Marina de la Defensa Nacional ejecuta operaciones navales en resguardo de la soberan\u00eda de las aguas nacionales y vela por los intereses del Estado.<\/p>\n\n\n\n<p>Adem\u00e1s, esta entidad efect\u00faa operaciones navales para cumplir con tres tareas:<\/p>\n\n\n\n<p>-defensa naval<\/p>\n\n\n\n<p>-salvaguarda naval y desarrollo mar\u00edtimo<\/p>\n\n\n\n<p>-diplomacia naval<\/p>\n\n\n\n<p>Para desarrollar sus funciones, la entidad cuenta con los comandos navales del Caribe y el Pac\u00edfico. Asimismo, con la Brigada de Infanter\u00eda de Marina y el Comando de Fuerza Especial Naval, como unidades operativas<\/p>\n\n\n\n<p><a href=\"https:\/\/www.facebook.com\/hashtag\/marinadefensanacional?__eep__=6&amp;__cft__[0]=AZXlInmA7UZNH34DsSeEbah37kaPcLNplFiOj8r7zMYkL5CxKHqonfen7TBtvre-eSxYT4UunyMLo-aY39JMaLxOv74sUMFwWob2-_1Bws2Wl2VBPHNrR0FwA74IW_lc6N3Fd38TqclTxgku4EUVU-MACQzhUM0b3ceYpoHvqdH6XyTTvXlO363b3euuz1lcNfw&amp;__tn__=*NK-R\">#marinadefensanacional<\/a><a href=\"https:\/\/www.facebook.com\/hashtag\/metroredes?__eep__=6&amp;__cft__[0]=AZXlInmA7UZNH34DsSeEbah37kaPcLNplFiOj8r7zMYkL5CxKHqonfen7TBtvre-eSxYT4UunyMLo-aY39JMaLxOv74sUMFwWob2-_1Bws2Wl2VBPHNrR0FwA74IW_lc6N3Fd38TqclTxgku4EUVU-MACQzhUM0b3ceYpoHvqdH6XyTTvXlO363b3euuz1lcNfw&amp;__tn__=*NK-R\">#metroredes<\/a><\/p>\n\n\n\n<figure class=\"wp-block-gallery has-nested-images columns-default is-cropped wp-block-gallery-1 is-layout-flex wp-block-gallery-is-layout-flex\">\n<figure class=\"wp-block-image size-large\"><img loading=\"lazy\" decoding=\"async\" width=\"1024\" height=\"682\" data-id=\"59739\" src=\"https:\/\/elmetropolitano.com.gt\/es\/wp-content\/uploads\/2023\/01\/324249412_992955445017582_5508239336912655635_n-1024x682.jpg\" alt=\"\" class=\"wp-image-59739\" srcset=\"https:\/\/elmetropolitano.com.gt\/es\/wp-content\/uploads\/2023\/01\/324249412_992955445017582_5508239336912655635_n-1024x682.jpg 1024w, https:\/\/elmetropolitano.com.gt\/es\/wp-content\/uploads\/2023\/01\/324249412_992955445017582_5508239336912655635_n-300x200.jpg 300w, https:\/\/elmetropolitano.com.gt\/es\/wp-content\/uploads\/2023\/01\/324249412_992955445017582_5508239336912655635_n-768x512.jpg 768w, https:\/\/elmetropolitano.com.gt\/es\/wp-content\/uploads\/2023\/01\/324249412_992955445017582_5508239336912655635_n-600x400.jpg 600w, https:\/\/elmetropolitano.com.gt\/es\/wp-content\/uploads\/2023\/01\/324249412_992955445017582_5508239336912655635_n.jpg 1280w\" sizes=\"auto, (max-width: 1024px) 100vw, 1024px\" \/><\/figure>\n\n\n\n<figure class=\"wp-block-image size-large\"><img loading=\"lazy\" decoding=\"async\" width=\"446\" height=\"297\" data-id=\"59738\" src=\"https:\/\/elmetropolitano.com.gt\/es\/wp-content\/uploads\/2023\/01\/325186820_1360039421413727_3261126119684108816_n.jpg\" alt=\"\" class=\"wp-image-59738\" srcset=\"https:\/\/elmetropolitano.com.gt\/es\/wp-content\/uploads\/2023\/01\/325186820_1360039421413727_3261126119684108816_n.jpg 446w, https:\/\/elmetropolitano.com.gt\/es\/wp-content\/uploads\/2023\/01\/325186820_1360039421413727_3261126119684108816_n-300x200.jpg 300w\" sizes=\"auto, (max-width: 446px) 100vw, 446px\" \/><\/figure>\n\n\n\n<figure class=\"wp-block-image size-large\"><img loading=\"lazy\" decoding=\"async\" width=\"446\" height=\"297\" data-id=\"59740\" src=\"https:\/\/elmetropolitano.com.gt\/es\/wp-content\/uploads\/2023\/01\/325198199_851357239489462_6680113522202794346_n-1.jpg\" alt=\"\" class=\"wp-image-59740\" srcset=\"https:\/\/elmetropolitano.com.gt\/es\/wp-content\/uploads\/2023\/01\/325198199_851357239489462_6680113522202794346_n-1.jpg 446w, https:\/\/elmetropolitano.com.gt\/es\/wp-content\/uploads\/2023\/01\/325198199_851357239489462_6680113522202794346_n-1-300x200.jpg 300w\" sizes=\"auto, (max-width: 446px) 100vw, 446px\" \/><\/figure>\n\n\n\n<figure class=\"wp-block-image size-large\"><img loading=\"lazy\" decoding=\"async\" width=\"446\" height=\"297\" data-id=\"59741\" src=\"https:\/\/elmetropolitano.com.gt\/es\/wp-content\/uploads\/2023\/01\/325198199_851357239489462_6680113522202794346_n.jpg\" alt=\"\" class=\"wp-image-59741\" srcset=\"https:\/\/elmetropolitano.com.gt\/es\/wp-content\/uploads\/2023\/01\/325198199_851357239489462_6680113522202794346_n.jpg 446w, https:\/\/elmetropolitano.com.gt\/es\/wp-content\/uploads\/2023\/01\/325198199_851357239489462_6680113522202794346_n-300x200.jpg 300w\" sizes=\"auto, (max-width: 446px) 100vw, 446px\" \/><\/figure>\n\n\n\n<figure class=\"wp-block-image size-large\"><img loading=\"lazy\" decoding=\"async\" width=\"960\" height=\"480\" data-id=\"59742\" src=\"https:\/\/elmetropolitano.com.gt\/es\/wp-content\/uploads\/2023\/01\/325203528_488483306818265_5408015738768171509_n.jpg\" alt=\"\" class=\"wp-image-59742\" srcset=\"https:\/\/elmetropolitano.com.gt\/es\/wp-content\/uploads\/2023\/01\/325203528_488483306818265_5408015738768171509_n.jpg 960w, https:\/\/elmetropolitano.com.gt\/es\/wp-content\/uploads\/2023\/01\/325203528_488483306818265_5408015738768171509_n-300x150.jpg 300w, https:\/\/elmetropolitano.com.gt\/es\/wp-content\/uploads\/2023\/01\/325203528_488483306818265_5408015738768171509_n-768x384.jpg 768w, https:\/\/elmetropolitano.com.gt\/es\/wp-content\/uploads\/2023\/01\/325203528_488483306818265_5408015738768171509_n-600x300.jpg 600w\" sizes=\"auto, (max-width: 960px) 100vw, 960px\" \/><\/figure>\n\n\n\n<figure class=\"wp-block-image size-large\"><img loading=\"lazy\" decoding=\"async\" width=\"960\" height=\"640\" data-id=\"59743\" src=\"https:\/\/elmetropolitano.com.gt\/es\/wp-content\/uploads\/2023\/01\/325383629_499514252268501_1525792764989145413_n.jpg\" alt=\"\" class=\"wp-image-59743\" srcset=\"https:\/\/elmetropolitano.com.gt\/es\/wp-content\/uploads\/2023\/01\/325383629_499514252268501_1525792764989145413_n.jpg 960w, https:\/\/elmetropolitano.com.gt\/es\/wp-content\/uploads\/2023\/01\/325383629_499514252268501_1525792764989145413_n-300x200.jpg 300w, https:\/\/elmetropolitano.com.gt\/es\/wp-content\/uploads\/2023\/01\/325383629_499514252268501_1525792764989145413_n-768x512.jpg 768w, https:\/\/elmetropolitano.com.gt\/es\/wp-content\/uploads\/2023\/01\/325383629_499514252268501_1525792764989145413_n-600x400.jpg 600w\" sizes=\"auto, (max-width: 960px) 100vw, 960px\" \/><\/figure>\n\n\n\n<figure class=\"wp-block-image size-large\"><img loading=\"lazy\" decoding=\"async\" width=\"446\" height=\"297\" data-id=\"59744\" src=\"https:\/\/elmetropolitano.com.gt\/es\/wp-content\/uploads\/2023\/01\/325595534_867799631091145_6180978373845885677_n.jpg\" alt=\"\" class=\"wp-image-59744\" srcset=\"https:\/\/elmetropolitano.com.gt\/es\/wp-content\/uploads\/2023\/01\/325595534_867799631091145_6180978373845885677_n.jpg 446w, https:\/\/elmetropolitano.com.gt\/es\/wp-content\/uploads\/2023\/01\/325595534_867799631091145_6180978373845885677_n-300x200.jpg 300w\" sizes=\"auto, (max-width: 446px) 100vw, 446px\" \/><\/figure>\n<\/figure>\n","protected":false},"excerpt":{"rendered":"<p>El presidente Alejandro Giammattei destac\u00f3 el trabajo de las fuerzas de mar del Ej\u00e9rcito de Guatemala, en su participaci\u00f3n en los actos conmemorativos del 64 aniversario de la Marina de la Defensa Nacional. El acto especial se desarroll\u00f3 en la Base Naval del Pac\u00edfico. Adem\u00e1s, en el evento record\u00f3 que la principal misi\u00f3n de la <a class=\"read-more\" href=\"https:\/\/elmetropolitano.com.gt\/es\/presidente-destaca-funcion-de-fuerzas-de-mar-del-ejercito-de-guatemala\/\">Leer m\u00e1s<\/a><\/p>\n","protected":false},"author":1,"featured_media":59737,"comment_status":"open","ping_status":"closed","sticky":false,"template":"","format":"standard","meta":{"footnotes":""},"categories":[4],"tags":[13],"class_list":["post-59736","post","type-post","status-publish","format-standard","has-post-thumbnail","hentry","category-departamentales","tag-departamentales"],"_links":{"self":[{"href":"https:\/\/elmetropolitano.com.gt\/es\/wp-json\/wp\/v2\/posts\/59736","targetHints":{"allow":["GET"]}}],"collection":[{"href":"https:\/\/elmetropolitano.com.gt\/es\/wp-json\/wp\/v2\/posts"}],"about":[{"href":"https:\/\/elmetropolitano.com.gt\/es\/wp-json\/wp\/v2\/types\/post"}],"author":[{"embeddable":true,"href":"https:\/\/elmetropolitano.com.gt\/es\/wp-json\/wp\/v2\/users\/1"}],"replies":[{"embeddable":true,"href":"https:\/\/elmetropolitano.com.gt\/es\/wp-json\/wp\/v2\/comments?post=59736"}],"version-history":[{"count":1,"href":"https:\/\/elmetropolitano.com.gt\/es\/wp-json\/wp\/v2\/posts\/59736\/revisions"}],"predecessor-version":[{"id":59745,"href":"https:\/\/elmetropolitano.com.gt\/es\/wp-json\/wp\/v2\/posts\/59736\/revisions\/59745"}],"wp:featuredmedia":[{"embeddable":true,"href":"https:\/\/elmetropolitano.com.gt\/es\/wp-json\/wp\/v2\/media\/59737"}],"wp:attachment":[{"href":"https:\/\/elmetropolitano.com.gt\/es\/wp-json\/wp\/v2\/media?parent=59736"}],"wp:term":[{"taxonomy":"category","embeddable":true,"href":"https:\/\/elmetropolitano.com.gt\/es\/wp-json\/wp\/v2\/categories?post=59736"},{"taxonomy":"post_tag","embeddable":true,"href":"https:\/\/elmetropolitano.com.gt\/es\/wp-json\/wp\/v2\/tags?post=59736"}],"curies":[{"name":"wp","href":"https:\/\/api.w.org\/{rel}","templated":true}]}}