{"id":59746,"date":"2023-01-14T11:51:51","date_gmt":"2023-01-14T17:51:51","guid":{"rendered":"https:\/\/elmetropolitano.com.gt\/es\/?p=59746"},"modified":"2023-01-14T11:51:52","modified_gmt":"2023-01-14T17:51:52","slug":"continua-construccion-de-edificios-escolares-en-alta-verapaz","status":"publish","type":"post","link":"https:\/\/elmetropolitano.com.gt\/es\/continua-construccion-de-edificios-escolares-en-alta-verapaz\/","title":{"rendered":"Contin\u00faa construcci\u00f3n de edificios escolares en Alta Verapaz"},"content":{"rendered":"\n<p>Los adolescentes y j\u00f3venes que cursan el ciclo b\u00e1sico en el casco urbano de Chahal, Alta Verapaz, contar\u00e1n con ambientes adecuados para desarrollar sus actividades, gracias a la construcci\u00f3n de un edificio financiado por el consejo departamental de desarrollo.<\/p>\n\n\n\n<p>En atenci\u00f3n a una de las prioridades del Gobierno central, se viabiliz\u00f3 la dotaci\u00f3n de instalaciones propias para el instituto de educaci\u00f3n b\u00e1sica que funciona <a><\/a>en la cabecera municipal. Seg\u00fan el sitio del Sistema Nacional de Inversi\u00f3n P\u00fablica (SNIP), el avance f\u00edsico del proyecto es de 85 %.<\/p><div class=\"elmet-contenido\" id=\"elmet-3720333103\"><div class=\"elmet-adlabel\">Anuncios<\/div><div style=\"margin-top: 20px;margin-right: 20px;margin-bottom: 20px;margin-left: 20px;\" id=\"elmet-756027876\"><a href=\"https:\/\/www.facebook.com\/arrincuanantigua\/\" aria-label=\"cintillo-arrin-cual\"><img loading=\"lazy\" decoding=\"async\" src=\"https:\/\/elmetropolitano.com.gt\/es\/wp-content\/uploads\/2021\/11\/cintillo-arrin-cual-1.jpg\" alt=\"\"  srcset=\"https:\/\/elmetropolitano.com.gt\/es\/wp-content\/uploads\/2021\/11\/cintillo-arrin-cual-1.jpg 750w, https:\/\/elmetropolitano.com.gt\/es\/wp-content\/uploads\/2021\/11\/cintillo-arrin-cual-1-300x36.jpg 300w, https:\/\/elmetropolitano.com.gt\/es\/wp-content\/uploads\/2021\/11\/cintillo-arrin-cual-1-600x72.jpg 600w\" sizes=\"(max-width: 750px) 100vw, 750px\" width=\"750\" height=\"90\"   \/><\/a><\/div><\/div>\n\n\n\n<p>El inmueble contar\u00e1 con 2 niveles, en los cuales se distribuir\u00e1n 7 aulas; tambi\u00e9n habr\u00e1 un laboratorio de computaci\u00f3n, oficina de direcci\u00f3n y servicios sanitarios, entre otros espacios. El beneficio ser\u00e1 para m\u00e1s de 200 estudiantes.<\/p>\n\n\n\n<p>En la ficha t\u00e9cnica publicada en el portal del SNIP se indica que al brindar instalaciones dignas a los alumnos se favorece su permanencia en las aulas y la retenci\u00f3n de los contenidos, lo cual impacta en la calidad educativa.<\/p>\n\n\n\n<p>Tambi\u00e9n se hace ver que los catedr\u00e1ticos se ven favorecidos al contar con mobiliario propio para impartir clases, pues en el contrato se establece que el edificio se entregar\u00e1 completamente equipado.<\/p>\n\n\n\n<p>El objetivo es proporcionar tanto docentes como alumnos un ambiente sano para el desarrollo del proceso ense\u00f1anza-aprendizaje, se lee en el documento.<\/p>\n\n\n\n<p>Por su parte, autoridades locales manifestaron que con este tipo de acciones se beneficia no solo a la comunidad educativa, sino a todo el municipio. Agregaron que al formar mejor a los adolescentes y j\u00f3venes se trabaja por la prosperidad econ\u00f3mica y social.<\/p>\n\n\n\n<p>Texto: Andony Coronado<\/p>\n\n\n\n<p><a href=\"https:\/\/www.facebook.com\/hashtag\/metroredes?__eep__=6&amp;__cft__[0]=AZVHD0xuHbFxo8vLMWtUqc5654MmS35_2h-EwoPe7q3vzY7YdLorPqCwwK66xBEkj0zhfqctpBVwm_5VH24v9jRlWXRKDERIEQ22GFLVo36SNYroWHMKoQi6r2W83kDNsrOwe3zXnFBuNASxvDOd7ZKffdAUm4aEbM5ofIaB5kA30-6IgJAko53yabNy4OLZrow&amp;__tn__=*NK-R\">#metroredes<\/a><a href=\"https:\/\/www.facebook.com\/hashtag\/altaverapaz?__eep__=6&amp;__cft__[0]=AZVHD0xuHbFxo8vLMWtUqc5654MmS35_2h-EwoPe7q3vzY7YdLorPqCwwK66xBEkj0zhfqctpBVwm_5VH24v9jRlWXRKDERIEQ22GFLVo36SNYroWHMKoQi6r2W83kDNsrOwe3zXnFBuNASxvDOd7ZKffdAUm4aEbM5ofIaB5kA30-6IgJAko53yabNy4OLZrow&amp;__tn__=*NK-R\">#AltaVerapaz<\/a><\/p>\n\n\n\n<figure class=\"wp-block-gallery has-nested-images columns-default is-cropped wp-block-gallery-1 is-layout-flex wp-block-gallery-is-layout-flex\">\n<figure class=\"wp-block-image size-large\"><img loading=\"lazy\" decoding=\"async\" width=\"1024\" height=\"528\" data-id=\"59748\" src=\"https:\/\/elmetropolitano.com.gt\/es\/wp-content\/uploads\/2023\/01\/325577404_1287002861865779_4192359105911807088_n-1024x528.jpg\" alt=\"\" class=\"wp-image-59748\" srcset=\"https:\/\/elmetropolitano.com.gt\/es\/wp-content\/uploads\/2023\/01\/325577404_1287002861865779_4192359105911807088_n-1024x528.jpg 1024w, https:\/\/elmetropolitano.com.gt\/es\/wp-content\/uploads\/2023\/01\/325577404_1287002861865779_4192359105911807088_n-300x155.jpg 300w, https:\/\/elmetropolitano.com.gt\/es\/wp-content\/uploads\/2023\/01\/325577404_1287002861865779_4192359105911807088_n-768x396.jpg 768w, https:\/\/elmetropolitano.com.gt\/es\/wp-content\/uploads\/2023\/01\/325577404_1287002861865779_4192359105911807088_n-600x309.jpg 600w, https:\/\/elmetropolitano.com.gt\/es\/wp-content\/uploads\/2023\/01\/325577404_1287002861865779_4192359105911807088_n.jpg 1228w\" sizes=\"auto, (max-width: 1024px) 100vw, 1024px\" \/><\/figure>\n<\/figure>\n","protected":false},"excerpt":{"rendered":"<p>Los adolescentes y j\u00f3venes que cursan el ciclo b\u00e1sico en el casco urbano de Chahal, Alta Verapaz, contar\u00e1n con ambientes adecuados para desarrollar sus actividades, gracias a la construcci\u00f3n de un edificio financiado por el consejo departamental de desarrollo. En atenci\u00f3n a una de las prioridades del Gobierno central, se viabiliz\u00f3 la dotaci\u00f3n de instalaciones <a class=\"read-more\" href=\"https:\/\/elmetropolitano.com.gt\/es\/continua-construccion-de-edificios-escolares-en-alta-verapaz\/\">Leer m\u00e1s<\/a><\/p>\n","protected":false},"author":1,"featured_media":59747,"comment_status":"open","ping_status":"closed","sticky":false,"template":"","format":"standard","meta":{"footnotes":""},"categories":[4],"tags":[13],"class_list":["post-59746","post","type-post","status-publish","format-standard","has-post-thumbnail","hentry","category-departamentales","tag-departamentales"],"_links":{"self":[{"href":"https:\/\/elmetropolitano.com.gt\/es\/wp-json\/wp\/v2\/posts\/59746","targetHints":{"allow":["GET"]}}],"collection":[{"href":"https:\/\/elmetropolitano.com.gt\/es\/wp-json\/wp\/v2\/posts"}],"about":[{"href":"https:\/\/elmetropolitano.com.gt\/es\/wp-json\/wp\/v2\/types\/post"}],"author":[{"embeddable":true,"href":"https:\/\/elmetropolitano.com.gt\/es\/wp-json\/wp\/v2\/users\/1"}],"replies":[{"embeddable":true,"href":"https:\/\/elmetropolitano.com.gt\/es\/wp-json\/wp\/v2\/comments?post=59746"}],"version-history":[{"count":1,"href":"https:\/\/elmetropolitano.com.gt\/es\/wp-json\/wp\/v2\/posts\/59746\/revisions"}],"predecessor-version":[{"id":59749,"href":"https:\/\/elmetropolitano.com.gt\/es\/wp-json\/wp\/v2\/posts\/59746\/revisions\/59749"}],"wp:featuredmedia":[{"embeddable":true,"href":"https:\/\/elmetropolitano.com.gt\/es\/wp-json\/wp\/v2\/media\/59747"}],"wp:attachment":[{"href":"https:\/\/elmetropolitano.com.gt\/es\/wp-json\/wp\/v2\/media?parent=59746"}],"wp:term":[{"taxonomy":"category","embeddable":true,"href":"https:\/\/elmetropolitano.com.gt\/es\/wp-json\/wp\/v2\/categories?post=59746"},{"taxonomy":"post_tag","embeddable":true,"href":"https:\/\/elmetropolitano.com.gt\/es\/wp-json\/wp\/v2\/tags?post=59746"}],"curies":[{"name":"wp","href":"https:\/\/api.w.org\/{rel}","templated":true}]}}