{"id":59901,"date":"2023-01-18T09:31:44","date_gmt":"2023-01-18T15:31:44","guid":{"rendered":"https:\/\/elmetropolitano.com.gt\/es\/?p=59901"},"modified":"2023-01-18T09:31:45","modified_gmt":"2023-01-18T15:31:45","slug":"giammattei-se-reune-con-el-alcalde-de-madrid","status":"publish","type":"post","link":"https:\/\/elmetropolitano.com.gt\/es\/giammattei-se-reune-con-el-alcalde-de-madrid\/","title":{"rendered":"Giammattei se re\u00fane con el alcalde de Madrid"},"content":{"rendered":"\n<p>El presidente de la Rep\u00fablica, Alejandro Giammattei, sostuvo un encuentro con el alcalde de Madrid, Espa\u00f1a, Jos\u00e9 Luis Mart\u00ednez-Almeida. La reuni\u00f3n se llev\u00f3 a cabo en el Palacio de Cibeles y es parte de las actividades previas a la inauguraci\u00f3n de la Feria Internacional de Turismo (Fitur).<\/p>\n\n\n\n<p><a><\/a>Durante la reuni\u00f3n, los funcionarios resaltaron temas de inter\u00e9s para el fortalecimiento de los lazos de amistad y cooperaci\u00f3n entre ambas naciones. Adem\u00e1s, el mandatario guatemalteco hizo \u00e9nfasis en las acciones contempladas con este mismo fin durante su gesti\u00f3n.<\/p><div class=\"elmet-contenido\" id=\"elmet-2587811908\"><div class=\"elmet-adlabel\">Anuncios<\/div><div style=\"margin-top: 20px;margin-right: 20px;margin-bottom: 20px;margin-left: 20px;\" id=\"elmet-385979110\"><a href=\"https:\/\/www.facebook.com\/arrincuanantigua\/\" aria-label=\"cintillo-arrin-cual\"><img loading=\"lazy\" decoding=\"async\" src=\"https:\/\/elmetropolitano.com.gt\/es\/wp-content\/uploads\/2021\/11\/cintillo-arrin-cual-1.jpg\" alt=\"\"  srcset=\"https:\/\/elmetropolitano.com.gt\/es\/wp-content\/uploads\/2021\/11\/cintillo-arrin-cual-1.jpg 750w, https:\/\/elmetropolitano.com.gt\/es\/wp-content\/uploads\/2021\/11\/cintillo-arrin-cual-1-300x36.jpg 300w, https:\/\/elmetropolitano.com.gt\/es\/wp-content\/uploads\/2021\/11\/cintillo-arrin-cual-1-600x72.jpg 600w\" sizes=\"(max-width: 750px) 100vw, 750px\" width=\"750\" height=\"90\"   \/><\/a><\/div><\/div>\n\n\n\n<p>Por otra parte, mencion\u00f3 la buena relaci\u00f3n que el pa\u00eds espa\u00f1ol sostiene con Guatemala a trav\u00e9s de la embajada en ese pa\u00eds. Al mismo tiempo, destac\u00f3 la atenci\u00f3n que se ha dado a los guatemaltecos residentes en Espa\u00f1a.<\/p>\n\n\n\n<p>Durante su visita a la alcald\u00eda espa\u00f1ola, el presidente fue invitado a firmar el denominado Libro de Oro del Ayuntamiento, como prueba de la visita al lugar.<\/p>\n\n\n\n<p>Guatemala, pa\u00eds socio<\/p>\n\n\n\n<p>Durante la reuni\u00f3n, el jefe de Estado hizo una invitaci\u00f3n a las autoridades de Madrid para que visiten Guatemala y conozcan los lazos que existen entre ambas naciones en cuanto a cultura, lengua, historia y otros elementos sociales.<\/p>\n\n\n\n<p>Asimismo, destac\u00f3 su alegr\u00eda ante la participaci\u00f3n de Guatemala como Pa\u00eds Socio de la Fitur 2023. Lo que funciona como una plataforma para continuar promocionando la marca pa\u00eds Guatemala, Asombrosa e Imparable. Todo esto dando cumplimiento al pilar estrat\u00e9gico Relaciones con el Mundo de su Pol\u00edtica General de Gobierno 2020-2024.<\/p>\n\n\n\n<p>Otro de los temas abordados por el presidente durante la reuni\u00f3n de trabajo fue el crecimiento del producto interno bruto, del cual mencion\u00f3 el crecimiento del 8 % en 2021 y 4 % en 2022. Por otra parte, comparti\u00f3 con el alcalde Mart\u00ednez la estrategia municipalista de su gobierno para mejorar la relaci\u00f3n entre los gobiernos locales, misma que favorece el desarrollo de la naci\u00f3n.<\/p>\n\n\n\n<p>El presidente estuvo acompa\u00f1ado por el titular de la Secretar\u00eda de Comunicaci\u00f3n Social, Kevin L\u00f3pez Oliva; la embajadora de Guatemala en Espa\u00f1a, M\u00f3nica Bola\u00f1os; el embajador de Espa\u00f1a en Guatemala, Jos\u00e9 Mar\u00eda Lavi\u00f1a, y la secretaria privada de la Presidencia, Geovanna Estrada. Incluyendo a estos funcionarios, la delegaci\u00f3n oficial guatemalteca est\u00e1 integrada por el ministro de Relaciones Exteriores, Mario B\u00facaro; el ministro de Econom\u00eda, Janio Rosales, y la directora general del Inguat, Anayansy Rodr\u00edguez.<\/p>\n\n\n\n<p><a href=\"https:\/\/www.facebook.com\/hashtag\/metroredes?__eep__=6&amp;__cft__[0]=AZUhQvxxyVn3n0BqM4xphgpNPzoTTksfuWtZ2V_QYWwi46376A5fMracF5A1kW00COd0eKu3mAIlkWSWc1xVc4YRjJmMhx1PVF70_URJgGwKVRL7c2EaVBsVAPmBcKwIqQ2K1ONeiDuVMiTeWX9yGP2Cr8WRjFNdeqqQd4VexC3w_AVZ379Pu9meg_6757qGol8&amp;__tn__=*NK-R\">#metroredes<\/a><a href=\"https:\/\/www.facebook.com\/hashtag\/fitur?__eep__=6&amp;__cft__[0]=AZUhQvxxyVn3n0BqM4xphgpNPzoTTksfuWtZ2V_QYWwi46376A5fMracF5A1kW00COd0eKu3mAIlkWSWc1xVc4YRjJmMhx1PVF70_URJgGwKVRL7c2EaVBsVAPmBcKwIqQ2K1ONeiDuVMiTeWX9yGP2Cr8WRjFNdeqqQd4VexC3w_AVZ379Pu9meg_6757qGol8&amp;__tn__=*NK-R\">#Fitur<\/a><a href=\"https:\/\/www.facebook.com\/hashtag\/inguat?__eep__=6&amp;__cft__[0]=AZUhQvxxyVn3n0BqM4xphgpNPzoTTksfuWtZ2V_QYWwi46376A5fMracF5A1kW00COd0eKu3mAIlkWSWc1xVc4YRjJmMhx1PVF70_URJgGwKVRL7c2EaVBsVAPmBcKwIqQ2K1ONeiDuVMiTeWX9yGP2Cr8WRjFNdeqqQd4VexC3w_AVZ379Pu9meg_6757qGol8&amp;__tn__=*NK-R\">#Inguat<\/a><\/p>\n\n\n\n<figure class=\"wp-block-gallery has-nested-images columns-default is-cropped wp-block-gallery-1 is-layout-flex wp-block-gallery-is-layout-flex\">\n<figure class=\"wp-block-image size-large\"><img loading=\"lazy\" decoding=\"async\" width=\"1024\" height=\"683\" data-id=\"59904\" src=\"https:\/\/elmetropolitano.com.gt\/es\/wp-content\/uploads\/2023\/01\/323769132_3326840977576553_5634203848672632780_n-1024x683.jpg\" alt=\"\" class=\"wp-image-59904\" srcset=\"https:\/\/elmetropolitano.com.gt\/es\/wp-content\/uploads\/2023\/01\/323769132_3326840977576553_5634203848672632780_n-1024x683.jpg 1024w, https:\/\/elmetropolitano.com.gt\/es\/wp-content\/uploads\/2023\/01\/323769132_3326840977576553_5634203848672632780_n-300x200.jpg 300w, https:\/\/elmetropolitano.com.gt\/es\/wp-content\/uploads\/2023\/01\/323769132_3326840977576553_5634203848672632780_n-768x512.jpg 768w, https:\/\/elmetropolitano.com.gt\/es\/wp-content\/uploads\/2023\/01\/323769132_3326840977576553_5634203848672632780_n-600x400.jpg 600w, https:\/\/elmetropolitano.com.gt\/es\/wp-content\/uploads\/2023\/01\/323769132_3326840977576553_5634203848672632780_n.jpg 1500w\" sizes=\"auto, (max-width: 1024px) 100vw, 1024px\" \/><\/figure>\n\n\n\n<figure class=\"wp-block-image size-large\"><img loading=\"lazy\" decoding=\"async\" width=\"1024\" height=\"683\" data-id=\"59905\" src=\"https:\/\/elmetropolitano.com.gt\/es\/wp-content\/uploads\/2023\/01\/323931222_887631442274282_5742727512872889818_n-1024x683.jpg\" alt=\"\" class=\"wp-image-59905\" srcset=\"https:\/\/elmetropolitano.com.gt\/es\/wp-content\/uploads\/2023\/01\/323931222_887631442274282_5742727512872889818_n-1024x683.jpg 1024w, https:\/\/elmetropolitano.com.gt\/es\/wp-content\/uploads\/2023\/01\/323931222_887631442274282_5742727512872889818_n-300x200.jpg 300w, https:\/\/elmetropolitano.com.gt\/es\/wp-content\/uploads\/2023\/01\/323931222_887631442274282_5742727512872889818_n-768x512.jpg 768w, https:\/\/elmetropolitano.com.gt\/es\/wp-content\/uploads\/2023\/01\/323931222_887631442274282_5742727512872889818_n-600x400.jpg 600w, https:\/\/elmetropolitano.com.gt\/es\/wp-content\/uploads\/2023\/01\/323931222_887631442274282_5742727512872889818_n.jpg 1500w\" sizes=\"auto, (max-width: 1024px) 100vw, 1024px\" \/><\/figure>\n\n\n\n<figure class=\"wp-block-image size-large\"><img loading=\"lazy\" decoding=\"async\" width=\"1024\" height=\"683\" data-id=\"59903\" src=\"https:\/\/elmetropolitano.com.gt\/es\/wp-content\/uploads\/2023\/01\/324192653_3427176264197809_8391883987398521775_n-1024x683.jpg\" alt=\"\" class=\"wp-image-59903\" srcset=\"https:\/\/elmetropolitano.com.gt\/es\/wp-content\/uploads\/2023\/01\/324192653_3427176264197809_8391883987398521775_n-1024x683.jpg 1024w, https:\/\/elmetropolitano.com.gt\/es\/wp-content\/uploads\/2023\/01\/324192653_3427176264197809_8391883987398521775_n-300x200.jpg 300w, https:\/\/elmetropolitano.com.gt\/es\/wp-content\/uploads\/2023\/01\/324192653_3427176264197809_8391883987398521775_n-768x512.jpg 768w, https:\/\/elmetropolitano.com.gt\/es\/wp-content\/uploads\/2023\/01\/324192653_3427176264197809_8391883987398521775_n-600x400.jpg 600w, https:\/\/elmetropolitano.com.gt\/es\/wp-content\/uploads\/2023\/01\/324192653_3427176264197809_8391883987398521775_n.jpg 1500w\" sizes=\"auto, (max-width: 1024px) 100vw, 1024px\" \/><\/figure>\n<\/figure>\n","protected":false},"excerpt":{"rendered":"<p>El presidente de la Rep\u00fablica, Alejandro Giammattei, sostuvo un encuentro con el alcalde de Madrid, Espa\u00f1a, Jos\u00e9 Luis Mart\u00ednez-Almeida. La reuni\u00f3n se llev\u00f3 a cabo en el Palacio de Cibeles y es parte de las actividades previas a la inauguraci\u00f3n de la Feria Internacional de Turismo (Fitur). Durante la reuni\u00f3n, los funcionarios resaltaron temas de <a class=\"read-more\" href=\"https:\/\/elmetropolitano.com.gt\/es\/giammattei-se-reune-con-el-alcalde-de-madrid\/\">Leer m\u00e1s<\/a><\/p>\n","protected":false},"author":1,"featured_media":59902,"comment_status":"open","ping_status":"closed","sticky":false,"template":"","format":"standard","meta":{"footnotes":""},"categories":[14],"tags":[15],"class_list":["post-59901","post","type-post","status-publish","format-standard","has-post-thumbnail","hentry","category-internacionales","tag-internacionales"],"_links":{"self":[{"href":"https:\/\/elmetropolitano.com.gt\/es\/wp-json\/wp\/v2\/posts\/59901","targetHints":{"allow":["GET"]}}],"collection":[{"href":"https:\/\/elmetropolitano.com.gt\/es\/wp-json\/wp\/v2\/posts"}],"about":[{"href":"https:\/\/elmetropolitano.com.gt\/es\/wp-json\/wp\/v2\/types\/post"}],"author":[{"embeddable":true,"href":"https:\/\/elmetropolitano.com.gt\/es\/wp-json\/wp\/v2\/users\/1"}],"replies":[{"embeddable":true,"href":"https:\/\/elmetropolitano.com.gt\/es\/wp-json\/wp\/v2\/comments?post=59901"}],"version-history":[{"count":1,"href":"https:\/\/elmetropolitano.com.gt\/es\/wp-json\/wp\/v2\/posts\/59901\/revisions"}],"predecessor-version":[{"id":59906,"href":"https:\/\/elmetropolitano.com.gt\/es\/wp-json\/wp\/v2\/posts\/59901\/revisions\/59906"}],"wp:featuredmedia":[{"embeddable":true,"href":"https:\/\/elmetropolitano.com.gt\/es\/wp-json\/wp\/v2\/media\/59902"}],"wp:attachment":[{"href":"https:\/\/elmetropolitano.com.gt\/es\/wp-json\/wp\/v2\/media?parent=59901"}],"wp:term":[{"taxonomy":"category","embeddable":true,"href":"https:\/\/elmetropolitano.com.gt\/es\/wp-json\/wp\/v2\/categories?post=59901"},{"taxonomy":"post_tag","embeddable":true,"href":"https:\/\/elmetropolitano.com.gt\/es\/wp-json\/wp\/v2\/tags?post=59901"}],"curies":[{"name":"wp","href":"https:\/\/api.w.org\/{rel}","templated":true}]}}