{"id":59926,"date":"2023-01-18T18:57:21","date_gmt":"2023-01-19T00:57:21","guid":{"rendered":"https:\/\/elmetropolitano.com.gt\/es\/?p=59926"},"modified":"2023-01-18T18:57:22","modified_gmt":"2023-01-19T00:57:22","slug":"viceministerio-del-agua-toma-muestras-en-laguna-que-se-formo-en-cerro-gordo","status":"publish","type":"post","link":"https:\/\/elmetropolitano.com.gt\/es\/viceministerio-del-agua-toma-muestras-en-laguna-que-se-formo-en-cerro-gordo\/","title":{"rendered":"Viceministerio del Agua toma muestras en laguna que se form\u00f3 en Cerro Gordo"},"content":{"rendered":"\n<p>Tal como se hab\u00eda anunciado, t\u00e9cnicos del Viceministerio del Agua, del Ministerio de Ambiente y Recursos Naturales (MARN), hicieron un monitoreo en la laguna que recientemente se form\u00f3 en la aldea Cerro Gordo, en Jutiapa.<\/p>\n\n\n\n<p>Por <a><\/a>medio de un comunicado, la dependencia inform\u00f3 que se har\u00e1n an\u00e1lisis en el Laboratorio de Calidad del Agua, con el fin de determinar los par\u00e1metros de calidad del l\u00edquido.<\/p><div class=\"elmet-contenido\" id=\"elmet-1070709134\"><div class=\"elmet-adlabel\">Anuncios<\/div><div style=\"margin-top: 20px;margin-right: 20px;margin-bottom: 20px;margin-left: 20px;\" id=\"elmet-736731377\"><a href=\"https:\/\/www.facebook.com\/arrincuanantigua\/\" aria-label=\"cintillo-arrin-cual\"><img loading=\"lazy\" decoding=\"async\" src=\"https:\/\/elmetropolitano.com.gt\/es\/wp-content\/uploads\/2021\/11\/cintillo-arrin-cual-1.jpg\" alt=\"\"  srcset=\"https:\/\/elmetropolitano.com.gt\/es\/wp-content\/uploads\/2021\/11\/cintillo-arrin-cual-1.jpg 750w, https:\/\/elmetropolitano.com.gt\/es\/wp-content\/uploads\/2021\/11\/cintillo-arrin-cual-1-300x36.jpg 300w, https:\/\/elmetropolitano.com.gt\/es\/wp-content\/uploads\/2021\/11\/cintillo-arrin-cual-1-600x72.jpg 600w\" sizes=\"(max-width: 750px) 100vw, 750px\" width=\"750\" height=\"90\"   \/><\/a><\/div><\/div>\n\n\n\n<p>Tambi\u00e9n se hizo ver que tomando en cuenta la geolog\u00eda local, podr\u00edan existir concentraciones relativamente altas de alcalinidad, dureza y hierro.<\/p>\n\n\n\n<p>Citado en el documento, el viceministro Luis Rodolfo Castro dijo que el surgimiento de la laguna se deber\u00eda a que la presi\u00f3n del flujo subsuperficial ha igualado a la presi\u00f3n atmosf\u00e9rica.<\/p>\n\n\n\n<p>Evaluaremos la calidad del agua, porque puede ser un riesgo si se utiliza para consumo, uso de servicios dom\u00e9sticos o actividades recreativas. Por eso, se han captado las muestras y en cuanto se tengan los resultados se dar\u00e1n a conocer a toda la poblaci\u00f3n, asegur\u00f3.<\/p>\n\n\n\n<p>Seg\u00fan las autoridades, lo recolectado por los t\u00e9cnicos tambi\u00e9n se estudiar\u00e1 en el Laboratorio Nacional de Salud. La diligencia se desarroll\u00f3 con la participaci\u00f3n de las siguientes entidades:<\/p>\n\n\n\n<p>-delegaci\u00f3n departamentales del MARN<\/p>\n\n\n\n<p>-municipalidad<\/p>\n\n\n\n<p>-Ministerio de Salud P\u00fablica y Asistencia Social (MSPAS)<\/p>\n\n\n\n<p>Otros detalles<\/p>\n\n\n\n<p>La laguna es un afluente subterr\u00e1neo con PH ligeramente alcalino, probablemente por la disoluci\u00f3n de minerales c\u00e1lcicos, el estancamiento y la disoluci\u00f3n de ox\u00edgeno atmosf\u00e9rico, dio a conocer el MARN.<\/p>\n\n\n\n<p>Asimismo, se inform\u00f3 que por medio de un dron personal del Departamento de Cuencas llev\u00f3 a cabo la referenciaci\u00f3n descriptiva de las unidades litol\u00f3gicas o cuerpos de rocas en el \u00e1rea.<\/p>\n\n\n\n<p>Al ser entrevistados por expertos del MARN, visitantes y vecinos de Cerro Gordo manifestaron que siempre ha habido peque\u00f1os brotes de agua en el lugar y muchos son aprovechados para crear pozos.<\/p>\n\n\n\n<p>Se estima que la laguna tiene al menos ocho metros de profundidad y un \u00e1rea de 600 metros cuadrados; adem\u00e1s, se encuentra rodeada de rocas fracturadas.<\/p>\n\n\n\n<p><a href=\"https:\/\/www.facebook.com\/hashtag\/metroredes?__eep__=6&amp;__cft__[0]=AZU7nVgKYgsTgqEwWuhcooIOACBlvwlTpwHkShXG4WVLPMYZ3FDbOuk1hGjvDi8cVWU8Rqqb9NE8XFdd0itFru5YZp9ZcT-Ms5Oubd2B95xgdsc_dIXfnubLF_-yb4qj3L2C8leRRuQp65SnSZQdzkhh86c_KFk0tjAIg8qSPy98I1NOH3djCg7I2pouBq1mVWE&amp;__tn__=*NK-R\">#metroredes<\/a><a href=\"https:\/\/www.facebook.com\/hashtag\/jutiaoa?__eep__=6&amp;__cft__[0]=AZU7nVgKYgsTgqEwWuhcooIOACBlvwlTpwHkShXG4WVLPMYZ3FDbOuk1hGjvDi8cVWU8Rqqb9NE8XFdd0itFru5YZp9ZcT-Ms5Oubd2B95xgdsc_dIXfnubLF_-yb4qj3L2C8leRRuQp65SnSZQdzkhh86c_KFk0tjAIg8qSPy98I1NOH3djCg7I2pouBq1mVWE&amp;__tn__=*NK-R\">#Jutiapa<\/a><\/p>\n\n\n\n<figure class=\"wp-block-gallery has-nested-images columns-default is-cropped wp-block-gallery-1 is-layout-flex wp-block-gallery-is-layout-flex\">\n<figure class=\"wp-block-image size-large\"><img loading=\"lazy\" decoding=\"async\" width=\"1023\" height=\"681\" data-id=\"59929\" src=\"https:\/\/elmetropolitano.com.gt\/es\/wp-content\/uploads\/2023\/01\/324267970_1266096490652977_1386488979621099864_n.jpg\" alt=\"\" class=\"wp-image-59929\" srcset=\"https:\/\/elmetropolitano.com.gt\/es\/wp-content\/uploads\/2023\/01\/324267970_1266096490652977_1386488979621099864_n.jpg 1023w, https:\/\/elmetropolitano.com.gt\/es\/wp-content\/uploads\/2023\/01\/324267970_1266096490652977_1386488979621099864_n-300x200.jpg 300w, https:\/\/elmetropolitano.com.gt\/es\/wp-content\/uploads\/2023\/01\/324267970_1266096490652977_1386488979621099864_n-768x511.jpg 768w, https:\/\/elmetropolitano.com.gt\/es\/wp-content\/uploads\/2023\/01\/324267970_1266096490652977_1386488979621099864_n-600x399.jpg 600w\" sizes=\"auto, (max-width: 1023px) 100vw, 1023px\" \/><\/figure>\n\n\n\n<figure class=\"wp-block-image size-large\"><img loading=\"lazy\" decoding=\"async\" width=\"680\" height=\"452\" data-id=\"59928\" src=\"https:\/\/elmetropolitano.com.gt\/es\/wp-content\/uploads\/2023\/01\/325863755_1126034518084911_3338880253989121499_n.jpg\" alt=\"\" class=\"wp-image-59928\" srcset=\"https:\/\/elmetropolitano.com.gt\/es\/wp-content\/uploads\/2023\/01\/325863755_1126034518084911_3338880253989121499_n.jpg 680w, https:\/\/elmetropolitano.com.gt\/es\/wp-content\/uploads\/2023\/01\/325863755_1126034518084911_3338880253989121499_n-300x199.jpg 300w, https:\/\/elmetropolitano.com.gt\/es\/wp-content\/uploads\/2023\/01\/325863755_1126034518084911_3338880253989121499_n-600x399.jpg 600w\" sizes=\"auto, (max-width: 680px) 100vw, 680px\" \/><\/figure>\n<\/figure>\n","protected":false},"excerpt":{"rendered":"<p>Tal como se hab\u00eda anunciado, t\u00e9cnicos del Viceministerio del Agua, del Ministerio de Ambiente y Recursos Naturales (MARN), hicieron un monitoreo en la laguna que recientemente se form\u00f3 en la aldea Cerro Gordo, en Jutiapa. Por medio de un comunicado, la dependencia inform\u00f3 que se har\u00e1n an\u00e1lisis en el Laboratorio de Calidad del Agua, con <a class=\"read-more\" href=\"https:\/\/elmetropolitano.com.gt\/es\/viceministerio-del-agua-toma-muestras-en-laguna-que-se-formo-en-cerro-gordo\/\">Leer m\u00e1s<\/a><\/p>\n","protected":false},"author":1,"featured_media":59927,"comment_status":"open","ping_status":"closed","sticky":false,"template":"","format":"standard","meta":{"footnotes":""},"categories":[4],"tags":[13],"class_list":["post-59926","post","type-post","status-publish","format-standard","has-post-thumbnail","hentry","category-departamentales","tag-departamentales"],"_links":{"self":[{"href":"https:\/\/elmetropolitano.com.gt\/es\/wp-json\/wp\/v2\/posts\/59926","targetHints":{"allow":["GET"]}}],"collection":[{"href":"https:\/\/elmetropolitano.com.gt\/es\/wp-json\/wp\/v2\/posts"}],"about":[{"href":"https:\/\/elmetropolitano.com.gt\/es\/wp-json\/wp\/v2\/types\/post"}],"author":[{"embeddable":true,"href":"https:\/\/elmetropolitano.com.gt\/es\/wp-json\/wp\/v2\/users\/1"}],"replies":[{"embeddable":true,"href":"https:\/\/elmetropolitano.com.gt\/es\/wp-json\/wp\/v2\/comments?post=59926"}],"version-history":[{"count":1,"href":"https:\/\/elmetropolitano.com.gt\/es\/wp-json\/wp\/v2\/posts\/59926\/revisions"}],"predecessor-version":[{"id":59930,"href":"https:\/\/elmetropolitano.com.gt\/es\/wp-json\/wp\/v2\/posts\/59926\/revisions\/59930"}],"wp:featuredmedia":[{"embeddable":true,"href":"https:\/\/elmetropolitano.com.gt\/es\/wp-json\/wp\/v2\/media\/59927"}],"wp:attachment":[{"href":"https:\/\/elmetropolitano.com.gt\/es\/wp-json\/wp\/v2\/media?parent=59926"}],"wp:term":[{"taxonomy":"category","embeddable":true,"href":"https:\/\/elmetropolitano.com.gt\/es\/wp-json\/wp\/v2\/categories?post=59926"},{"taxonomy":"post_tag","embeddable":true,"href":"https:\/\/elmetropolitano.com.gt\/es\/wp-json\/wp\/v2\/tags?post=59926"}],"curies":[{"name":"wp","href":"https:\/\/api.w.org\/{rel}","templated":true}]}}