{"id":59942,"date":"2023-01-19T09:47:08","date_gmt":"2023-01-19T15:47:08","guid":{"rendered":"https:\/\/elmetropolitano.com.gt\/es\/?p=59942"},"modified":"2023-01-19T09:47:09","modified_gmt":"2023-01-19T15:47:09","slug":"reyes-de-espana-inauguran-fitur-y-conversan-con-el-presidente-giammattei","status":"publish","type":"post","link":"https:\/\/elmetropolitano.com.gt\/es\/reyes-de-espana-inauguran-fitur-y-conversan-con-el-presidente-giammattei\/","title":{"rendered":"Reyes de Espa\u00f1a inauguran Fitur y conversan con el presidente Giammattei"},"content":{"rendered":"\n<p>Como parte de las actividades agendadas en la gira de trabajo del presidente Alejandro Giammattei en Espa\u00f1a, el mandatario particip\u00f3 en el acto de inauguraci\u00f3n de la Feria Internacional de Turismo (Fitur).<\/p>\n\n\n\n<p>La inauguraci\u00f3n de la edici\u00f3n 43 de Fitur estuvo encabezada por los reyes de Espa\u00f1a, Felipe VI y Letizia, misma que concluye el pr\u00f3ximo domingo 22 de enero.<\/p><div class=\"elmet-contenido\" id=\"elmet-3551315431\"><div class=\"elmet-adlabel\">Anuncios<\/div><div style=\"margin-top: 20px;margin-right: 20px;margin-bottom: 20px;margin-left: 20px;\" id=\"elmet-1308247322\"><a href=\"https:\/\/www.facebook.com\/arrincuanantigua\/\" aria-label=\"cintillo-arrin-cual\"><img loading=\"lazy\" decoding=\"async\" src=\"https:\/\/elmetropolitano.com.gt\/es\/wp-content\/uploads\/2021\/11\/cintillo-arrin-cual-1.jpg\" alt=\"\"  srcset=\"https:\/\/elmetropolitano.com.gt\/es\/wp-content\/uploads\/2021\/11\/cintillo-arrin-cual-1.jpg 750w, https:\/\/elmetropolitano.com.gt\/es\/wp-content\/uploads\/2021\/11\/cintillo-arrin-cual-1-300x36.jpg 300w, https:\/\/elmetropolitano.com.gt\/es\/wp-content\/uploads\/2021\/11\/cintillo-arrin-cual-1-600x72.jpg 600w\" sizes=\"(max-width: 750px) 100vw, 750px\" width=\"750\" height=\"90\"   \/><\/a><\/div><\/div>\n\n\n\n<p>Los <a><\/a>Reyes de Espa\u00f1a realizaron un recorrido por la feria en la que Guatemala figura como Pa\u00eds Socio. En ese sentido, visitaron el estand guatemalteco en compa\u00f1\u00eda del presidente Giammattei.<\/p>\n\n\n\n<p>En dicho espacio que resalta la marca pa\u00eds, Guatemala, Asombrosa e Imparable, los reyes conocieron la riqueza cultural de m\u00e1s de 3 mil a\u00f1os que poseen los guatemaltecos.<\/p>\n\n\n\n<p>En la actividad, el presidente guatemalteco manifest\u00f3 la importancia que en esta ocasi\u00f3n se le invitara a participar como pa\u00eds socio.<\/p>\n\n\n\n<p>Luego de la inauguraci\u00f3n, el Rey ofreci\u00f3 un almuerzo en honor al presidente Giammattei y su visita a Espa\u00f1a para la Fitur.<\/p>\n\n\n\n<p>El acto es como una muestra de apoyo al sector turismo y a Guatemala como invitado especial de esta edici\u00f3n. El acto se llev\u00f3 a cabo en el Palacio de la Zarzuela.<\/p>\n\n\n\n<p>Otras actividades<\/p>\n\n\n\n<p>El presidente se reuni\u00f3 el martes con el alcalde de Madrid, Jos\u00e9 Luis Mart\u00ednez-Almeida en el Palacio de Cibeles. Durante el encuentro, los funcionarios compartieron su compromiso por trabajar para el desarrollo de los pa\u00edses y su fortalecer su relaci\u00f3n diplom\u00e1tica.<\/p>\n\n\n\n<p>En ese mismo encuentro, el alcalde invit\u00f3 al presidente Giammattei a firmar el Libro de Oro del Ayuntamiento en el que dej\u00f3 constancia de su visita y estad\u00eda en el lugar.<\/p>\n\n\n\n<p>Posteriormente, se reuni\u00f3 con el presidente del grupo empresarial Iberia, Javier S\u00e1nchez-Prieto, con quien discuti\u00f3 temas sobre el fortalecimiento de la conectividad a\u00e9rea entre Guatemala y Europa.<\/p>\n\n\n\n<p>Luego asisti\u00f3 a una conferencia con ministros y empresarios de turismo en la que estuvo presente el secretario general de la OMT, Zurab Pololikashvili<\/p>\n\n\n\n<p>#metroredes<\/p>\n\n\n\n<figure class=\"wp-block-gallery has-nested-images columns-default is-cropped wp-block-gallery-1 is-layout-flex wp-block-gallery-is-layout-flex\">\n<figure class=\"wp-block-image size-large\"><img loading=\"lazy\" decoding=\"async\" width=\"1024\" height=\"576\" data-id=\"59945\" src=\"https:\/\/elmetropolitano.com.gt\/es\/wp-content\/uploads\/2023\/01\/324941182_905027754272599_8074386796360827690_n-1024x576.jpg\" alt=\"\" class=\"wp-image-59945\" srcset=\"https:\/\/elmetropolitano.com.gt\/es\/wp-content\/uploads\/2023\/01\/324941182_905027754272599_8074386796360827690_n-1024x576.jpg 1024w, https:\/\/elmetropolitano.com.gt\/es\/wp-content\/uploads\/2023\/01\/324941182_905027754272599_8074386796360827690_n-300x169.jpg 300w, https:\/\/elmetropolitano.com.gt\/es\/wp-content\/uploads\/2023\/01\/324941182_905027754272599_8074386796360827690_n-768x432.jpg 768w, https:\/\/elmetropolitano.com.gt\/es\/wp-content\/uploads\/2023\/01\/324941182_905027754272599_8074386796360827690_n-600x338.jpg 600w, https:\/\/elmetropolitano.com.gt\/es\/wp-content\/uploads\/2023\/01\/324941182_905027754272599_8074386796360827690_n.jpg 1280w\" sizes=\"auto, (max-width: 1024px) 100vw, 1024px\" \/><\/figure>\n\n\n\n<figure class=\"wp-block-image size-large\"><img loading=\"lazy\" decoding=\"async\" width=\"1024\" height=\"678\" data-id=\"59946\" src=\"https:\/\/elmetropolitano.com.gt\/es\/wp-content\/uploads\/2023\/01\/325762323_1294072051153545_5039171178312532689_n-1024x678.jpg\" alt=\"\" class=\"wp-image-59946\" srcset=\"https:\/\/elmetropolitano.com.gt\/es\/wp-content\/uploads\/2023\/01\/325762323_1294072051153545_5039171178312532689_n-1024x678.jpg 1024w, https:\/\/elmetropolitano.com.gt\/es\/wp-content\/uploads\/2023\/01\/325762323_1294072051153545_5039171178312532689_n-300x199.jpg 300w, https:\/\/elmetropolitano.com.gt\/es\/wp-content\/uploads\/2023\/01\/325762323_1294072051153545_5039171178312532689_n-768x508.jpg 768w, https:\/\/elmetropolitano.com.gt\/es\/wp-content\/uploads\/2023\/01\/325762323_1294072051153545_5039171178312532689_n-600x397.jpg 600w, https:\/\/elmetropolitano.com.gt\/es\/wp-content\/uploads\/2023\/01\/325762323_1294072051153545_5039171178312532689_n.jpg 1088w\" sizes=\"auto, (max-width: 1024px) 100vw, 1024px\" \/><\/figure>\n\n\n\n<figure class=\"wp-block-image size-large\"><img loading=\"lazy\" decoding=\"async\" width=\"960\" height=\"788\" data-id=\"59944\" src=\"https:\/\/elmetropolitano.com.gt\/es\/wp-content\/uploads\/2023\/01\/326116023_493116709423052_4826699690027908637_n.jpg\" alt=\"\" class=\"wp-image-59944\" srcset=\"https:\/\/elmetropolitano.com.gt\/es\/wp-content\/uploads\/2023\/01\/326116023_493116709423052_4826699690027908637_n.jpg 960w, https:\/\/elmetropolitano.com.gt\/es\/wp-content\/uploads\/2023\/01\/326116023_493116709423052_4826699690027908637_n-300x246.jpg 300w, https:\/\/elmetropolitano.com.gt\/es\/wp-content\/uploads\/2023\/01\/326116023_493116709423052_4826699690027908637_n-768x630.jpg 768w, https:\/\/elmetropolitano.com.gt\/es\/wp-content\/uploads\/2023\/01\/326116023_493116709423052_4826699690027908637_n-600x493.jpg 600w\" sizes=\"auto, (max-width: 960px) 100vw, 960px\" \/><\/figure>\n<\/figure>\n","protected":false},"excerpt":{"rendered":"<p>Como parte de las actividades agendadas en la gira de trabajo del presidente Alejandro Giammattei en Espa\u00f1a, el mandatario particip\u00f3 en el acto de inauguraci\u00f3n de la Feria Internacional de Turismo (Fitur). La inauguraci\u00f3n de la edici\u00f3n 43 de Fitur estuvo encabezada por los reyes de Espa\u00f1a, Felipe VI y Letizia, misma que concluye el <a class=\"read-more\" href=\"https:\/\/elmetropolitano.com.gt\/es\/reyes-de-espana-inauguran-fitur-y-conversan-con-el-presidente-giammattei\/\">Leer m\u00e1s<\/a><\/p>\n","protected":false},"author":1,"featured_media":59943,"comment_status":"open","ping_status":"closed","sticky":false,"template":"","format":"standard","meta":{"footnotes":""},"categories":[14],"tags":[15],"class_list":["post-59942","post","type-post","status-publish","format-standard","has-post-thumbnail","hentry","category-internacionales","tag-internacionales"],"_links":{"self":[{"href":"https:\/\/elmetropolitano.com.gt\/es\/wp-json\/wp\/v2\/posts\/59942","targetHints":{"allow":["GET"]}}],"collection":[{"href":"https:\/\/elmetropolitano.com.gt\/es\/wp-json\/wp\/v2\/posts"}],"about":[{"href":"https:\/\/elmetropolitano.com.gt\/es\/wp-json\/wp\/v2\/types\/post"}],"author":[{"embeddable":true,"href":"https:\/\/elmetropolitano.com.gt\/es\/wp-json\/wp\/v2\/users\/1"}],"replies":[{"embeddable":true,"href":"https:\/\/elmetropolitano.com.gt\/es\/wp-json\/wp\/v2\/comments?post=59942"}],"version-history":[{"count":1,"href":"https:\/\/elmetropolitano.com.gt\/es\/wp-json\/wp\/v2\/posts\/59942\/revisions"}],"predecessor-version":[{"id":59947,"href":"https:\/\/elmetropolitano.com.gt\/es\/wp-json\/wp\/v2\/posts\/59942\/revisions\/59947"}],"wp:featuredmedia":[{"embeddable":true,"href":"https:\/\/elmetropolitano.com.gt\/es\/wp-json\/wp\/v2\/media\/59943"}],"wp:attachment":[{"href":"https:\/\/elmetropolitano.com.gt\/es\/wp-json\/wp\/v2\/media?parent=59942"}],"wp:term":[{"taxonomy":"category","embeddable":true,"href":"https:\/\/elmetropolitano.com.gt\/es\/wp-json\/wp\/v2\/categories?post=59942"},{"taxonomy":"post_tag","embeddable":true,"href":"https:\/\/elmetropolitano.com.gt\/es\/wp-json\/wp\/v2\/tags?post=59942"}],"curies":[{"name":"wp","href":"https:\/\/api.w.org\/{rel}","templated":true}]}}