{"id":59951,"date":"2023-01-19T11:03:26","date_gmt":"2023-01-19T17:03:26","guid":{"rendered":"https:\/\/elmetropolitano.com.gt\/es\/?p=59951"},"modified":"2023-01-19T11:03:28","modified_gmt":"2023-01-19T17:03:28","slug":"junta-monetaria-propina-duro-golpe-a-la-ya-raquitica-economia-de-los-guatemaltecos","status":"publish","type":"post","link":"https:\/\/elmetropolitano.com.gt\/es\/junta-monetaria-propina-duro-golpe-a-la-ya-raquitica-economia-de-los-guatemaltecos\/","title":{"rendered":"Junta Monetaria propina duro golpe a la ya raqu\u00edtica econom\u00eda de los guatemaltecos"},"content":{"rendered":"\n<p>Con el aumento de la tasa de inter\u00e9s l\u00edder que amaneci\u00f3 en 3.75% se espera un encarecimiento de los pr\u00e9stamos en este a\u00f1o y los m\u00e1s afectados ser\u00e1n los cr\u00e9ditos de consumo que se ver\u00e1n reflejados de mayo a noviembre, lastimando al connacional promedio, seg\u00fan analistas econ\u00f3micos.<\/p>\n\n\n\n<p>El a\u00f1o pasado se registraron movimientos leves a la baja, excepto el cr\u00e9dito de consumo que es el mayor y el que afecta directamente a los m\u00e1s vulnerables por la pobreza que se vive debido a la crisis econ\u00f3mica.<\/p><div class=\"elmet-contenido\" id=\"elmet-1033516615\"><div class=\"elmet-adlabel\">Anuncios<\/div><div style=\"margin-top: 20px;margin-right: 20px;margin-bottom: 20px;margin-left: 20px;\" id=\"elmet-4091036195\"><a href=\"https:\/\/www.facebook.com\/arrincuanantigua\/\" aria-label=\"cintillo-arrin-cual\"><img loading=\"lazy\" decoding=\"async\" src=\"https:\/\/elmetropolitano.com.gt\/es\/wp-content\/uploads\/2021\/11\/cintillo-arrin-cual-1.jpg\" alt=\"\"  srcset=\"https:\/\/elmetropolitano.com.gt\/es\/wp-content\/uploads\/2021\/11\/cintillo-arrin-cual-1.jpg 750w, https:\/\/elmetropolitano.com.gt\/es\/wp-content\/uploads\/2021\/11\/cintillo-arrin-cual-1-300x36.jpg 300w, https:\/\/elmetropolitano.com.gt\/es\/wp-content\/uploads\/2021\/11\/cintillo-arrin-cual-1-600x72.jpg 600w\" sizes=\"(max-width: 750px) 100vw, 750px\" width=\"750\" height=\"90\"   \/><\/a><\/div><\/div>\n\n\n\n<p>Hasta ahorita seg\u00fan analistas el incremento se ha catalogado como inusual y brusco por parte de la Junta Monetaria aunque su argumento es de bajar la inflaci\u00f3n y lo que se espera es el aumento en el costo del dineros sobre todo para las personas que tienen alguna operaci\u00f3n de cr\u00e9dito de consumo, que es la mayor\u00eda de guatemaltecos a quienes realmente se est\u00e1 afectando.<\/p>\n\n\n\n<p>Esta medida se viene a dar precisamente en los primeros d\u00edas de enero luego que las guatemaltecos se endeudaron en el mes de diciembre con tarjetas de cr\u00e9dito y a inicios de este a\u00f1o con el inicio de clases ya que para la compra de \u00fatiles y uniformes tuvieron que utilizar sus tarjetas, efecto que ser\u00e1 golpeado directamente a este consumidor.<\/p>\n\n\n\n<p>Analistas se\u00f1alan que el alza en la tasa de inter\u00e9s perjudica las decisiones de inversi\u00f3n, porque el cr\u00e9dito se encarece y se desestimula la inversi\u00f3n en la actividad real.<\/p>\n\n\n\n<p>Fernando Estrada Dom\u00ednguez, director de la Comisi\u00f3n de Estad\u00edsticas de la C\u00e1mara Guatemalteca de la Construcci\u00f3n (CGC), calific\u00f3 la decisi\u00f3n de la JM como \u201cmuy brusca\u201d, ya que podr\u00eda haberse manejado un aumento de 0.25 o 0.50 puntos, observar el comportamiento de la econom\u00eda de Estados Unidos en 2023 y el cierre de la producci\u00f3n guatemalteca, para ver qu\u00e9 se hace el pr\u00f3ximo a\u00f1o.<\/p>\n\n\n\n<p>En otro an\u00e1lisis se considera que se encarecer\u00e1 el cr\u00e9dito bancario no solo para el comprador de bienes inmuebles, sino tambi\u00e9n para el desarrollador y constructor, lo cual puede provocar que sea m\u00e1s dif\u00edcil tener proyectos para ofrecer, lo que tambi\u00e9n encarece los precios, sobre todo de vivienda.<\/p>\n\n\n\n<p>#metroredes<\/p>\n\n\n\n<p><\/p>\n","protected":false},"excerpt":{"rendered":"<p>Con el aumento de la tasa de inter\u00e9s l\u00edder que amaneci\u00f3 en 3.75% se espera un encarecimiento de los pr\u00e9stamos en este a\u00f1o y los m\u00e1s afectados ser\u00e1n los cr\u00e9ditos de consumo que se ver\u00e1n reflejados de mayo a noviembre, lastimando al connacional promedio, seg\u00fan analistas econ\u00f3micos. El a\u00f1o pasado se registraron movimientos leves a <a class=\"read-more\" href=\"https:\/\/elmetropolitano.com.gt\/es\/junta-monetaria-propina-duro-golpe-a-la-ya-raquitica-economia-de-los-guatemaltecos\/\">Leer m\u00e1s<\/a><\/p>\n","protected":false},"author":1,"featured_media":59952,"comment_status":"open","ping_status":"closed","sticky":false,"template":"","format":"standard","meta":{"footnotes":""},"categories":[21],"tags":[20],"class_list":["post-59951","post","type-post","status-publish","format-standard","has-post-thumbnail","hentry","category-economia","tag-economia"],"_links":{"self":[{"href":"https:\/\/elmetropolitano.com.gt\/es\/wp-json\/wp\/v2\/posts\/59951","targetHints":{"allow":["GET"]}}],"collection":[{"href":"https:\/\/elmetropolitano.com.gt\/es\/wp-json\/wp\/v2\/posts"}],"about":[{"href":"https:\/\/elmetropolitano.com.gt\/es\/wp-json\/wp\/v2\/types\/post"}],"author":[{"embeddable":true,"href":"https:\/\/elmetropolitano.com.gt\/es\/wp-json\/wp\/v2\/users\/1"}],"replies":[{"embeddable":true,"href":"https:\/\/elmetropolitano.com.gt\/es\/wp-json\/wp\/v2\/comments?post=59951"}],"version-history":[{"count":1,"href":"https:\/\/elmetropolitano.com.gt\/es\/wp-json\/wp\/v2\/posts\/59951\/revisions"}],"predecessor-version":[{"id":59953,"href":"https:\/\/elmetropolitano.com.gt\/es\/wp-json\/wp\/v2\/posts\/59951\/revisions\/59953"}],"wp:featuredmedia":[{"embeddable":true,"href":"https:\/\/elmetropolitano.com.gt\/es\/wp-json\/wp\/v2\/media\/59952"}],"wp:attachment":[{"href":"https:\/\/elmetropolitano.com.gt\/es\/wp-json\/wp\/v2\/media?parent=59951"}],"wp:term":[{"taxonomy":"category","embeddable":true,"href":"https:\/\/elmetropolitano.com.gt\/es\/wp-json\/wp\/v2\/categories?post=59951"},{"taxonomy":"post_tag","embeddable":true,"href":"https:\/\/elmetropolitano.com.gt\/es\/wp-json\/wp\/v2\/tags?post=59951"}],"curies":[{"name":"wp","href":"https:\/\/api.w.org\/{rel}","templated":true}]}}