{"id":59964,"date":"2023-01-19T14:41:06","date_gmt":"2023-01-19T20:41:06","guid":{"rendered":"https:\/\/elmetropolitano.com.gt\/es\/?p=59964"},"modified":"2023-01-19T14:41:07","modified_gmt":"2023-01-19T20:41:07","slug":"presidente-giammattei-reconocido-como-miembro-de-honor-de-fundacion-carlos-iii","status":"publish","type":"post","link":"https:\/\/elmetropolitano.com.gt\/es\/presidente-giammattei-reconocido-como-miembro-de-honor-de-fundacion-carlos-iii\/","title":{"rendered":"Presidente Giammattei reconocido como miembro de honor de Fundaci\u00f3n Carlos III"},"content":{"rendered":"\n<p>El presidente Alejandro Giammattei fue nombrado Miembro de Honor de la Fundaci\u00f3n Carlos III. El nombramiento fue entregado por Carlos Escudero de Bur\u00f3n, presidente de la fundaci\u00f3n. Esto durante una ceremonia en el Westin Palace ubicado en la Plaza de las Cortes, Madrid, Espa\u00f1a.<\/p>\n\n\n\n<p>El <a><\/a>diploma otorgado al presidente Giammattei es en reconocimiento a la labor durante su gesti\u00f3n, misma que ha afrontado con generosidad, valor y car\u00e1cter.<\/p><div class=\"elmet-contenido\" id=\"elmet-1776853977\"><div class=\"elmet-adlabel\">Anuncios<\/div><div style=\"margin-top: 20px;margin-right: 20px;margin-bottom: 20px;margin-left: 20px;\" id=\"elmet-458555107\"><a href=\"https:\/\/www.facebook.com\/arrincuanantigua\/\" aria-label=\"cintillo-arrin-cual\"><img loading=\"lazy\" decoding=\"async\" src=\"https:\/\/elmetropolitano.com.gt\/es\/wp-content\/uploads\/2021\/11\/cintillo-arrin-cual-1.jpg\" alt=\"\"  srcset=\"https:\/\/elmetropolitano.com.gt\/es\/wp-content\/uploads\/2021\/11\/cintillo-arrin-cual-1.jpg 750w, https:\/\/elmetropolitano.com.gt\/es\/wp-content\/uploads\/2021\/11\/cintillo-arrin-cual-1-300x36.jpg 300w, https:\/\/elmetropolitano.com.gt\/es\/wp-content\/uploads\/2021\/11\/cintillo-arrin-cual-1-600x72.jpg 600w\" sizes=\"(max-width: 750px) 100vw, 750px\" width=\"750\" height=\"90\"   \/><\/a><\/div><\/div>\n\n\n\n<p>Por su parte, el mandatario agradeci\u00f3 por tal distinci\u00f3n, mencionando que ha estado trabajando con mucho ah\u00ednco desde el 14 de enero de 2020, d\u00eda en el que asumi\u00f3 el cargo como jefe de Estado. Tambi\u00e9n cit\u00f3 una frase de Santa Teresa de Calcuta que invita a reflexionar sobre servir a los dem\u00e1s.<\/p>\n\n\n\n<p>Anteponer los intereses de la naci\u00f3n a cualquier otro inter\u00e9s es obligaci\u00f3n. Somos firmes con los valores y principios, detall\u00f3 el mandatario.<\/p>\n\n\n\n<p>Adem\u00e1s, se\u00f1al\u00f3 que durante su tiempo al frente del estado guatemalteco se han logrado avances significativos en la misi\u00f3n de mejorar y optimizar la buena gobernanza. Asimismo, se han devuelto las esperanzas para crear una Guatemala mejor. El dignatario tambi\u00e9n comparti\u00f3 con los presentes algunos de los logros alcanzados durante su gesti\u00f3n, como el crecimiento econ\u00f3mico a pesar de las adversidades en 2021.<\/p>\n\n\n\n<p>Esta reuni\u00f3n contemplada en la agenda del presidente como parte de su gira de trabajo en Espa\u00f1a, se desarrolla en el marco de la Feria Internacional de Turismo (Fitur) en la que Guatemala tiene el honor de participar como Pa\u00eds Socio.<\/p>\n\n\n\n<p>Fundaci\u00f3n Carlos III<\/p>\n\n\n\n<p>Se trata de una instituci\u00f3n cultural privada de \u00e1mbito internacional en la cual se busca el fomento de la cultura, arte, ciencia diplomacia y desarrollo econ\u00f3mico y social para el fortalecimiento de las relaciones entre Espa\u00f1a e Iberoam\u00e9rica.<\/p>\n\n\n\n<p>En ese sentido, el Foro Iberoamericano, por iniciativa de los embajadores de los pa\u00edses acreditados en Madrid, constituy\u00f3 a esta para el refuerzo de las relaciones diplom\u00e1ticas, econ\u00f3micas y empresariales, culturales y de justicia con Iberoam\u00e9rica.<\/p>\n\n\n\n<p><a href=\"https:\/\/www.facebook.com\/hashtag\/metroredes?__eep__=6&amp;__cft__[0]=AZUFRT3EF4c0mn-3A8r-RJF3b7hMMXavicEMyo4D7QPVd-QGA7JDMtCN-zzLUhVh7uDYM_h13Z831oykX-D2QjzBX8_HQDNcDeSxzELFCXCpm0YH5lp1UhB7_vpJaBGfN8Uwlf5zoVhhUc9y3CQc1uX1-qksP0Txa235P0w--IuqQQ&amp;__tn__=*NK-R\">#Metroredes<\/a><a href=\"https:\/\/www.facebook.com\/hashtag\/fiturmadrid?__eep__=6&amp;__cft__[0]=AZUFRT3EF4c0mn-3A8r-RJF3b7hMMXavicEMyo4D7QPVd-QGA7JDMtCN-zzLUhVh7uDYM_h13Z831oykX-D2QjzBX8_HQDNcDeSxzELFCXCpm0YH5lp1UhB7_vpJaBGfN8Uwlf5zoVhhUc9y3CQc1uX1-qksP0Txa235P0w--IuqQQ&amp;__tn__=*NK-R\">#fiturmadrid<\/a><\/p>\n\n\n\n<p><\/p>\n","protected":false},"excerpt":{"rendered":"<p>El presidente Alejandro Giammattei fue nombrado Miembro de Honor de la Fundaci\u00f3n Carlos III. El nombramiento fue entregado por Carlos Escudero de Bur\u00f3n, presidente de la fundaci\u00f3n. Esto durante una ceremonia en el Westin Palace ubicado en la Plaza de las Cortes, Madrid, Espa\u00f1a. El diploma otorgado al presidente Giammattei es en reconocimiento a la <a class=\"read-more\" href=\"https:\/\/elmetropolitano.com.gt\/es\/presidente-giammattei-reconocido-como-miembro-de-honor-de-fundacion-carlos-iii\/\">Leer m\u00e1s<\/a><\/p>\n","protected":false},"author":1,"featured_media":59965,"comment_status":"open","ping_status":"closed","sticky":false,"template":"","format":"standard","meta":{"footnotes":""},"categories":[14],"tags":[15],"class_list":["post-59964","post","type-post","status-publish","format-standard","has-post-thumbnail","hentry","category-internacionales","tag-internacionales"],"_links":{"self":[{"href":"https:\/\/elmetropolitano.com.gt\/es\/wp-json\/wp\/v2\/posts\/59964","targetHints":{"allow":["GET"]}}],"collection":[{"href":"https:\/\/elmetropolitano.com.gt\/es\/wp-json\/wp\/v2\/posts"}],"about":[{"href":"https:\/\/elmetropolitano.com.gt\/es\/wp-json\/wp\/v2\/types\/post"}],"author":[{"embeddable":true,"href":"https:\/\/elmetropolitano.com.gt\/es\/wp-json\/wp\/v2\/users\/1"}],"replies":[{"embeddable":true,"href":"https:\/\/elmetropolitano.com.gt\/es\/wp-json\/wp\/v2\/comments?post=59964"}],"version-history":[{"count":1,"href":"https:\/\/elmetropolitano.com.gt\/es\/wp-json\/wp\/v2\/posts\/59964\/revisions"}],"predecessor-version":[{"id":59966,"href":"https:\/\/elmetropolitano.com.gt\/es\/wp-json\/wp\/v2\/posts\/59964\/revisions\/59966"}],"wp:featuredmedia":[{"embeddable":true,"href":"https:\/\/elmetropolitano.com.gt\/es\/wp-json\/wp\/v2\/media\/59965"}],"wp:attachment":[{"href":"https:\/\/elmetropolitano.com.gt\/es\/wp-json\/wp\/v2\/media?parent=59964"}],"wp:term":[{"taxonomy":"category","embeddable":true,"href":"https:\/\/elmetropolitano.com.gt\/es\/wp-json\/wp\/v2\/categories?post=59964"},{"taxonomy":"post_tag","embeddable":true,"href":"https:\/\/elmetropolitano.com.gt\/es\/wp-json\/wp\/v2\/tags?post=59964"}],"curies":[{"name":"wp","href":"https:\/\/api.w.org\/{rel}","templated":true}]}}