{"id":59967,"date":"2023-01-19T14:42:33","date_gmt":"2023-01-19T20:42:33","guid":{"rendered":"https:\/\/elmetropolitano.com.gt\/es\/?p=59967"},"modified":"2023-01-19T14:43:21","modified_gmt":"2023-01-19T20:43:21","slug":"moises-hernandez-el-nuevo-legionario-de-guatemala","status":"publish","type":"post","link":"https:\/\/elmetropolitano.com.gt\/es\/moises-hernandez-el-nuevo-legionario-de-guatemala\/","title":{"rendered":"Mois\u00e9s Hern\u00e1ndez, el nuevo legionario de Guatemala"},"content":{"rendered":"\n<p>El jugador guatemalteco Mois\u00e9s Hern\u00e1ndez jugar\u00e1 nuevamente en Estados Unidos, esta vez ser\u00e1 en la segunda divisi\u00f3n del futbol norteamericano. El defensor, luego de salir del Club Social y Deportivo Municipal, se encontraba sin equipo, y en las \u00faltimas semanas se le hab\u00eda visto entrenar en Estados Unidos.<\/p>\n\n\n\n<p>Mois\u00e9s hab\u00eda estado liderando una organizaci\u00f3n de campamentos de futbol en Stephenville, Texas, en busca de no perder ritmo <a><\/a>de competici\u00f3n.<\/p><div class=\"elmet-contenido\" id=\"elmet-1671945463\"><div class=\"elmet-adlabel\">Anuncios<\/div><div style=\"margin-top: 20px;margin-right: 20px;margin-bottom: 20px;margin-left: 20px;\" id=\"elmet-1439541379\"><a href=\"https:\/\/www.facebook.com\/arrincuanantigua\/\" aria-label=\"cintillo-arrin-cual\"><img loading=\"lazy\" decoding=\"async\" src=\"https:\/\/elmetropolitano.com.gt\/es\/wp-content\/uploads\/2021\/11\/cintillo-arrin-cual-1.jpg\" alt=\"\"  srcset=\"https:\/\/elmetropolitano.com.gt\/es\/wp-content\/uploads\/2021\/11\/cintillo-arrin-cual-1.jpg 750w, https:\/\/elmetropolitano.com.gt\/es\/wp-content\/uploads\/2021\/11\/cintillo-arrin-cual-1-300x36.jpg 300w, https:\/\/elmetropolitano.com.gt\/es\/wp-content\/uploads\/2021\/11\/cintillo-arrin-cual-1-600x72.jpg 600w\" sizes=\"(max-width: 750px) 100vw, 750px\" width=\"750\" height=\"90\"   \/><\/a><\/div><\/div>\n\n\n\n<p>Finalmente se ha hecho oficial el traspaso al cuadro de la segunda divisi\u00f3n de Estados Unidos.<\/p>\n\n\n\n<p>Miami FC ser\u00e1 la nueva casa del lateral, quien vuelve a convertirse en legionario luego de su paso por el futbol guatemalteco en los \u00faltimos dos a\u00f1os.<\/p>\n\n\n\n<p>Hern\u00e1ndez regresa con 30 a\u00f1os al futbol del norte, en donde buscar\u00e1 sacar su mejor futbol, adem\u00e1s de poder progresar como jugador para aportar cuando sea llamado a la selecci\u00f3n.<\/p>\n\n\n\n<p>Este ser\u00e1 su octavo club a lo largo de su carrea y su cuarto club en Estados Unidos.<\/p>\n\n\n\n<p>Mois\u00e9s se caracteriza por ser un lateral izquierdo con la virtud de poder jugar tambi\u00e9n de defensor central cuando las instancias lo requieren.<\/p>\n\n\n\n<p>En Selecci\u00f3n de Guatemala<\/p>\n\n\n\n<p>El debut lleg\u00f3 con 23 a\u00f1os y 22 d\u00edas ante Canad\u00e1, en un partido amistoso el 27 de marzo de 2015. Luego de esa ocasi\u00f3n ha disputado 36 partidos con la selecci\u00f3n nacional.<\/p>\n\n\n\n<p>Con Guatemala ha disputado partidos amistosos, Copa Oro, Nations League, Clasificatorio de Copa Oro y clasificaci\u00f3n a Copa del Mundo.<\/p>\n\n\n\n<p>Con la selecci\u00f3n ha anotado 2 goles, uno ante San Vicente y las Granadinas y uno ante Islas V\u00edrgenes Brit\u00e1nicas.<\/p>\n\n\n\n<p>Equipos de Mois\u00e9s<\/p>\n\n\n\n<p>A lo largo de su carrera, Hern\u00e1ndez ha estado en los siguientes equipos:<\/p>\n\n\n\n<p>Dallas, Estados Unidos<\/p>\n\n\n\n<p>Comunicaciones, Guatemala<\/p>\n\n\n\n<p>Saprissa, Costa Rica<\/p>\n\n\n\n<p>Rayo OKC, Estados Unidos<\/p>\n\n\n\n<p>San Antonio FC, Estados Unidos<\/p>\n\n\n\n<p>Antigua GFC, Guatemala<\/p>\n\n\n\n<p>CSD Municipal, Guatemala<\/p>\n\n\n\n<p>Miami FC, Estados Unidos<\/p>\n\n\n\n<p>texto: Josue David Acevedo Rivas<\/p>\n\n\n\n<p><a href=\"https:\/\/www.facebook.com\/hashtag\/metroredes?__eep__=6&amp;__cft__[0]=AZWnYBYiN8knImk_4Xqt43jc6eeO8lZ6pqmsKRoev66vMK-tEpmCPAsN_fDKpiY6z51x2iqElaNasKelVv-Otlt0saObBKWVKUpGNXyhqBnQE951RWXcgmLbWPwZJwXZ5Ikd7QGl6dsv_aMvKN1Qx_iJSvwRMIn4p2f-GfvD_eVnMw&amp;__tn__=*NK-R\">#metroredes<\/a><a href=\"https:\/\/www.facebook.com\/hashtag\/metrodeportes?__eep__=6&amp;__cft__[0]=AZWnYBYiN8knImk_4Xqt43jc6eeO8lZ6pqmsKRoev66vMK-tEpmCPAsN_fDKpiY6z51x2iqElaNasKelVv-Otlt0saObBKWVKUpGNXyhqBnQE951RWXcgmLbWPwZJwXZ5Ikd7QGl6dsv_aMvKN1Qx_iJSvwRMIn4p2f-GfvD_eVnMw&amp;__tn__=*NK-R\">#MetroDeportes<\/a><a href=\"https:\/\/www.facebook.com\/hashtag\/agn?__eep__=6&amp;__cft__[0]=AZWnYBYiN8knImk_4Xqt43jc6eeO8lZ6pqmsKRoev66vMK-tEpmCPAsN_fDKpiY6z51x2iqElaNasKelVv-Otlt0saObBKWVKUpGNXyhqBnQE951RWXcgmLbWPwZJwXZ5Ikd7QGl6dsv_aMvKN1Qx_iJSvwRMIn4p2f-GfvD_eVnMw&amp;__tn__=*NK-R\">#agn<\/a><\/p>\n\n\n\n<p><\/p>\n","protected":false},"excerpt":{"rendered":"<p>El jugador guatemalteco Mois\u00e9s Hern\u00e1ndez jugar\u00e1 nuevamente en Estados Unidos, esta vez ser\u00e1 en la segunda divisi\u00f3n del futbol norteamericano. El defensor, luego de salir del Club Social y Deportivo Municipal, se encontraba sin equipo, y en las \u00faltimas semanas se le hab\u00eda visto entrenar en Estados Unidos. Mois\u00e9s hab\u00eda estado liderando una organizaci\u00f3n de <a class=\"read-more\" href=\"https:\/\/elmetropolitano.com.gt\/es\/moises-hernandez-el-nuevo-legionario-de-guatemala\/\">Leer m\u00e1s<\/a><\/p>\n","protected":false},"author":1,"featured_media":59968,"comment_status":"open","ping_status":"closed","sticky":false,"template":"","format":"standard","meta":{"footnotes":""},"categories":[43],"tags":[44],"class_list":["post-59967","post","type-post","status-publish","format-standard","has-post-thumbnail","hentry","category-deportes","tag-deportes"],"_links":{"self":[{"href":"https:\/\/elmetropolitano.com.gt\/es\/wp-json\/wp\/v2\/posts\/59967","targetHints":{"allow":["GET"]}}],"collection":[{"href":"https:\/\/elmetropolitano.com.gt\/es\/wp-json\/wp\/v2\/posts"}],"about":[{"href":"https:\/\/elmetropolitano.com.gt\/es\/wp-json\/wp\/v2\/types\/post"}],"author":[{"embeddable":true,"href":"https:\/\/elmetropolitano.com.gt\/es\/wp-json\/wp\/v2\/users\/1"}],"replies":[{"embeddable":true,"href":"https:\/\/elmetropolitano.com.gt\/es\/wp-json\/wp\/v2\/comments?post=59967"}],"version-history":[{"count":1,"href":"https:\/\/elmetropolitano.com.gt\/es\/wp-json\/wp\/v2\/posts\/59967\/revisions"}],"predecessor-version":[{"id":59969,"href":"https:\/\/elmetropolitano.com.gt\/es\/wp-json\/wp\/v2\/posts\/59967\/revisions\/59969"}],"wp:featuredmedia":[{"embeddable":true,"href":"https:\/\/elmetropolitano.com.gt\/es\/wp-json\/wp\/v2\/media\/59968"}],"wp:attachment":[{"href":"https:\/\/elmetropolitano.com.gt\/es\/wp-json\/wp\/v2\/media?parent=59967"}],"wp:term":[{"taxonomy":"category","embeddable":true,"href":"https:\/\/elmetropolitano.com.gt\/es\/wp-json\/wp\/v2\/categories?post=59967"},{"taxonomy":"post_tag","embeddable":true,"href":"https:\/\/elmetropolitano.com.gt\/es\/wp-json\/wp\/v2\/tags?post=59967"}],"curies":[{"name":"wp","href":"https:\/\/api.w.org\/{rel}","templated":true}]}}