{"id":59984,"date":"2023-01-20T09:12:34","date_gmt":"2023-01-20T15:12:34","guid":{"rendered":"https:\/\/elmetropolitano.com.gt\/es\/?p=59984"},"modified":"2023-01-20T09:12:36","modified_gmt":"2023-01-20T15:12:36","slug":"habra-una-consulta-para-aprobar-e-improbar-el-cobro-de-peaje-de-autopista-escuintla-puerto-quetzal","status":"publish","type":"post","link":"https:\/\/elmetropolitano.com.gt\/es\/habra-una-consulta-para-aprobar-e-improbar-el-cobro-de-peaje-de-autopista-escuintla-puerto-quetzal\/","title":{"rendered":"Habr\u00e1 una consulta para aprobar e improbar el cobro de peaje de autopista Escuintla-Puerto Quetzal"},"content":{"rendered":"\n<p>Despu\u00e9s de muchos dimes y diretes y a pesar de ya haber sido aprobado por el Congreso de la Rep\u00fablica, el pueblo de Escuintla ha hablado y previo a iniciar cualquier trabajo de la autopista Escuintla-Puerto Quetzal, se deber\u00e1 llevar a cabo una consulta popular para ver si los vecinos de este departamento est\u00e1n de acuerdo, especialmente los pobladores del Puerto San Jos\u00e9, con el <a><\/a>cobro de peaje de la misma.<\/p>\n\n\n\n<p>Lo anterior fue expresado por el Concejo Municipal de Puerto San Jos\u00e9 y seg\u00fan acta 088-22, publicado en el Diario de Centroam\u00e9rica, se llevar\u00e1 a cabo la consulta para ver si los pobladores est\u00e1n de acuerdo en que se realice la construcci\u00f3n, mantenimiento y el cobro de peaje de la mencionada autopista.<\/p><div class=\"elmet-contenido\" id=\"elmet-786968062\"><div class=\"elmet-adlabel\">Anuncios<\/div><div style=\"margin-top: 20px;margin-right: 20px;margin-bottom: 20px;margin-left: 20px;\" id=\"elmet-3151264514\"><a href=\"https:\/\/www.facebook.com\/arrincuanantigua\/\" aria-label=\"cintillo-arrin-cual\"><img loading=\"lazy\" decoding=\"async\" src=\"https:\/\/elmetropolitano.com.gt\/es\/wp-content\/uploads\/2021\/11\/cintillo-arrin-cual-1.jpg\" alt=\"\"  srcset=\"https:\/\/elmetropolitano.com.gt\/es\/wp-content\/uploads\/2021\/11\/cintillo-arrin-cual-1.jpg 750w, https:\/\/elmetropolitano.com.gt\/es\/wp-content\/uploads\/2021\/11\/cintillo-arrin-cual-1-300x36.jpg 300w, https:\/\/elmetropolitano.com.gt\/es\/wp-content\/uploads\/2021\/11\/cintillo-arrin-cual-1-600x72.jpg 600w\" sizes=\"(max-width: 750px) 100vw, 750px\" width=\"750\" height=\"90\"   \/><\/a><\/div><\/div>\n\n\n\n<p>El Concejo Municipal que dirige el alcalde Vinicio Najarro ha pedido el apoyo del Tribunal Supremo Electoral TSE para la log\u00edstica y la instalaci\u00f3n de mesas para los votantes, a fin de que la consulta sea en orden y la pregunta ser\u00e1 \u00bfest\u00e1 usted de acuerdo con que se d\u00e9 la reconstrucci\u00f3n, rehabilitaci\u00f3n, operaci\u00f3n, mantenimiento y obras complementarias de la autopista Escuintla-Puerto Quetzal con cobro de peaje?<\/p>\n\n\n\n<p>La consulta se llevar\u00e1 a cabo el domingo 19 de febrero del presente a\u00f1o y se har\u00e1 seg\u00fan el fundamento de los art\u00edculos 63 y 64 del C\u00f3digo Municipal.<\/p>\n\n\n\n<p>Mucho se hab\u00eda hablado de esta autopista y varios alcaldes ya se hab\u00edan pronunciado al respecto, pero a pesar de ello el Congreso de la Rep\u00fablica ya hab\u00eda otorgado el concesionamiento a la empresa Marhnos Guatemala el a\u00f1o pasado.<\/p>\n\n\n\n<p>Los responsables de esta privatizaci\u00f3n disfrazada de concesi\u00f3n son muchos diputados que en las elecciones de este a\u00f1o buscar\u00e1n su reelecci\u00f3n como los del Partido Vamos Por una Guatemala diferente, la Unidad Nacional de la Esperanza UNE, la Uni\u00f3n del Cambio Nacional UCN, por lo que los analistas pol\u00edticos consideran que los vecinos que utilizan esta autopista para ir al puerto no voten por diputados que buscan la reelecci\u00f3n con estos partidos.<\/p>\n\n\n\n<p>Rechazo general<\/p>\n\n\n\n<p>El alcalde del Puerto San Jos\u00e9, Vinicio Najarro, indic\u00f3 que ciudadanos de diferentes puntos del municipio est\u00e1n velando por el bienestar, por lo que se entr\u00f3 a conocer la consulta comunitaria para as\u00ed establecer si es aceptable o no el cobro de peaje en la referida autopista.<\/p>\n\n\n\n<p>Seg\u00fan indic\u00f3 Najarro, 53 comunidades est\u00e1n organizadas y hay otros grupos de la sociedad civil ya listos para hacer la consulta a los vecinos y conocer si est\u00e1n conformes con los posibles cobros.<\/p>\n\n\n\n<p>Debe quedar claro, indic\u00f3 Vinicio Najarro, \u201cque la poblaci\u00f3n no est\u00e1 en contra del desarrollo o de la autopista, sino que se oponen al cobro por circular en la autopista, debido a la crisis econ\u00f3mica que vive la mayor\u00eda de familias de esta localidad y adem\u00e1s lo que puede afectar el turismo\u201d.<\/p>\n\n\n\n<p>Vecinos del Puerto San Jos\u00e9, como Carlos del Valle, indic\u00f3 que aqu\u00ed los responsables, adem\u00e1s del gobierno, son los diputados de la UNE, VAMOS, que son mayor\u00eda y privatizaron esta autopista. Hay que rechazarlos con nuestro voto, para que no se reelijan.<\/p>\n\n\n\n<p>Por su parte, Mar\u00eda Petronila P\u00e9rez, dijo que todos debemos de salir a votar por el no, porque no queremos pagar peaje ya que esto golpea la econom\u00eda de todos los que vivimos aqu\u00ed.<\/p>\n\n\n\n<p>Yo estoy en contra del cobro del peaje, pero los diputados, algunos de Escuintla, aprobaron esta concesi\u00f3n, solo el diputado Sergio Arana estuvo en contra. Espero que los resultados de los vecinos sea a favor de no cobros para utilizar la autopista Escuintla Puerto Quetzal, pero al desarrollo no nos oponemos\u201d.<\/p>\n\n\n\n<p>#metroredes<\/p>\n\n\n\n<figure class=\"wp-block-gallery has-nested-images columns-default is-cropped wp-block-gallery-1 is-layout-flex wp-block-gallery-is-layout-flex\">\n<figure class=\"wp-block-image size-large\"><img loading=\"lazy\" decoding=\"async\" width=\"237\" height=\"242\" data-id=\"59986\" src=\"https:\/\/elmetropolitano.com.gt\/es\/wp-content\/uploads\/2023\/01\/326207907_3420321491579038_1708102439817128854_n.jpg\" alt=\"\" class=\"wp-image-59986\"\/><\/figure>\n\n\n\n<figure class=\"wp-block-image size-large\"><img loading=\"lazy\" decoding=\"async\" width=\"1024\" height=\"768\" data-id=\"59987\" src=\"https:\/\/elmetropolitano.com.gt\/es\/wp-content\/uploads\/2023\/01\/326236236_702298908088187_8042911313911544424_n-1024x768.jpg\" alt=\"\" class=\"wp-image-59987\" srcset=\"https:\/\/elmetropolitano.com.gt\/es\/wp-content\/uploads\/2023\/01\/326236236_702298908088187_8042911313911544424_n-1024x768.jpg 1024w, https:\/\/elmetropolitano.com.gt\/es\/wp-content\/uploads\/2023\/01\/326236236_702298908088187_8042911313911544424_n-300x225.jpg 300w, https:\/\/elmetropolitano.com.gt\/es\/wp-content\/uploads\/2023\/01\/326236236_702298908088187_8042911313911544424_n-768x576.jpg 768w, https:\/\/elmetropolitano.com.gt\/es\/wp-content\/uploads\/2023\/01\/326236236_702298908088187_8042911313911544424_n-600x450.jpg 600w, https:\/\/elmetropolitano.com.gt\/es\/wp-content\/uploads\/2023\/01\/326236236_702298908088187_8042911313911544424_n.jpg 1200w\" sizes=\"auto, (max-width: 1024px) 100vw, 1024px\" \/><\/figure>\n<\/figure>\n","protected":false},"excerpt":{"rendered":"<p>Despu\u00e9s de muchos dimes y diretes y a pesar de ya haber sido aprobado por el Congreso de la Rep\u00fablica, el pueblo de Escuintla ha hablado y previo a iniciar cualquier trabajo de la autopista Escuintla-Puerto Quetzal, se deber\u00e1 llevar a cabo una consulta popular para ver si los vecinos de este departamento est\u00e1n de <a class=\"read-more\" href=\"https:\/\/elmetropolitano.com.gt\/es\/habra-una-consulta-para-aprobar-e-improbar-el-cobro-de-peaje-de-autopista-escuintla-puerto-quetzal\/\">Leer m\u00e1s<\/a><\/p>\n","protected":false},"author":1,"featured_media":59985,"comment_status":"open","ping_status":"closed","sticky":false,"template":"","format":"standard","meta":{"footnotes":""},"categories":[4],"tags":[13],"class_list":["post-59984","post","type-post","status-publish","format-standard","has-post-thumbnail","hentry","category-departamentales","tag-departamentales"],"_links":{"self":[{"href":"https:\/\/elmetropolitano.com.gt\/es\/wp-json\/wp\/v2\/posts\/59984","targetHints":{"allow":["GET"]}}],"collection":[{"href":"https:\/\/elmetropolitano.com.gt\/es\/wp-json\/wp\/v2\/posts"}],"about":[{"href":"https:\/\/elmetropolitano.com.gt\/es\/wp-json\/wp\/v2\/types\/post"}],"author":[{"embeddable":true,"href":"https:\/\/elmetropolitano.com.gt\/es\/wp-json\/wp\/v2\/users\/1"}],"replies":[{"embeddable":true,"href":"https:\/\/elmetropolitano.com.gt\/es\/wp-json\/wp\/v2\/comments?post=59984"}],"version-history":[{"count":1,"href":"https:\/\/elmetropolitano.com.gt\/es\/wp-json\/wp\/v2\/posts\/59984\/revisions"}],"predecessor-version":[{"id":59988,"href":"https:\/\/elmetropolitano.com.gt\/es\/wp-json\/wp\/v2\/posts\/59984\/revisions\/59988"}],"wp:featuredmedia":[{"embeddable":true,"href":"https:\/\/elmetropolitano.com.gt\/es\/wp-json\/wp\/v2\/media\/59985"}],"wp:attachment":[{"href":"https:\/\/elmetropolitano.com.gt\/es\/wp-json\/wp\/v2\/media?parent=59984"}],"wp:term":[{"taxonomy":"category","embeddable":true,"href":"https:\/\/elmetropolitano.com.gt\/es\/wp-json\/wp\/v2\/categories?post=59984"},{"taxonomy":"post_tag","embeddable":true,"href":"https:\/\/elmetropolitano.com.gt\/es\/wp-json\/wp\/v2\/tags?post=59984"}],"curies":[{"name":"wp","href":"https:\/\/api.w.org\/{rel}","templated":true}]}}