{"id":60011,"date":"2023-01-20T09:30:02","date_gmt":"2023-01-20T15:30:02","guid":{"rendered":"https:\/\/elmetropolitano.com.gt\/es\/?p=60011"},"modified":"2023-01-20T09:30:02","modified_gmt":"2023-01-20T15:30:02","slug":"canciller-se-reune-con-el-secretario-general-iberoamericano-en-espana","status":"publish","type":"post","link":"https:\/\/elmetropolitano.com.gt\/es\/canciller-se-reune-con-el-secretario-general-iberoamericano-en-espana\/","title":{"rendered":"Canciller se re\u00fane con el secretario general Iberoamericano en Espa\u00f1a"},"content":{"rendered":"\n<p>El ministro de Relaciones Exteriores de Guatemala, Mario B\u00facaro, se reuni\u00f3 con el secretario general Iberoamericano, Andr\u00e9s Allamand, como parte de las reuniones bilaterales que sostiene el diplom\u00e1tico durante la gira de trabajo por Espa\u00f1a.<\/p>\n\n\n\n<p>Durante la reuni\u00f3n, ambos diplom\u00e1ticos conversaron sobre temas de inter\u00e9s mutuo como el fortalecimiento de la cooperaci\u00f3n, cambio clim\u00e1tico, sectores productivos y <a><\/a>acceso a la justicia.<\/p><div class=\"elmet-contenido\" id=\"elmet-2639449454\"><div class=\"elmet-adlabel\">Anuncios<\/div><div style=\"margin-top: 20px;margin-right: 20px;margin-bottom: 20px;margin-left: 20px;\" id=\"elmet-3516177343\"><a href=\"https:\/\/www.facebook.com\/arrincuanantigua\/\" aria-label=\"cintillo-arrin-cual\"><img loading=\"lazy\" decoding=\"async\" src=\"https:\/\/elmetropolitano.com.gt\/es\/wp-content\/uploads\/2021\/11\/cintillo-arrin-cual-1.jpg\" alt=\"\"  srcset=\"https:\/\/elmetropolitano.com.gt\/es\/wp-content\/uploads\/2021\/11\/cintillo-arrin-cual-1.jpg 750w, https:\/\/elmetropolitano.com.gt\/es\/wp-content\/uploads\/2021\/11\/cintillo-arrin-cual-1-300x36.jpg 300w, https:\/\/elmetropolitano.com.gt\/es\/wp-content\/uploads\/2021\/11\/cintillo-arrin-cual-1-600x72.jpg 600w\" sizes=\"(max-width: 750px) 100vw, 750px\" width=\"750\" height=\"90\"   \/><\/a><\/div><\/div>\n\n\n\n<p>Adem\u00e1s, abordaron los preparativos de cara a la XXVIII Cumbre Iberoamericana de jefes de Estado y de Gobierno y los derechos digitales y la seguridad alimentaria.<\/p>\n\n\n\n<p>Adem\u00e1s, abordaron los preparativos de cara a la @CumbreIberoA y los derechos digitales y la seguridad alimentaria.<\/p>\n\n\n\n<p>Sobre la cumbre<\/p>\n\n\n\n<p>La Cumbre Iberoamericana se celebrar\u00e1 el 24 y 25 de marzo en Santo Domingo, capital de la Rep\u00fablica Dominicana.<\/p>\n\n\n\n<p>Dicha cumbre reunir\u00e1 a los presidentes y cancilleres de 22 pa\u00edses que conforman la Comunidad Iberoamericana.<\/p>\n\n\n\n<p>En esta se abordar\u00e1n las consecuencias de fen\u00f3menos de alcance global, como la recuperaci\u00f3n pospandemia, la guerra en Ucrania, el cambio clim\u00e1tico, la crisis energ\u00e9tica, el avance de la digitalizaci\u00f3n o la crisis alimentaria.<\/p>\n\n\n\n<p>La IV Conferencia Iberoamericana de G\u00e9nero tiene como objetivo discutir y generar acuerdos que nos fortalezcan y encaminen hacia la plena participaci\u00f3n de las mujeres en la construcci\u00f3n de una Iberoam\u00e9rica inclusiva, democr\u00e1tica y sostenible.<\/p>\n\n\n\n<p>Los temas<\/p>\n\n\n\n<p>El secretario general de Iberoam\u00e9rica inform\u00f3 a trav\u00e9s de sus redes sociales oficiales sobre los temas que abordar\u00e1n los jefes de Estado y de Gobierno en marzo pr\u00f3ximo.<\/p>\n\n\n\n<p>Por eso estamos trabajando para que en la Cumbre de Santo Domingo Iberoam\u00e9rica se apruebe una hoja de ruta que marque su camino hacia la seguridad alimentaria, indic\u00f3 el secretario general Iberoamericano.<\/p>\n\n\n\n<p>Adem\u00e1s, se firmar\u00e1 una carta de principios y derechos digitales que resguarde a sus ciudadanos frente al avance tecnol\u00f3gico y una carta ambiental que refleje la preocupaci\u00f3n por el medioambiente y el rol principal que le corresponde a la regi\u00f3n en su conservaci\u00f3n y en la lucha contra el cambio clim\u00e1tico.<\/p>\n\n\n\n<p>Tambi\u00e9n se presentar\u00e1 una propuesta de arquitectura financiera internacional m\u00e1s justa e inclusiva que permita financiar la recuperaci\u00f3n pospandemia de COVID-19.<\/p>\n\n\n\n<p>La cumbre es un espacio \u00fanico de di\u00e1logo pol\u00edtico y cooperaci\u00f3n, que apuesta por el multilateralismo como la herramienta m\u00e1s eficaz para intercambiar experiencias y aspiraciones, y consensuar posiciones frente a los retos que enfrenta la regi\u00f3n.<\/p>\n\n\n\n<p><a href=\"https:\/\/www.facebook.com\/hashtag\/metroredes?__eep__=6&amp;__cft__[0]=AZVT3VrFESjcxoYoDeEpJGF3Sg25mMTNi6msNq1bY9TruMRX7FM0b25IlAFy0BkAbmDgQhRUDWWgwVU6WeLP5SPM2qze3iANckcVwamvy6rXQ3_Dlv5jIcaFiVcQK9P2jPOCNT51bcLybMa08o60A81VH7T_F3afbsFHMvepUB7L5YSSBnp6106MLwdWEcyv1CM&amp;__tn__=*NK-R\">#metroredes<\/a><a href=\"https:\/\/www.facebook.com\/hashtag\/fiturmadrid?__eep__=6&amp;__cft__[0]=AZVT3VrFESjcxoYoDeEpJGF3Sg25mMTNi6msNq1bY9TruMRX7FM0b25IlAFy0BkAbmDgQhRUDWWgwVU6WeLP5SPM2qze3iANckcVwamvy6rXQ3_Dlv5jIcaFiVcQK9P2jPOCNT51bcLybMa08o60A81VH7T_F3afbsFHMvepUB7L5YSSBnp6106MLwdWEcyv1CM&amp;__tn__=*NK-R\">#fiturmadrid<\/a><\/p>\n\n\n\n<p><\/p>\n","protected":false},"excerpt":{"rendered":"<p>El ministro de Relaciones Exteriores de Guatemala, Mario B\u00facaro, se reuni\u00f3 con el secretario general Iberoamericano, Andr\u00e9s Allamand, como parte de las reuniones bilaterales que sostiene el diplom\u00e1tico durante la gira de trabajo por Espa\u00f1a. Durante la reuni\u00f3n, ambos diplom\u00e1ticos conversaron sobre temas de inter\u00e9s mutuo como el fortalecimiento de la cooperaci\u00f3n, cambio clim\u00e1tico, sectores <a class=\"read-more\" href=\"https:\/\/elmetropolitano.com.gt\/es\/canciller-se-reune-con-el-secretario-general-iberoamericano-en-espana\/\">Leer m\u00e1s<\/a><\/p>\n","protected":false},"author":1,"featured_media":60012,"comment_status":"open","ping_status":"closed","sticky":false,"template":"","format":"standard","meta":{"footnotes":""},"categories":[14],"tags":[15],"class_list":["post-60011","post","type-post","status-publish","format-standard","has-post-thumbnail","hentry","category-internacionales","tag-internacionales"],"_links":{"self":[{"href":"https:\/\/elmetropolitano.com.gt\/es\/wp-json\/wp\/v2\/posts\/60011","targetHints":{"allow":["GET"]}}],"collection":[{"href":"https:\/\/elmetropolitano.com.gt\/es\/wp-json\/wp\/v2\/posts"}],"about":[{"href":"https:\/\/elmetropolitano.com.gt\/es\/wp-json\/wp\/v2\/types\/post"}],"author":[{"embeddable":true,"href":"https:\/\/elmetropolitano.com.gt\/es\/wp-json\/wp\/v2\/users\/1"}],"replies":[{"embeddable":true,"href":"https:\/\/elmetropolitano.com.gt\/es\/wp-json\/wp\/v2\/comments?post=60011"}],"version-history":[{"count":1,"href":"https:\/\/elmetropolitano.com.gt\/es\/wp-json\/wp\/v2\/posts\/60011\/revisions"}],"predecessor-version":[{"id":60013,"href":"https:\/\/elmetropolitano.com.gt\/es\/wp-json\/wp\/v2\/posts\/60011\/revisions\/60013"}],"wp:featuredmedia":[{"embeddable":true,"href":"https:\/\/elmetropolitano.com.gt\/es\/wp-json\/wp\/v2\/media\/60012"}],"wp:attachment":[{"href":"https:\/\/elmetropolitano.com.gt\/es\/wp-json\/wp\/v2\/media?parent=60011"}],"wp:term":[{"taxonomy":"category","embeddable":true,"href":"https:\/\/elmetropolitano.com.gt\/es\/wp-json\/wp\/v2\/categories?post=60011"},{"taxonomy":"post_tag","embeddable":true,"href":"https:\/\/elmetropolitano.com.gt\/es\/wp-json\/wp\/v2\/tags?post=60011"}],"curies":[{"name":"wp","href":"https:\/\/api.w.org\/{rel}","templated":true}]}}