{"id":60030,"date":"2023-01-21T10:18:09","date_gmt":"2023-01-21T16:18:09","guid":{"rendered":"https:\/\/elmetropolitano.com.gt\/es\/?p=60030"},"modified":"2023-01-21T10:18:10","modified_gmt":"2023-01-21T16:18:10","slug":"guatemala-y-espana-fortalecen-lazos-de-cooperacion-y-amistad","status":"publish","type":"post","link":"https:\/\/elmetropolitano.com.gt\/es\/guatemala-y-espana-fortalecen-lazos-de-cooperacion-y-amistad\/","title":{"rendered":"Guatemala y Espa\u00f1a fortalecen lazos de cooperaci\u00f3n y amistad"},"content":{"rendered":"\n<p>Con el fin de fortalecer los lazos de cooperaci\u00f3n y amistad, el Gobierno guatemalteco y el Gobierno de Espa\u00f1a reafirmaron su compromiso de trabajo en conjunto para el desarrollo bilateral.<\/p>\n\n\n\n<p><a><\/a>Espa\u00f1a reconoci\u00f3 a Guatemala como pa\u00eds amigo y extendi\u00f3 su apoyo para la ejecuci\u00f3n de acciones que permitan el crecimiento de sectores econ\u00f3micos clave.<\/p><div class=\"elmet-contenido\" id=\"elmet-836282472\"><div class=\"elmet-adlabel\">Anuncios<\/div><div style=\"margin-top: 20px;margin-right: 20px;margin-bottom: 20px;margin-left: 20px;\" id=\"elmet-1676319229\"><a href=\"https:\/\/www.facebook.com\/arrincuanantigua\/\" aria-label=\"cintillo-arrin-cual\"><img loading=\"lazy\" decoding=\"async\" src=\"https:\/\/elmetropolitano.com.gt\/es\/wp-content\/uploads\/2021\/11\/cintillo-arrin-cual-1.jpg\" alt=\"\"  srcset=\"https:\/\/elmetropolitano.com.gt\/es\/wp-content\/uploads\/2021\/11\/cintillo-arrin-cual-1.jpg 750w, https:\/\/elmetropolitano.com.gt\/es\/wp-content\/uploads\/2021\/11\/cintillo-arrin-cual-1-300x36.jpg 300w, https:\/\/elmetropolitano.com.gt\/es\/wp-content\/uploads\/2021\/11\/cintillo-arrin-cual-1-600x72.jpg 600w\" sizes=\"(max-width: 750px) 100vw, 750px\" width=\"750\" height=\"90\"   \/><\/a><\/div><\/div>\n\n\n\n<p>La reuni\u00f3n se llev\u00f3 a cabo en La Moncloa, donde el presidente del Gobierno espa\u00f1ol Pedro S\u00e1nchez recibi\u00f3 al presidente Alejandro Giammattei y a su delegaci\u00f3n conformada por representantes de los ministerios de Econom\u00eda, de Relaciones Exteriores y de Finanzas P\u00fablicas.<\/p>\n\n\n\n<p>Adem\u00e1s, el Gobierno espa\u00f1ol resalt\u00f3 la importancia de establecer relaciones con Latinoam\u00e9rica, que est\u00e1 en el centro de la pol\u00edtica exterior de Espa\u00f1a.<\/p>\n\n\n\n<p>Ante el encuentro, el Gobierno espa\u00f1ol inform\u00f3 que los presidentes S\u00e1nchez y Giammttei hicieron un repaso de temas actuales que comparten los dos pa\u00edses. Entre estos, la situaci\u00f3n regional, la agenda bilateral y las nuevas oportunidades de negocios entre ambas partes.<\/p>\n\n\n\n<p>Por otra parte, la entidad destac\u00f3 que el mandatario espa\u00f1ol hizo \u00e9nfasis en el compromiso que tiene Espa\u00f1a con Latinoam\u00e9rica y el Caribe. De esto, se\u00f1al\u00f3 el objetivo del pa\u00eds espa\u00f1ol de impulsar la consolidaci\u00f3n de una relaci\u00f3n estrat\u00e9gica con dichas regiones.<\/p>\n\n\n\n<p>Propuestas comerciales<\/p>\n\n\n\n<p>Durante un encuentro con empresarios europeos, Guatemala invit\u00f3 al mundo a invertir y visitar el pa\u00eds, resaltando las ventajas que ofrece para el comercio y crecimiento econ\u00f3mico.<\/p>\n\n\n\n<p>Adem\u00e1s, se presentaron las estrategias que han permitido hacer de la econom\u00eda guatemalteca una de las m\u00e1s competitivas de la regi\u00f3n, dej\u00e1ndola como una excelente naci\u00f3n para invertir.<\/p>\n\n\n\n<p>Dicho encuentro se llev\u00f3 a cabo en el marco de la Feria Internacional de Turismo (Fitur) 2023 en Espa\u00f1a. En esta, Guatemala figura como Pa\u00eds Socio, lo que representa una gran oportunidad para la atracci\u00f3n de nuevos aliados que fortalezcan el desarrollo guatemalteco.<\/p>\n\n\n\n<p>En ese sentido, Guatemala he agradecido a Espa\u00f1a por confiar y creer en su potencial para posicionarse a nivel mundial gracias a su riqueza cultural, econ\u00f3mica y social.<\/p>\n\n\n\n<p><a href=\"https:\/\/www.facebook.com\/hashtag\/metroredes?__eep__=6&amp;__cft__[0]=AZWXEXfKsDUmFRk64pZNWwuCPdWDv-BUrGF0jXx8uLoIK45p7Dthu5NsEqjvrN-YgtNnwapiGK61RiYfvZh5NqOqHlNoasZIzlDtGqqZaAmidys6lSD-gOnRE4wYXfQEW2jRe7GoMKxD-JlHMOlfJqgPJNQC7YCfRN3Act_Rl1BskJZV2FAW21Q0VyPthwlWDeY&amp;__tn__=*NK-R\">#metroredes<\/a><a href=\"https:\/\/www.facebook.com\/hashtag\/fiturmadrid?__eep__=6&amp;__cft__[0]=AZWXEXfKsDUmFRk64pZNWwuCPdWDv-BUrGF0jXx8uLoIK45p7Dthu5NsEqjvrN-YgtNnwapiGK61RiYfvZh5NqOqHlNoasZIzlDtGqqZaAmidys6lSD-gOnRE4wYXfQEW2jRe7GoMKxD-JlHMOlfJqgPJNQC7YCfRN3Act_Rl1BskJZV2FAW21Q0VyPthwlWDeY&amp;__tn__=*NK-R\">#fiturmadrid<\/a><\/p>\n\n\n\n<p><\/p>\n","protected":false},"excerpt":{"rendered":"<p>Con el fin de fortalecer los lazos de cooperaci\u00f3n y amistad, el Gobierno guatemalteco y el Gobierno de Espa\u00f1a reafirmaron su compromiso de trabajo en conjunto para el desarrollo bilateral. Espa\u00f1a reconoci\u00f3 a Guatemala como pa\u00eds amigo y extendi\u00f3 su apoyo para la ejecuci\u00f3n de acciones que permitan el crecimiento de sectores econ\u00f3micos clave. La <a class=\"read-more\" href=\"https:\/\/elmetropolitano.com.gt\/es\/guatemala-y-espana-fortalecen-lazos-de-cooperacion-y-amistad\/\">Leer m\u00e1s<\/a><\/p>\n","protected":false},"author":1,"featured_media":60031,"comment_status":"open","ping_status":"closed","sticky":false,"template":"","format":"standard","meta":{"footnotes":""},"categories":[14],"tags":[15],"class_list":["post-60030","post","type-post","status-publish","format-standard","has-post-thumbnail","hentry","category-internacionales","tag-internacionales"],"_links":{"self":[{"href":"https:\/\/elmetropolitano.com.gt\/es\/wp-json\/wp\/v2\/posts\/60030","targetHints":{"allow":["GET"]}}],"collection":[{"href":"https:\/\/elmetropolitano.com.gt\/es\/wp-json\/wp\/v2\/posts"}],"about":[{"href":"https:\/\/elmetropolitano.com.gt\/es\/wp-json\/wp\/v2\/types\/post"}],"author":[{"embeddable":true,"href":"https:\/\/elmetropolitano.com.gt\/es\/wp-json\/wp\/v2\/users\/1"}],"replies":[{"embeddable":true,"href":"https:\/\/elmetropolitano.com.gt\/es\/wp-json\/wp\/v2\/comments?post=60030"}],"version-history":[{"count":1,"href":"https:\/\/elmetropolitano.com.gt\/es\/wp-json\/wp\/v2\/posts\/60030\/revisions"}],"predecessor-version":[{"id":60032,"href":"https:\/\/elmetropolitano.com.gt\/es\/wp-json\/wp\/v2\/posts\/60030\/revisions\/60032"}],"wp:featuredmedia":[{"embeddable":true,"href":"https:\/\/elmetropolitano.com.gt\/es\/wp-json\/wp\/v2\/media\/60031"}],"wp:attachment":[{"href":"https:\/\/elmetropolitano.com.gt\/es\/wp-json\/wp\/v2\/media?parent=60030"}],"wp:term":[{"taxonomy":"category","embeddable":true,"href":"https:\/\/elmetropolitano.com.gt\/es\/wp-json\/wp\/v2\/categories?post=60030"},{"taxonomy":"post_tag","embeddable":true,"href":"https:\/\/elmetropolitano.com.gt\/es\/wp-json\/wp\/v2\/tags?post=60030"}],"curies":[{"name":"wp","href":"https:\/\/api.w.org\/{rel}","templated":true}]}}