{"id":60033,"date":"2023-01-21T10:20:03","date_gmt":"2023-01-21T16:20:03","guid":{"rendered":"https:\/\/elmetropolitano.com.gt\/es\/?p=60033"},"modified":"2023-01-21T10:20:04","modified_gmt":"2023-01-21T16:20:04","slug":"la-categoria-de-camioneta-deportiva-se-redefine-con-la-nueva-honda-cr-v2023","status":"publish","type":"post","link":"https:\/\/elmetropolitano.com.gt\/es\/la-categoria-de-camioneta-deportiva-se-redefine-con-la-nueva-honda-cr-v2023\/","title":{"rendered":"La Categor\u00eda de Camioneta Deportiva se redefine con la Nueva Honda CR-V2023"},"content":{"rendered":"\n<p>Con el objetivo de asumir desaf\u00edos cada vez m\u00e1s grandes, Honda presenta en Guatemala la nueva CRV 2023, un veh\u00edculo que redise\u00f1a y supera las expectativas de lo que puede ser una camioneta deportiva compacta.<\/p>\n\n\n\n<p>La CR-V 2023 en sus versiones LX, EX Y EXL, cuenta con un nuevo dise\u00f1o robusto, con una distancia entre ejes m\u00e1s larga y un porte m\u00e1s ancho. Las caracter\u00edsticas disponibles como el portaequipajes <a><\/a>y la puerta trasera el\u00e9ctrica con acceso a manos libres, brindan la versatilidad para emprender todo tipo de aventuras; desde viajes por la ciudad hasta un campo traviesa.<\/p><div class=\"elmet-contenido\" id=\"elmet-1264058522\"><div class=\"elmet-adlabel\">Anuncios<\/div><div style=\"margin-top: 20px;margin-right: 20px;margin-bottom: 20px;margin-left: 20px;\" id=\"elmet-3421190124\"><a href=\"https:\/\/www.facebook.com\/arrincuanantigua\/\" aria-label=\"cintillo-arrin-cual\"><img loading=\"lazy\" decoding=\"async\" src=\"https:\/\/elmetropolitano.com.gt\/es\/wp-content\/uploads\/2021\/11\/cintillo-arrin-cual-1.jpg\" alt=\"\"  srcset=\"https:\/\/elmetropolitano.com.gt\/es\/wp-content\/uploads\/2021\/11\/cintillo-arrin-cual-1.jpg 750w, https:\/\/elmetropolitano.com.gt\/es\/wp-content\/uploads\/2021\/11\/cintillo-arrin-cual-1-300x36.jpg 300w, https:\/\/elmetropolitano.com.gt\/es\/wp-content\/uploads\/2021\/11\/cintillo-arrin-cual-1-600x72.jpg 600w\" sizes=\"(max-width: 750px) 100vw, 750px\" width=\"750\" height=\"90\"   \/><\/a><\/div><\/div>\n\n\n\n<p>Re\u00fane una impresionante colecci\u00f3n de caracter\u00edsticas y conveniencias dise\u00f1adas para captar nuevos amantes de la marca, lo cual, va en l\u00ednea con la filosof\u00eda de Honda en brindar siempre productos de la m\u00e1s alta calidad con est\u00e1ndares de seguridad y garant\u00eda.<\/p>\n\n\n\n<p>\u201cLa CR-V es un veh\u00edculo que resalta desde su incorporaci\u00f3n al mercado en 1995 hasta la actualidad. Es una camioneta con bastante aceptaci\u00f3n, una de las mejores y m\u00e1s populares SUV&#8217;s compactas. Por ello nos entusiasma presentar estas mejoras que la hacen un veh\u00edculo familiar seguro y confiable con muchas caracter\u00edsticas y tecnolog\u00eda\u201c, coment\u00f3 Dyane B\u00facaro Besosa, Gerente de Mercadeo DIVISA.<\/p>\n\n\n\n<p>La CR-V 2023 cuenta en sus tres versiones con un motor 1.5 de 4 cilindros con turbo compresor, donde brinda 188 caballos de fuerza, con una transmisi\u00f3n CVT, la cual permite una mejor experiencia de manejo. Adem\u00e1s, dentro de la cabina se puede sentir la conexi\u00f3n a los alrededores gracias a un dise\u00f1o minimalista y amplias l\u00edneas de visi\u00f3n.<\/p>\n\n\n\n<p>En cuanto a la seguridad, Honda tiene como prioridad estas caracter\u00edsticas en sus veh\u00edculos. Es por eso que la CR-V 2020 cuenta con el sistema de Honda Sensing, un conjunto completo de tecnolog\u00edas de seguridad de asistencia al conductor, dise\u00f1adas para proteger tanto al conductor como a los pasajeros.<\/p>\n\n\n\n<p>A diferencia de modelos anteriores, la CRV 2023 tiene un sin fin de mejoras. Ambos trenes motrices ofrecen una mejor aceleraci\u00f3n, mientras que la tracci\u00f3n ofrece una maniobrabilidad m\u00e1s \u00e1gil. Por otro lado, el nuevo interior incluye un \u00e1rea de carga ampliada, asientos delanteros con estabilizaci\u00f3n para el cuerpo y comodidades como el sistema de sonido de alta calidad Bose acompa\u00f1ado con una pantalla t\u00e1ctil de 9 pulgadas y la integraci\u00f3n de un tel\u00e9fono inteligente inal\u00e1mbrico que simplifica la conexi\u00f3n.<\/p>\n\n\n\n<p>\u201cLa CR-V ha sido dise\u00f1ada para verlas de una manera m\u00e1s divertida y emocionante. Invitamos a los guatemaltecos a que nos visiten en la sala de venta del Honda Center y sean parte de la experiencia al conducir un veh\u00edculo tan vers\u00e1til y amigable como lo es esta SUV\u201d, finaliz\u00f3 B\u00facaro.<\/p>\n\n\n\n<p>Para m\u00e1s detalles sobre estos nuevos veh\u00edculos, las personas pueden visitar la sala de venta del Honda Center, Majadas y Condado Concepci\u00f3n<\/p>\n\n\n\n<p><a href=\"https:\/\/www.facebook.com\/hashtag\/divisa?__eep__=6&amp;__cft__[0]=AZXutZaeg6OlvxW1wmfgoeEBjVtMlgylRBJQnWnnViCwYWaZPU5yDQbisx5dUmuYahCIXMwer5xgQuwDw_epQ2bOW2o3DaQ0h4no8hiul5iHdUbT90--zkqNnIWz5yKAWOauN2dM3MQqWB52HCjoBJYP5NcCRWHSkE1edqeKjTNVeslUkaEz9MODyPO8VKdNGz4&amp;__tn__=*NK-R\">#Divisa<\/a><a href=\"https:\/\/www.facebook.com\/hashtag\/honda?__eep__=6&amp;__cft__[0]=AZXutZaeg6OlvxW1wmfgoeEBjVtMlgylRBJQnWnnViCwYWaZPU5yDQbisx5dUmuYahCIXMwer5xgQuwDw_epQ2bOW2o3DaQ0h4no8hiul5iHdUbT90--zkqNnIWz5yKAWOauN2dM3MQqWB52HCjoBJYP5NcCRWHSkE1edqeKjTNVeslUkaEz9MODyPO8VKdNGz4&amp;__tn__=*NK-R\">#honda<\/a><a href=\"https:\/\/www.facebook.com\/hashtag\/metroredes?__eep__=6&amp;__cft__[0]=AZXutZaeg6OlvxW1wmfgoeEBjVtMlgylRBJQnWnnViCwYWaZPU5yDQbisx5dUmuYahCIXMwer5xgQuwDw_epQ2bOW2o3DaQ0h4no8hiul5iHdUbT90--zkqNnIWz5yKAWOauN2dM3MQqWB52HCjoBJYP5NcCRWHSkE1edqeKjTNVeslUkaEz9MODyPO8VKdNGz4&amp;__tn__=*NK-R\">#metroredes<\/a><\/p>\n\n\n\n<figure class=\"wp-block-gallery has-nested-images columns-default is-cropped wp-block-gallery-1 is-layout-flex wp-block-gallery-is-layout-flex\">\n<figure class=\"wp-block-image size-large\"><img loading=\"lazy\" decoding=\"async\" width=\"1024\" height=\"577\" data-id=\"60037\" src=\"https:\/\/elmetropolitano.com.gt\/es\/wp-content\/uploads\/2023\/01\/325773295_871127667500469_8434384340814575100_n-1024x577.jpg\" alt=\"\" class=\"wp-image-60037\" srcset=\"https:\/\/elmetropolitano.com.gt\/es\/wp-content\/uploads\/2023\/01\/325773295_871127667500469_8434384340814575100_n-1024x577.jpg 1024w, https:\/\/elmetropolitano.com.gt\/es\/wp-content\/uploads\/2023\/01\/325773295_871127667500469_8434384340814575100_n-300x169.jpg 300w, https:\/\/elmetropolitano.com.gt\/es\/wp-content\/uploads\/2023\/01\/325773295_871127667500469_8434384340814575100_n-768x433.jpg 768w, https:\/\/elmetropolitano.com.gt\/es\/wp-content\/uploads\/2023\/01\/325773295_871127667500469_8434384340814575100_n-600x338.jpg 600w, https:\/\/elmetropolitano.com.gt\/es\/wp-content\/uploads\/2023\/01\/325773295_871127667500469_8434384340814575100_n.jpg 1286w\" sizes=\"auto, (max-width: 1024px) 100vw, 1024px\" \/><\/figure>\n\n\n\n<figure class=\"wp-block-image size-large\"><img loading=\"lazy\" decoding=\"async\" width=\"846\" height=\"616\" data-id=\"60036\" src=\"https:\/\/elmetropolitano.com.gt\/es\/wp-content\/uploads\/2023\/01\/326131890_1804692593224886_3881067340729103788_n.jpg\" alt=\"\" class=\"wp-image-60036\" srcset=\"https:\/\/elmetropolitano.com.gt\/es\/wp-content\/uploads\/2023\/01\/326131890_1804692593224886_3881067340729103788_n.jpg 846w, https:\/\/elmetropolitano.com.gt\/es\/wp-content\/uploads\/2023\/01\/326131890_1804692593224886_3881067340729103788_n-300x218.jpg 300w, https:\/\/elmetropolitano.com.gt\/es\/wp-content\/uploads\/2023\/01\/326131890_1804692593224886_3881067340729103788_n-768x559.jpg 768w, https:\/\/elmetropolitano.com.gt\/es\/wp-content\/uploads\/2023\/01\/326131890_1804692593224886_3881067340729103788_n-600x437.jpg 600w\" sizes=\"auto, (max-width: 846px) 100vw, 846px\" \/><\/figure>\n\n\n\n<figure class=\"wp-block-image size-large\"><img loading=\"lazy\" decoding=\"async\" width=\"846\" height=\"616\" data-id=\"60035\" src=\"https:\/\/elmetropolitano.com.gt\/es\/wp-content\/uploads\/2023\/01\/326171913_710724860772216_8203276329407942793_n.jpg\" alt=\"\" class=\"wp-image-60035\" srcset=\"https:\/\/elmetropolitano.com.gt\/es\/wp-content\/uploads\/2023\/01\/326171913_710724860772216_8203276329407942793_n.jpg 846w, https:\/\/elmetropolitano.com.gt\/es\/wp-content\/uploads\/2023\/01\/326171913_710724860772216_8203276329407942793_n-300x218.jpg 300w, https:\/\/elmetropolitano.com.gt\/es\/wp-content\/uploads\/2023\/01\/326171913_710724860772216_8203276329407942793_n-768x559.jpg 768w, https:\/\/elmetropolitano.com.gt\/es\/wp-content\/uploads\/2023\/01\/326171913_710724860772216_8203276329407942793_n-600x437.jpg 600w\" sizes=\"auto, (max-width: 846px) 100vw, 846px\" \/><\/figure>\n\n\n\n<figure class=\"wp-block-image size-large\"><img loading=\"lazy\" decoding=\"async\" width=\"846\" height=\"616\" data-id=\"60038\" src=\"https:\/\/elmetropolitano.com.gt\/es\/wp-content\/uploads\/2023\/01\/326375299_852379252537678_7519699006522147354_n.jpg\" alt=\"\" class=\"wp-image-60038\" srcset=\"https:\/\/elmetropolitano.com.gt\/es\/wp-content\/uploads\/2023\/01\/326375299_852379252537678_7519699006522147354_n.jpg 846w, https:\/\/elmetropolitano.com.gt\/es\/wp-content\/uploads\/2023\/01\/326375299_852379252537678_7519699006522147354_n-300x218.jpg 300w, https:\/\/elmetropolitano.com.gt\/es\/wp-content\/uploads\/2023\/01\/326375299_852379252537678_7519699006522147354_n-768x559.jpg 768w, https:\/\/elmetropolitano.com.gt\/es\/wp-content\/uploads\/2023\/01\/326375299_852379252537678_7519699006522147354_n-600x437.jpg 600w\" sizes=\"auto, (max-width: 846px) 100vw, 846px\" \/><\/figure>\n<\/figure>\n","protected":false},"excerpt":{"rendered":"<p>Con el objetivo de asumir desaf\u00edos cada vez m\u00e1s grandes, Honda presenta en Guatemala la nueva CRV 2023, un veh\u00edculo que redise\u00f1a y supera las expectativas de lo que puede ser una camioneta deportiva compacta. La CR-V 2023 en sus versiones LX, EX Y EXL, cuenta con un nuevo dise\u00f1o robusto, con una distancia entre <a class=\"read-more\" href=\"https:\/\/elmetropolitano.com.gt\/es\/la-categoria-de-camioneta-deportiva-se-redefine-con-la-nueva-honda-cr-v2023\/\">Leer m\u00e1s<\/a><\/p>\n","protected":false},"author":1,"featured_media":60034,"comment_status":"open","ping_status":"closed","sticky":false,"template":"","format":"standard","meta":{"footnotes":""},"categories":[31],"tags":[32],"class_list":["post-60033","post","type-post","status-publish","format-standard","has-post-thumbnail","hentry","category-metroimpulso","tag-metroimpulso"],"_links":{"self":[{"href":"https:\/\/elmetropolitano.com.gt\/es\/wp-json\/wp\/v2\/posts\/60033","targetHints":{"allow":["GET"]}}],"collection":[{"href":"https:\/\/elmetropolitano.com.gt\/es\/wp-json\/wp\/v2\/posts"}],"about":[{"href":"https:\/\/elmetropolitano.com.gt\/es\/wp-json\/wp\/v2\/types\/post"}],"author":[{"embeddable":true,"href":"https:\/\/elmetropolitano.com.gt\/es\/wp-json\/wp\/v2\/users\/1"}],"replies":[{"embeddable":true,"href":"https:\/\/elmetropolitano.com.gt\/es\/wp-json\/wp\/v2\/comments?post=60033"}],"version-history":[{"count":1,"href":"https:\/\/elmetropolitano.com.gt\/es\/wp-json\/wp\/v2\/posts\/60033\/revisions"}],"predecessor-version":[{"id":60039,"href":"https:\/\/elmetropolitano.com.gt\/es\/wp-json\/wp\/v2\/posts\/60033\/revisions\/60039"}],"wp:featuredmedia":[{"embeddable":true,"href":"https:\/\/elmetropolitano.com.gt\/es\/wp-json\/wp\/v2\/media\/60034"}],"wp:attachment":[{"href":"https:\/\/elmetropolitano.com.gt\/es\/wp-json\/wp\/v2\/media?parent=60033"}],"wp:term":[{"taxonomy":"category","embeddable":true,"href":"https:\/\/elmetropolitano.com.gt\/es\/wp-json\/wp\/v2\/categories?post=60033"},{"taxonomy":"post_tag","embeddable":true,"href":"https:\/\/elmetropolitano.com.gt\/es\/wp-json\/wp\/v2\/tags?post=60033"}],"curies":[{"name":"wp","href":"https:\/\/api.w.org\/{rel}","templated":true}]}}