{"id":60040,"date":"2023-01-21T10:21:26","date_gmt":"2023-01-21T16:21:26","guid":{"rendered":"https:\/\/elmetropolitano.com.gt\/es\/?p=60040"},"modified":"2023-01-21T10:21:29","modified_gmt":"2023-01-21T16:21:29","slug":"tagairlines-y-secretaria-de-turismo-de-oaxaca-estrechan-lazos-de-cooperacion","status":"publish","type":"post","link":"https:\/\/elmetropolitano.com.gt\/es\/tagairlines-y-secretaria-de-turismo-de-oaxaca-estrechan-lazos-de-cooperacion\/","title":{"rendered":"TagAirlines y Secretar\u00eda de Turismo de Oaxaca estrechan lazos de cooperaci\u00f3n"},"content":{"rendered":"\n<p>En el marco de la Feria Internacional de Turismo de Madrid (FITUR 2023), TagAirlines, aerol\u00ednea bandera de Guatemala, firm\u00f3 una carta de entendimiento con la Secretar\u00eda de Turismo de Oaxaca, con el objetivo de fortalecer las acciones conjuntas de promoci\u00f3n de los destinos tur\u00edsticos.<\/p>\n\n\n\n<p>Lo anterior permitir\u00e1 impulsar los viajes y el turismo, que son una importante palanca para el desarrollo socioecon\u00f3mico <a><\/a>y tur\u00edstico.<\/p><div class=\"elmet-contenido\" id=\"elmet-2949717652\"><div class=\"elmet-adlabel\">Anuncios<\/div><div style=\"margin-top: 20px;margin-right: 20px;margin-bottom: 20px;margin-left: 20px;\" id=\"elmet-3735671346\"><a href=\"https:\/\/www.facebook.com\/arrincuanantigua\/\" aria-label=\"cintillo-arrin-cual\"><img loading=\"lazy\" decoding=\"async\" src=\"https:\/\/elmetropolitano.com.gt\/es\/wp-content\/uploads\/2021\/11\/cintillo-arrin-cual-1.jpg\" alt=\"\"  srcset=\"https:\/\/elmetropolitano.com.gt\/es\/wp-content\/uploads\/2021\/11\/cintillo-arrin-cual-1.jpg 750w, https:\/\/elmetropolitano.com.gt\/es\/wp-content\/uploads\/2021\/11\/cintillo-arrin-cual-1-300x36.jpg 300w, https:\/\/elmetropolitano.com.gt\/es\/wp-content\/uploads\/2021\/11\/cintillo-arrin-cual-1-600x72.jpg 600w\" sizes=\"(max-width: 750px) 100vw, 750px\" width=\"750\" height=\"90\"   \/><\/a><\/div><\/div>\n\n\n\n<p>La ceremonia de firma cont\u00f3 con la participaci\u00f3n de Marcela Toriello, Presidenta de TagAirlines; Julio Gamero, CEO de TagAirlines, y Saymi Pineda Velasco, Secretaria de Turismo del Estado de Oaxaca.<\/p>\n\n\n\n<p>Julio Gamero afirm\u00f3 que TAG Airlines apuesta por fortalecer la conectividad a\u00e9rea entre los principales destinos de la regi\u00f3n, para fortalecer la actividad tur\u00edstica y el desarrollo econ\u00f3mico.<\/p>\n\n\n\n<p>Por su parte, Saymi Pineda Velasco asegur\u00f3 que TagAirlines se ha convertido en puente de uni\u00f3n para los viajeros, que ahora tienen acceso a los grandes atractivos tur\u00edsticos que ofrece el estado de Oaxaca, reconocidos internacionalmente.<\/p>\n\n\n\n<p>En el documento, los firmantes se\u00f1alan que el turismo es una actividad estrat\u00e9gica que impulsa el desarrollo econ\u00f3mico y social, la preservaci\u00f3n del medio ambiente y el fortalecimiento de la identidad cultural de los pueblos.<\/p>\n\n\n\n<p>Actualmente, TagAirlines ofrece cuatro frecuencias semanales en la ruta Guatemala-Oaxaca. Adicionalmente, tambi\u00e9n tiene cuatro frecuencias entre Guatemala con M\u00e9rida y Tuxtla Guti\u00e9rrez, una frecuencia diaria entre Canc\u00fan y Guatemala, adem\u00e1s de tres vuelos semanales entre M\u00e9rida y Flores, y cuatro entre Canc\u00fan y Flores, lo que permite una conectividad que tanto necesitaba el Mundo Maya para impulsar una opci\u00f3n multidestino en la regi\u00f3n.<\/p>\n\n\n\n<p>TagAirlines es una empresa 100 por ciento guatemalteca que desde hace 60 a\u00f1os mantiene un firme compromiso con la conectividad a\u00e9rea y el desarrollo econ\u00f3mico. La empresa vive una nueva era que incluye la modernizaci\u00f3n de su flota con modernas aeronaves ATR 72, consideradas las m\u00e1s modernas y eficientes de su tipo, que le permitir\u00e1n volar a m\u00e1s destinos.<\/p>\n\n\n\n<p><a href=\"https:\/\/www.facebook.com\/hashtag\/oaxaca?__eep__=6&amp;__cft__[0]=AZWKSSr32BH6U4Uvvi7pcclroKDsm7zqIt6jdFTS05kZLNlwUu1ZBOehJ0S3fkJtnjLw4IW1MvA_0b0ewShWUGh7dmzDWepEpSp5NwMn3wKDO8W91L5aTPs5SWsSFhtHacyf36qRZYkcZCHC6BNHIrlqygmczvd7OYfCl5wM0jXHf86-aCJp9pURG4pF6-Sq-j4&amp;__tn__=*NK-R\">#Oaxaca<\/a><a href=\"https:\/\/www.facebook.com\/hashtag\/tangairlines?__eep__=6&amp;__cft__[0]=AZWKSSr32BH6U4Uvvi7pcclroKDsm7zqIt6jdFTS05kZLNlwUu1ZBOehJ0S3fkJtnjLw4IW1MvA_0b0ewShWUGh7dmzDWepEpSp5NwMn3wKDO8W91L5aTPs5SWsSFhtHacyf36qRZYkcZCHC6BNHIrlqygmczvd7OYfCl5wM0jXHf86-aCJp9pURG4pF6-Sq-j4&amp;__tn__=*NK-R\">#tangairlines<\/a><a href=\"https:\/\/www.facebook.com\/hashtag\/metroredes?__eep__=6&amp;__cft__[0]=AZWKSSr32BH6U4Uvvi7pcclroKDsm7zqIt6jdFTS05kZLNlwUu1ZBOehJ0S3fkJtnjLw4IW1MvA_0b0ewShWUGh7dmzDWepEpSp5NwMn3wKDO8W91L5aTPs5SWsSFhtHacyf36qRZYkcZCHC6BNHIrlqygmczvd7OYfCl5wM0jXHf86-aCJp9pURG4pF6-Sq-j4&amp;__tn__=*NK-R\">#metroredes<\/a><a href=\"https:\/\/www.facebook.com\/hashtag\/fiturmadrid?__eep__=6&amp;__cft__[0]=AZWKSSr32BH6U4Uvvi7pcclroKDsm7zqIt6jdFTS05kZLNlwUu1ZBOehJ0S3fkJtnjLw4IW1MvA_0b0ewShWUGh7dmzDWepEpSp5NwMn3wKDO8W91L5aTPs5SWsSFhtHacyf36qRZYkcZCHC6BNHIrlqygmczvd7OYfCl5wM0jXHf86-aCJp9pURG4pF6-Sq-j4&amp;__tn__=*NK-R\">#fiturmadrid<\/a><\/p>\n\n\n\n<p><\/p>\n","protected":false},"excerpt":{"rendered":"<p>En el marco de la Feria Internacional de Turismo de Madrid (FITUR 2023), TagAirlines, aerol\u00ednea bandera de Guatemala, firm\u00f3 una carta de entendimiento con la Secretar\u00eda de Turismo de Oaxaca, con el objetivo de fortalecer las acciones conjuntas de promoci\u00f3n de los destinos tur\u00edsticos. Lo anterior permitir\u00e1 impulsar los viajes y el turismo, que son <a class=\"read-more\" href=\"https:\/\/elmetropolitano.com.gt\/es\/tagairlines-y-secretaria-de-turismo-de-oaxaca-estrechan-lazos-de-cooperacion\/\">Leer m\u00e1s<\/a><\/p>\n","protected":false},"author":1,"featured_media":60041,"comment_status":"open","ping_status":"closed","sticky":false,"template":"","format":"standard","meta":{"footnotes":""},"categories":[31],"tags":[32],"class_list":["post-60040","post","type-post","status-publish","format-standard","has-post-thumbnail","hentry","category-metroimpulso","tag-metroimpulso"],"_links":{"self":[{"href":"https:\/\/elmetropolitano.com.gt\/es\/wp-json\/wp\/v2\/posts\/60040","targetHints":{"allow":["GET"]}}],"collection":[{"href":"https:\/\/elmetropolitano.com.gt\/es\/wp-json\/wp\/v2\/posts"}],"about":[{"href":"https:\/\/elmetropolitano.com.gt\/es\/wp-json\/wp\/v2\/types\/post"}],"author":[{"embeddable":true,"href":"https:\/\/elmetropolitano.com.gt\/es\/wp-json\/wp\/v2\/users\/1"}],"replies":[{"embeddable":true,"href":"https:\/\/elmetropolitano.com.gt\/es\/wp-json\/wp\/v2\/comments?post=60040"}],"version-history":[{"count":1,"href":"https:\/\/elmetropolitano.com.gt\/es\/wp-json\/wp\/v2\/posts\/60040\/revisions"}],"predecessor-version":[{"id":60042,"href":"https:\/\/elmetropolitano.com.gt\/es\/wp-json\/wp\/v2\/posts\/60040\/revisions\/60042"}],"wp:featuredmedia":[{"embeddable":true,"href":"https:\/\/elmetropolitano.com.gt\/es\/wp-json\/wp\/v2\/media\/60041"}],"wp:attachment":[{"href":"https:\/\/elmetropolitano.com.gt\/es\/wp-json\/wp\/v2\/media?parent=60040"}],"wp:term":[{"taxonomy":"category","embeddable":true,"href":"https:\/\/elmetropolitano.com.gt\/es\/wp-json\/wp\/v2\/categories?post=60040"},{"taxonomy":"post_tag","embeddable":true,"href":"https:\/\/elmetropolitano.com.gt\/es\/wp-json\/wp\/v2\/tags?post=60040"}],"curies":[{"name":"wp","href":"https:\/\/api.w.org\/{rel}","templated":true}]}}