{"id":60074,"date":"2023-01-21T10:46:18","date_gmt":"2023-01-21T16:46:18","guid":{"rendered":"https:\/\/elmetropolitano.com.gt\/es\/?p=60074"},"modified":"2023-01-21T10:47:12","modified_gmt":"2023-01-21T16:47:12","slug":"los-hijos-de-la-chingada-por-que-los-guatemaltecos-somos-asi","status":"publish","type":"post","link":"https:\/\/elmetropolitano.com.gt\/es\/los-hijos-de-la-chingada-por-que-los-guatemaltecos-somos-asi\/","title":{"rendered":"Los hijos de la chingada, \u00bfpor qu\u00e9 los guatemaltecos somos as\u00ed?"},"content":{"rendered":"\n<p>Desde la \u00e9poca de la conquista hasta nuestros d\u00edas, el guatemalteco ha ido arrastrando ciertos complejos de inferioridad que han moldeado su forma de ser. El periodista y escritor guatemalteco, Gonzalo Asturias Montenegro, presenta un ensayo pol\u00e9mico que busca ahondar en el origen de estos complejos y dar una explicaci\u00f3n a la pregunta: \u00bfpor qu\u00e9 el guatemalteco es c\u00f3mo es?<\/p>\n\n\n\n<p>El <a><\/a>libro Los hijos de la chingada, \u00bfpor qu\u00e9 los guatemaltecos somos as\u00ed? Se public\u00f3 en el mes de noviembre del a\u00f1o pasado. Desde entonces, el t\u00edtulo ha tenido muy buena aceptaci\u00f3n dados los temas que propone. Editorial Piedrasanta en conjunto con el autor, presentar\u00e1n la obra el d\u00eda martes 24 de enero en el restaurante La muy noble (4ta. calle oriente, 3a. avenida no. 10, interior del Jaul\u00f3n, 2do. Nivel), de 19:00 a 21:00 hrs., en la franja \u00abmartes de letras\u00bb. Durante el evento, el autor hablar\u00e1 sobre la obra y dar\u00e1 respuesta a las preguntas que puedan surgir.<\/p><div class=\"elmet-contenido\" id=\"elmet-696183607\"><div class=\"elmet-adlabel\">Anuncios<\/div><div style=\"margin-top: 20px;margin-right: 20px;margin-bottom: 20px;margin-left: 20px;\" id=\"elmet-368308968\"><a href=\"https:\/\/www.facebook.com\/arrincuanantigua\/\" aria-label=\"cintillo-arrin-cual\"><img loading=\"lazy\" decoding=\"async\" src=\"https:\/\/elmetropolitano.com.gt\/es\/wp-content\/uploads\/2021\/11\/cintillo-arrin-cual-1.jpg\" alt=\"\"  srcset=\"https:\/\/elmetropolitano.com.gt\/es\/wp-content\/uploads\/2021\/11\/cintillo-arrin-cual-1.jpg 750w, https:\/\/elmetropolitano.com.gt\/es\/wp-content\/uploads\/2021\/11\/cintillo-arrin-cual-1-300x36.jpg 300w, https:\/\/elmetropolitano.com.gt\/es\/wp-content\/uploads\/2021\/11\/cintillo-arrin-cual-1-600x72.jpg 600w\" sizes=\"(max-width: 750px) 100vw, 750px\" width=\"750\" height=\"90\"   \/><\/a><\/div><\/div>\n\n\n\n<p>Gonzalo Asturias Montenegro, autor del libro, menciona: \u201cen forma amena, con un lenguaje amigable al lector, explico y desarrollo los complejos de inferioridad del guatemalteco. Complejos nacidos durante la conquista, que nos alcanzan hasta el d\u00eda de hoy. El libro que presentar\u00e9 pretende que el guatemalteco se entienda a s\u00ed mismo, que acepte su pasado y que encare el presente y el futuro\u201d.<\/p>\n\n\n\n<p>El libro, publicado por Editorial Piedrasanta, se encuentra a la venta en distintas librer\u00edas. Cuenta con 412 p\u00e1ginas de contenido. En la car\u00e1tula, un dibujo a tinta del maestro Fernando Valdiviezo, se muestra a un guatemalteco al que le faltan manos para cubrirse el rostro. Con una de las manos agarra una botella de licor \u201cporque solo borrachos, los guatemaltecos nos quitamos la m\u00e1scara\u2026\u201d menciona el autor.<\/p>\n\n\n\n<p>Irene Piedrasanta, directora de Editorial Piedrasanta, menciona que Los hijos de la chingada, \u00bfpor qu\u00e9 los guatemaltecos somos as\u00ed?, es \u201cun libro que vale la pena leer por sus matices y sus propuestas. Se trata de una obra que no est\u00e1 dirigida a especialistas; sino al gran p\u00fablico interesado en entender mejor al guatemalteco\u201d.<\/p>\n\n\n\n<p>Para m\u00e1s informaci\u00f3n, consulte:<\/p>\n\n\n\n<p><a href=\"https:\/\/l.facebook.com\/l.php?u=http%3A%2F%2Fwww.piedrasanta.com%2F%3Ffbclid%3DIwAR3DVGul2CslKj5reHf0Lkzxafh0eG3l91xaYzLEo5BH5jBOmCwgCaHYmZM&amp;h=AT1faps3fAwfy5wJWjFxVRNQyk_-BiSzbOumtlUZwhkkOk8h_hpoStN95GwuEJvY7pOSKc8dksjLaRSd7aZ0QlGW6MdElrKdM34bHo0TwnkKQJzmBITnYIQm2Bxb8dEld_bE&amp;__tn__=-UK-R&amp;c[0]=AT2sTnI7UEMZxHRqiiokNk1gQ2X7n6W6HT8IDzEEiS5K7BcNrNwo2o_ujcL-D-QsKTsgnoNqsvPNNKXhyHRZsObCYq4vvGVo9uOoQ9TKQf2TEJHVvmKdrsTDOqUYTQu12ZTrC_EuAGs4RXWir-phoKndLmDcoXU2NU6AiNm_67sfzldEoHxR6IT9G37tpN1GOSxgnWAxWS6Q\" rel=\"noreferrer noopener\" target=\"_blank\">www.piedrasanta.com<\/a> \/ PBX: (502) 2422-7676 \/ Ventas: (502) 2422-7699<\/p>\n\n\n\n<p>5.a calle 7-55 zona 1, Guatemala<\/p>\n\n\n\n<p><a href=\"https:\/\/www.facebook.com\/hashtag\/editorialpiedrasanta?__eep__=6&amp;__cft__[0]=AZXSgy3ihx9cQHCoNHfXSZJARGhnbgs1QqHVORg39Wop5Vu6eHi807lUs9V7c_ldXtMOhC6kYWUhbrO02qfYYnA_RVHttubzEZzud8Tvo6_V6TT9BHOp_zsYSqpGyIGSKIiQx_3iT_45tQi-syt-HfbEHMpe2qnhL31W8__VExTp5Ieujywin9YVOcFdI-zY1WQ&amp;__tn__=*NK-R\">#EditorialPiedraSanta<\/a><a href=\"https:\/\/www.facebook.com\/hashtag\/metroredes?__eep__=6&amp;__cft__[0]=AZXSgy3ihx9cQHCoNHfXSZJARGhnbgs1QqHVORg39Wop5Vu6eHi807lUs9V7c_ldXtMOhC6kYWUhbrO02qfYYnA_RVHttubzEZzud8Tvo6_V6TT9BHOp_zsYSqpGyIGSKIiQx_3iT_45tQi-syt-HfbEHMpe2qnhL31W8__VExTp5Ieujywin9YVOcFdI-zY1WQ&amp;__tn__=*NK-R\">#metroredes<\/a><\/p>\n\n\n\n<figure class=\"wp-block-gallery has-nested-images columns-default is-cropped wp-block-gallery-1 is-layout-flex wp-block-gallery-is-layout-flex\">\n<figure class=\"wp-block-image size-large\"><img loading=\"lazy\" decoding=\"async\" width=\"270\" height=\"372\" data-id=\"60076\" src=\"https:\/\/elmetropolitano.com.gt\/es\/wp-content\/uploads\/2023\/01\/326103673_5770704279706897_3506685840061436672_n-1.jpg\" alt=\"\" class=\"wp-image-60076\" srcset=\"https:\/\/elmetropolitano.com.gt\/es\/wp-content\/uploads\/2023\/01\/326103673_5770704279706897_3506685840061436672_n-1.jpg 270w, https:\/\/elmetropolitano.com.gt\/es\/wp-content\/uploads\/2023\/01\/326103673_5770704279706897_3506685840061436672_n-1-218x300.jpg 218w\" sizes=\"auto, (max-width: 270px) 100vw, 270px\" \/><\/figure>\n<\/figure>\n","protected":false},"excerpt":{"rendered":"<p>Desde la \u00e9poca de la conquista hasta nuestros d\u00edas, el guatemalteco ha ido arrastrando ciertos complejos de inferioridad que han moldeado su forma de ser. El periodista y escritor guatemalteco, Gonzalo Asturias Montenegro, presenta un ensayo pol\u00e9mico que busca ahondar en el origen de estos complejos y dar una explicaci\u00f3n a la pregunta: \u00bfpor qu\u00e9 <a class=\"read-more\" href=\"https:\/\/elmetropolitano.com.gt\/es\/los-hijos-de-la-chingada-por-que-los-guatemaltecos-somos-asi\/\">Leer m\u00e1s<\/a><\/p>\n","protected":false},"author":1,"featured_media":60075,"comment_status":"open","ping_status":"closed","sticky":false,"template":"","format":"standard","meta":{"footnotes":""},"categories":[29],"tags":[30],"class_list":["post-60074","post","type-post","status-publish","format-standard","has-post-thumbnail","hentry","category-culturales","tag-culturales"],"_links":{"self":[{"href":"https:\/\/elmetropolitano.com.gt\/es\/wp-json\/wp\/v2\/posts\/60074","targetHints":{"allow":["GET"]}}],"collection":[{"href":"https:\/\/elmetropolitano.com.gt\/es\/wp-json\/wp\/v2\/posts"}],"about":[{"href":"https:\/\/elmetropolitano.com.gt\/es\/wp-json\/wp\/v2\/types\/post"}],"author":[{"embeddable":true,"href":"https:\/\/elmetropolitano.com.gt\/es\/wp-json\/wp\/v2\/users\/1"}],"replies":[{"embeddable":true,"href":"https:\/\/elmetropolitano.com.gt\/es\/wp-json\/wp\/v2\/comments?post=60074"}],"version-history":[{"count":1,"href":"https:\/\/elmetropolitano.com.gt\/es\/wp-json\/wp\/v2\/posts\/60074\/revisions"}],"predecessor-version":[{"id":60077,"href":"https:\/\/elmetropolitano.com.gt\/es\/wp-json\/wp\/v2\/posts\/60074\/revisions\/60077"}],"wp:featuredmedia":[{"embeddable":true,"href":"https:\/\/elmetropolitano.com.gt\/es\/wp-json\/wp\/v2\/media\/60075"}],"wp:attachment":[{"href":"https:\/\/elmetropolitano.com.gt\/es\/wp-json\/wp\/v2\/media?parent=60074"}],"wp:term":[{"taxonomy":"category","embeddable":true,"href":"https:\/\/elmetropolitano.com.gt\/es\/wp-json\/wp\/v2\/categories?post=60074"},{"taxonomy":"post_tag","embeddable":true,"href":"https:\/\/elmetropolitano.com.gt\/es\/wp-json\/wp\/v2\/tags?post=60074"}],"curies":[{"name":"wp","href":"https:\/\/api.w.org\/{rel}","templated":true}]}}