{"id":60113,"date":"2023-01-22T20:37:19","date_gmt":"2023-01-23T02:37:19","guid":{"rendered":"https:\/\/elmetropolitano.com.gt\/es\/?p=60113"},"modified":"2023-01-22T20:37:21","modified_gmt":"2023-01-23T02:37:21","slug":"escuela-bicentenario-fortalecera-educacion-preprimaria-y-primaria-en-morales","status":"publish","type":"post","link":"https:\/\/elmetropolitano.com.gt\/es\/escuela-bicentenario-fortalecera-educacion-preprimaria-y-primaria-en-morales\/","title":{"rendered":"Escuela Bicentenario fortalecer\u00e1 educaci\u00f3n preprimaria y primaria en Morales"},"content":{"rendered":"\n<p>Un total de 32 aulas para la instrucci\u00f3n de estudiantes de preprimaria y primaria tendr\u00e1 la escuela Bicentenario que se construye en Morales, Izabal.<\/p>\n\n\n\n<p>Las instalaciones tendr\u00e1n una estructura antis\u00edsmica, antibacterial y termoac\u00fastica, con el objetivo de garantizar la seguridad de la comunidad educativa y el adecuado desarrollo del proceso ense\u00f1anza-aprendizaje.<\/p><div class=\"elmet-contenido\" id=\"elmet-2836466434\"><div class=\"elmet-adlabel\">Anuncios<\/div><div style=\"margin-top: 20px;margin-right: 20px;margin-bottom: 20px;margin-left: 20px;\" id=\"elmet-989085291\"><a href=\"https:\/\/www.facebook.com\/arrincuanantigua\/\" aria-label=\"cintillo-arrin-cual\"><img loading=\"lazy\" decoding=\"async\" src=\"https:\/\/elmetropolitano.com.gt\/es\/wp-content\/uploads\/2021\/11\/cintillo-arrin-cual-1.jpg\" alt=\"\"  srcset=\"https:\/\/elmetropolitano.com.gt\/es\/wp-content\/uploads\/2021\/11\/cintillo-arrin-cual-1.jpg 750w, https:\/\/elmetropolitano.com.gt\/es\/wp-content\/uploads\/2021\/11\/cintillo-arrin-cual-1-300x36.jpg 300w, https:\/\/elmetropolitano.com.gt\/es\/wp-content\/uploads\/2021\/11\/cintillo-arrin-cual-1-600x72.jpg 600w\" sizes=\"(max-width: 750px) 100vw, 750px\" width=\"750\" height=\"90\"   \/><\/a><\/div><\/div>\n\n\n\n<p>De <a><\/a>acuerdo con el Ministerio de Comunicaciones, Infraestructura y Vivienda (CIV), el beneficio ser\u00e1 para unos 2 mil 150 ni\u00f1os, a quienes se les dotar\u00e1 de un ambiente digno para efectuar sus actividades.<\/p>\n\n\n\n<p>La dependencia a cargo del proyecto es la Unidad de Construcci\u00f3n de Edificios del Estado (UCEE), la cual edifica otras escuelas Bicentenario en diferentes puntos del pa\u00eds.<\/p>\n\n\n\n<p>En la ficha t\u00e9cnica se detalla que el plantel contar\u00e1 con dos niveles. En el primero habr\u00e1 9 aulas para preprimaria y 11 para primaria, as\u00ed como oficinas para las direcciones y servicios sanitarios.<\/p>\n\n\n\n<p>Entretanto, en el segundo piso se establecer\u00e1n 12 salones de clase para primaria, laboratorio de computaci\u00f3n, taller y ba\u00f1os. Adem\u00e1s de gradas, se construir\u00e1n rampas para facilitar el acceso a personas con discapacidad.<\/p>\n\n\n\n<p>Asimismo, se contemplan comedores y despensas para dar cumplimiento a la Ley de Alimentaci\u00f3n Escolar.<\/p>\n\n\n\n<p>En cuanto a los ambientes exteriores, se prev\u00e9n juegos infantiles, arenero y cancha deportiva techados, escenario para actividades culturales y \u00e1rea de astas. Otros espacios que se habilitar\u00e1n son los siguientes:<\/p>\n\n\n\n<p>\u00e1rea verde<\/p>\n\n\n\n<p>plaza<\/p>\n\n\n\n<p>parqueo para veh\u00edculos y motos<\/p>\n\n\n\n<p>bah\u00eda de buses en el ingreso principal<\/p>\n\n\n\n<p>muro perimetral<\/p>\n\n\n\n<p>salidas de emergencia<\/p>\n\n\n\n<p>Trascendencia<\/p>\n\n\n\n<p>Con la construcci\u00f3n de la escuela Bicentenario en Morales se busca incentivar la permanencia en las aulas y reducir los \u00edndices de deserci\u00f3n, as\u00ed como ampliar la cobertura de la educaci\u00f3n preprimaria y primaria.<\/p>\n\n\n\n<p>Seg\u00fan las autoridades, el edificio brindar\u00e1 la oportunidad de abrir jornadas vespertinas, lo cual permitir\u00eda atender a mayor cantidad de ni\u00f1os, quienes tambi\u00e9n se beneficiar\u00edan con los programas de apoyo del Ministerio de Educaci\u00f3n (Mineduc).<\/p>\n\n\n\n<p>Se prev\u00e9 que el proyecto est\u00e9 concluido en ocho meses, por lo que el establecimiento recibir\u00eda a los estudiantes en el siguiente ciclo escolar<\/p>\n\n\n\n<p><a href=\"https:\/\/www.facebook.com\/hashtag\/izabal?__eep__=6&amp;__cft__[0]=AZUfNveKDmOr2vg57tBpw0s_ZVJ4GPHY_XC0TZz4lByPydTjUZTLqQiRJvmjD9NoL8v-36TfoE5ymBXlsboj3ywbfr6GmoUgnYxXFRFzvIo8pMsKT6sYgrLQ1o6nB0kVcGEVoRzgt-hGKIlUfN5j7YT5Xn1BOODXdQOPff4uK0BqLvFR7HfUEmryiL9RWf3XUCs&amp;__tn__=*NK-R\">#Izabal<\/a><a href=\"https:\/\/www.facebook.com\/hashtag\/metroredes?__eep__=6&amp;__cft__[0]=AZUfNveKDmOr2vg57tBpw0s_ZVJ4GPHY_XC0TZz4lByPydTjUZTLqQiRJvmjD9NoL8v-36TfoE5ymBXlsboj3ywbfr6GmoUgnYxXFRFzvIo8pMsKT6sYgrLQ1o6nB0kVcGEVoRzgt-hGKIlUfN5j7YT5Xn1BOODXdQOPff4uK0BqLvFR7HfUEmryiL9RWf3XUCs&amp;__tn__=*NK-R\">#metroredes<\/a><\/p>\n\n\n\n<figure class=\"wp-block-gallery has-nested-images columns-default is-cropped wp-block-gallery-1 is-layout-flex wp-block-gallery-is-layout-flex\">\n<figure class=\"wp-block-image size-large\"><img loading=\"lazy\" decoding=\"async\" width=\"1024\" height=\"532\" data-id=\"60115\" src=\"https:\/\/elmetropolitano.com.gt\/es\/wp-content\/uploads\/2023\/01\/326921844_901642254364614_1315060159984672090_n-1024x532.jpg\" alt=\"\" class=\"wp-image-60115\" srcset=\"https:\/\/elmetropolitano.com.gt\/es\/wp-content\/uploads\/2023\/01\/326921844_901642254364614_1315060159984672090_n-1024x532.jpg 1024w, https:\/\/elmetropolitano.com.gt\/es\/wp-content\/uploads\/2023\/01\/326921844_901642254364614_1315060159984672090_n-300x156.jpg 300w, https:\/\/elmetropolitano.com.gt\/es\/wp-content\/uploads\/2023\/01\/326921844_901642254364614_1315060159984672090_n-768x399.jpg 768w, https:\/\/elmetropolitano.com.gt\/es\/wp-content\/uploads\/2023\/01\/326921844_901642254364614_1315060159984672090_n-600x312.jpg 600w, https:\/\/elmetropolitano.com.gt\/es\/wp-content\/uploads\/2023\/01\/326921844_901642254364614_1315060159984672090_n.jpg 1536w\" sizes=\"auto, (max-width: 1024px) 100vw, 1024px\" \/><\/figure>\n<\/figure>\n","protected":false},"excerpt":{"rendered":"<p>Un total de 32 aulas para la instrucci\u00f3n de estudiantes de preprimaria y primaria tendr\u00e1 la escuela Bicentenario que se construye en Morales, Izabal. Las instalaciones tendr\u00e1n una estructura antis\u00edsmica, antibacterial y termoac\u00fastica, con el objetivo de garantizar la seguridad de la comunidad educativa y el adecuado desarrollo del proceso ense\u00f1anza-aprendizaje. De acuerdo con el <a class=\"read-more\" href=\"https:\/\/elmetropolitano.com.gt\/es\/escuela-bicentenario-fortalecera-educacion-preprimaria-y-primaria-en-morales\/\">Leer m\u00e1s<\/a><\/p>\n","protected":false},"author":1,"featured_media":60114,"comment_status":"open","ping_status":"closed","sticky":false,"template":"","format":"standard","meta":{"footnotes":""},"categories":[4],"tags":[13],"class_list":["post-60113","post","type-post","status-publish","format-standard","has-post-thumbnail","hentry","category-departamentales","tag-departamentales"],"_links":{"self":[{"href":"https:\/\/elmetropolitano.com.gt\/es\/wp-json\/wp\/v2\/posts\/60113","targetHints":{"allow":["GET"]}}],"collection":[{"href":"https:\/\/elmetropolitano.com.gt\/es\/wp-json\/wp\/v2\/posts"}],"about":[{"href":"https:\/\/elmetropolitano.com.gt\/es\/wp-json\/wp\/v2\/types\/post"}],"author":[{"embeddable":true,"href":"https:\/\/elmetropolitano.com.gt\/es\/wp-json\/wp\/v2\/users\/1"}],"replies":[{"embeddable":true,"href":"https:\/\/elmetropolitano.com.gt\/es\/wp-json\/wp\/v2\/comments?post=60113"}],"version-history":[{"count":1,"href":"https:\/\/elmetropolitano.com.gt\/es\/wp-json\/wp\/v2\/posts\/60113\/revisions"}],"predecessor-version":[{"id":60116,"href":"https:\/\/elmetropolitano.com.gt\/es\/wp-json\/wp\/v2\/posts\/60113\/revisions\/60116"}],"wp:featuredmedia":[{"embeddable":true,"href":"https:\/\/elmetropolitano.com.gt\/es\/wp-json\/wp\/v2\/media\/60114"}],"wp:attachment":[{"href":"https:\/\/elmetropolitano.com.gt\/es\/wp-json\/wp\/v2\/media?parent=60113"}],"wp:term":[{"taxonomy":"category","embeddable":true,"href":"https:\/\/elmetropolitano.com.gt\/es\/wp-json\/wp\/v2\/categories?post=60113"},{"taxonomy":"post_tag","embeddable":true,"href":"https:\/\/elmetropolitano.com.gt\/es\/wp-json\/wp\/v2\/tags?post=60113"}],"curies":[{"name":"wp","href":"https:\/\/api.w.org\/{rel}","templated":true}]}}