{"id":60171,"date":"2023-01-23T14:29:12","date_gmt":"2023-01-23T20:29:12","guid":{"rendered":"https:\/\/elmetropolitano.com.gt\/es\/?p=60171"},"modified":"2023-01-23T14:29:13","modified_gmt":"2023-01-23T20:29:13","slug":"reportan-mas-de-550-sismos-en-jutiapa","status":"publish","type":"post","link":"https:\/\/elmetropolitano.com.gt\/es\/reportan-mas-de-550-sismos-en-jutiapa\/","title":{"rendered":"Reportan m\u00e1s de 550 sismos en Jutiapa"},"content":{"rendered":"\n<p>Al d\u00eda de hoy, en el departamento de Jutiapa se han localizado 551 sismos, luego de ocurrido el evento principal registrado el 15 de enero, el cual fue reportado como sensible por la poblaci\u00f3n.<\/p>\n\n\n\n<p>En <a><\/a>tal sentido, el Instituto Nacional de Sismolog\u00eda, Vulcanolog\u00eda, Meteorolog\u00eda e Hidrolog\u00eda (Insivumeh) en su bolet\u00edn sismol\u00f3gico detalla que debido a que la actividad s\u00edsmica contin\u00faa, se instalaron dos sensores temporales.<\/p><div class=\"elmet-contenido\" id=\"elmet-1796099494\"><div class=\"elmet-adlabel\">Anuncios<\/div><div style=\"margin-top: 20px;margin-right: 20px;margin-bottom: 20px;margin-left: 20px;\" id=\"elmet-2131181937\"><a href=\"https:\/\/www.facebook.com\/arrincuanantigua\/\" aria-label=\"cintillo-arrin-cual\"><img loading=\"lazy\" decoding=\"async\" src=\"https:\/\/elmetropolitano.com.gt\/es\/wp-content\/uploads\/2021\/11\/cintillo-arrin-cual-1.jpg\" alt=\"\"  srcset=\"https:\/\/elmetropolitano.com.gt\/es\/wp-content\/uploads\/2021\/11\/cintillo-arrin-cual-1.jpg 750w, https:\/\/elmetropolitano.com.gt\/es\/wp-content\/uploads\/2021\/11\/cintillo-arrin-cual-1-300x36.jpg 300w, https:\/\/elmetropolitano.com.gt\/es\/wp-content\/uploads\/2021\/11\/cintillo-arrin-cual-1-600x72.jpg 600w\" sizes=\"(max-width: 750px) 100vw, 750px\" width=\"750\" height=\"90\"   \/><\/a><\/div><\/div>\n\n\n\n<p>Estos fueron instalados en el municipio de Comapa y Yupiltepeque, y transmiten registros s\u00edsmicos en tiempo real.<\/p>\n\n\n\n<p>Al respecto, los expertos detallan que el objetivo es mantener un monitoreo continuo de la actividad s\u00edsmica relevante para Guatemala.<\/p>\n\n\n\n<p>Seguir recomendaciones<\/p>\n\n\n\n<p>Adem\u00e1s, el instituto inform\u00f3 que durante 2023 se han registrado 766 sismos, de los cuales 15 han sido reportados como sensibles.<\/p>\n\n\n\n<p>En Guatemala, la Coordinadora Nacional para la Reducci\u00f3n de Desastres (Conred) es la entidad responsable de la gesti\u00f3n integral del riesgo de desastres.<\/p>\n\n\n\n<p>De esa cuenta, se mantiene coordinaci\u00f3n con instituciones que integran el sistema, con el objeto de responder a eventos que puedan afectar a la poblaci\u00f3n en general.<\/p>\n\n\n\n<p>La entidad pide a la poblaci\u00f3n guardar la calma en caso de sismos, evitar propagar rumores y verificar la fuente de la informaci\u00f3n que comparte. Asimismo, seguir las siguientes recomendaciones:<\/p>\n\n\n\n<p>plan familiar de respuesta<\/p>\n\n\n\n<p>mochila de las 72 Horas por cada integrante de la familia<\/p>\n\n\n\n<p>kit de emergencia para animales<\/p>\n\n\n\n<p>plan empresarial de respuesta<\/p>\n\n\n\n<p>informarse de reportes de situaci\u00f3n, as\u00ed como de las indicaciones de las autoridades<\/p>\n\n\n\n<p>Texto Julio Morales<\/p>\n\n\n\n<p>#metroredes<\/p>\n\n\n\n<figure class=\"wp-block-gallery has-nested-images columns-default is-cropped wp-block-gallery-1 is-layout-flex wp-block-gallery-is-layout-flex\">\n<figure class=\"wp-block-image size-large\"><img loading=\"lazy\" decoding=\"async\" width=\"372\" height=\"352\" data-id=\"60173\" src=\"https:\/\/elmetropolitano.com.gt\/es\/wp-content\/uploads\/2023\/01\/326500958_908557853832248_7406583774901330690_n-1.jpg\" alt=\"\" class=\"wp-image-60173\" srcset=\"https:\/\/elmetropolitano.com.gt\/es\/wp-content\/uploads\/2023\/01\/326500958_908557853832248_7406583774901330690_n-1.jpg 372w, https:\/\/elmetropolitano.com.gt\/es\/wp-content\/uploads\/2023\/01\/326500958_908557853832248_7406583774901330690_n-1-300x284.jpg 300w\" sizes=\"auto, (max-width: 372px) 100vw, 372px\" \/><\/figure>\n<\/figure>\n","protected":false},"excerpt":{"rendered":"<p>Al d\u00eda de hoy, en el departamento de Jutiapa se han localizado 551 sismos, luego de ocurrido el evento principal registrado el 15 de enero, el cual fue reportado como sensible por la poblaci\u00f3n. En tal sentido, el Instituto Nacional de Sismolog\u00eda, Vulcanolog\u00eda, Meteorolog\u00eda e Hidrolog\u00eda (Insivumeh) en su bolet\u00edn sismol\u00f3gico detalla que debido a <a class=\"read-more\" href=\"https:\/\/elmetropolitano.com.gt\/es\/reportan-mas-de-550-sismos-en-jutiapa\/\">Leer m\u00e1s<\/a><\/p>\n","protected":false},"author":1,"featured_media":60172,"comment_status":"open","ping_status":"closed","sticky":false,"template":"","format":"standard","meta":{"footnotes":""},"categories":[4],"tags":[13],"class_list":["post-60171","post","type-post","status-publish","format-standard","has-post-thumbnail","hentry","category-departamentales","tag-departamentales"],"_links":{"self":[{"href":"https:\/\/elmetropolitano.com.gt\/es\/wp-json\/wp\/v2\/posts\/60171","targetHints":{"allow":["GET"]}}],"collection":[{"href":"https:\/\/elmetropolitano.com.gt\/es\/wp-json\/wp\/v2\/posts"}],"about":[{"href":"https:\/\/elmetropolitano.com.gt\/es\/wp-json\/wp\/v2\/types\/post"}],"author":[{"embeddable":true,"href":"https:\/\/elmetropolitano.com.gt\/es\/wp-json\/wp\/v2\/users\/1"}],"replies":[{"embeddable":true,"href":"https:\/\/elmetropolitano.com.gt\/es\/wp-json\/wp\/v2\/comments?post=60171"}],"version-history":[{"count":1,"href":"https:\/\/elmetropolitano.com.gt\/es\/wp-json\/wp\/v2\/posts\/60171\/revisions"}],"predecessor-version":[{"id":60174,"href":"https:\/\/elmetropolitano.com.gt\/es\/wp-json\/wp\/v2\/posts\/60171\/revisions\/60174"}],"wp:featuredmedia":[{"embeddable":true,"href":"https:\/\/elmetropolitano.com.gt\/es\/wp-json\/wp\/v2\/media\/60172"}],"wp:attachment":[{"href":"https:\/\/elmetropolitano.com.gt\/es\/wp-json\/wp\/v2\/media?parent=60171"}],"wp:term":[{"taxonomy":"category","embeddable":true,"href":"https:\/\/elmetropolitano.com.gt\/es\/wp-json\/wp\/v2\/categories?post=60171"},{"taxonomy":"post_tag","embeddable":true,"href":"https:\/\/elmetropolitano.com.gt\/es\/wp-json\/wp\/v2\/tags?post=60171"}],"curies":[{"name":"wp","href":"https:\/\/api.w.org\/{rel}","templated":true}]}}