{"id":60187,"date":"2023-01-23T22:00:29","date_gmt":"2023-01-24T04:00:29","guid":{"rendered":"https:\/\/elmetropolitano.com.gt\/es\/?p=60187"},"modified":"2023-01-23T22:00:31","modified_gmt":"2023-01-24T04:00:31","slug":"tagairlines-firma-acuerdo-interlineal-con-iberia","status":"publish","type":"post","link":"https:\/\/elmetropolitano.com.gt\/es\/tagairlines-firma-acuerdo-interlineal-con-iberia\/","title":{"rendered":"TagAirlines firma acuerdo interlineal con IBERIA"},"content":{"rendered":"\n<p>En el marco de la Feria Internacional de Turismo de Madrid (FITUR 2023) TagAirlines, la aerol\u00edna bandera de Guatemala y del Mundo Maya, firm\u00f3 un acuerdo interlineal con su socio Iberia, que permitir\u00e1 fortalecer la alianza en favor de la conectividad a\u00e9rea.<\/p>\n\n\n\n<p><a><\/a>Ambas empresas lideran un esfuerzo conjunto de cooperaci\u00f3n, con el objetivo de fortalecer la conectividad a\u00e9rea. El acuerdo interl\u00edneal es un convenio comercial entre las aerol\u00edneas, con el cual upueden vender segmentos manteniendo su propio c\u00f3digo y permitiendo identificar f\u00e1cilmente a la compa\u00f1\u00eda operadora.<\/p><div class=\"elmet-contenido\" id=\"elmet-2755713986\"><div class=\"elmet-adlabel\">Anuncios<\/div><div style=\"margin-top: 20px;margin-right: 20px;margin-bottom: 20px;margin-left: 20px;\" id=\"elmet-276839009\"><a href=\"https:\/\/www.facebook.com\/arrincuanantigua\/\" aria-label=\"cintillo-arrin-cual\"><img loading=\"lazy\" decoding=\"async\" src=\"https:\/\/elmetropolitano.com.gt\/es\/wp-content\/uploads\/2021\/11\/cintillo-arrin-cual-1.jpg\" alt=\"\"  srcset=\"https:\/\/elmetropolitano.com.gt\/es\/wp-content\/uploads\/2021\/11\/cintillo-arrin-cual-1.jpg 750w, https:\/\/elmetropolitano.com.gt\/es\/wp-content\/uploads\/2021\/11\/cintillo-arrin-cual-1-300x36.jpg 300w, https:\/\/elmetropolitano.com.gt\/es\/wp-content\/uploads\/2021\/11\/cintillo-arrin-cual-1-600x72.jpg 600w\" sizes=\"(max-width: 750px) 100vw, 750px\" width=\"750\" height=\"90\"   \/><\/a><\/div><\/div>\n\n\n\n<p>Con este acuerdo se expande la red de rutas, para ofrecer a los pasajeros una mayor opci\u00f3n de destinos en conexi\u00f3n con otras aerol\u00edneas. El acuerdo est\u00e1 enfocado en promover la interconectividad de tr\u00e1fico de Europa y las rutas dom\u00e9sticas e internacionales de TagAirlines.<\/p>\n\n\n\n<p>Para la firma del convenio, Marcela Toriello, Presidenta de TagAirlines, y Julio Gamero, CEO de TagAirlines, se reunieron con Mar\u00eda Jes\u00fas L\u00f3pez Sol\u00e1s, Directora Comercial y de Desarrollo de Alianzas de Iberia, y V\u00edctor Moneo Oca\u00f1a, Director de Alianzas y Acuerdos Estret\u00e9gicos de Iberia.<\/p>\n\n\n\n<p>Julio Gamero destac\u00f3 que la alianza con Iberia beneficiar\u00e1 directamente a los pasajeros internacionales, que tendr\u00e1n a su dispocici\u00f3n un mayor abanico de destinos de viaje.<\/p>\n\n\n\n<p>Iberia es considerada la principal l\u00edna a\u00e9rea de Espa\u00f1a, con operaciones desde 1927. La empresa ha experimentado en a\u00f1os recientes una de las mayores transformaciones de su historia, hasta convertirse en una aerol\u00ednea moderna, digital, din\u00e1mica y eficiente.<\/p>\n\n\n\n<p>TagAirlines es una empresa 100 por ciento guatemalteca que desde hace 60 a\u00f1os mantiene un firme compromiso con la conectividad a\u00e9rea y el desarrollo econ\u00f3mico. La empresa vive una nueva era que incluye la modernizaci\u00f3n de su flota con aeronaves ATR 72, consideradas las m\u00e1s modernas y eficientes de su tipo, que le permitir\u00e1n volar a m\u00e1s destinos en la regi\u00f3n.<\/p>\n\n\n\n<p>TagAirlines ofrece 47 vuelos diarios en cinco pa\u00edses: Guatemala, El Salvador, Honduras, Belice y M\u00e9xico, con una moderna flota comercial de 12 aeronaves, que permite una conectividad que tanto necesitaba el Mundo Maya para impulsar una opci\u00f3n multidestino en la regi\u00f3n.<\/p>\n\n\n\n<p><a href=\"https:\/\/www.facebook.com\/hashtag\/metroimpulso?__eep__=6&amp;__cft__[0]=AZXDKzWOlI9Ue7aq95-B7-6W1QgecXHVVawFJIhCDT0AFtEg7NSt4u2o9Qfys0xp-hqaVSWiNTVfi3OItpzUx6pI30ZHSiSivXHsAAm7QguEyZB_M-okY84RBS1p8HRF9pE9Sqs0Fr0FQA2YIQTL6crI2YVt5Ct-1uwmiJ2Q4epDlvBBo1ibdq0sAYFlWyfy-5M&amp;__tn__=*NK-R\">#metroimpulso<\/a><a href=\"https:\/\/www.facebook.com\/hashtag\/tagairlines?__eep__=6&amp;__cft__[0]=AZXDKzWOlI9Ue7aq95-B7-6W1QgecXHVVawFJIhCDT0AFtEg7NSt4u2o9Qfys0xp-hqaVSWiNTVfi3OItpzUx6pI30ZHSiSivXHsAAm7QguEyZB_M-okY84RBS1p8HRF9pE9Sqs0Fr0FQA2YIQTL6crI2YVt5Ct-1uwmiJ2Q4epDlvBBo1ibdq0sAYFlWyfy-5M&amp;__tn__=*NK-R\">#TagAirlines<\/a><a href=\"https:\/\/www.facebook.com\/hashtag\/iberia?__eep__=6&amp;__cft__[0]=AZXDKzWOlI9Ue7aq95-B7-6W1QgecXHVVawFJIhCDT0AFtEg7NSt4u2o9Qfys0xp-hqaVSWiNTVfi3OItpzUx6pI30ZHSiSivXHsAAm7QguEyZB_M-okY84RBS1p8HRF9pE9Sqs0Fr0FQA2YIQTL6crI2YVt5Ct-1uwmiJ2Q4epDlvBBo1ibdq0sAYFlWyfy-5M&amp;__tn__=*NK-R\">#iberia<\/a><a href=\"https:\/\/www.facebook.com\/hashtag\/metroredes?__eep__=6&amp;__cft__[0]=AZXDKzWOlI9Ue7aq95-B7-6W1QgecXHVVawFJIhCDT0AFtEg7NSt4u2o9Qfys0xp-hqaVSWiNTVfi3OItpzUx6pI30ZHSiSivXHsAAm7QguEyZB_M-okY84RBS1p8HRF9pE9Sqs0Fr0FQA2YIQTL6crI2YVt5Ct-1uwmiJ2Q4epDlvBBo1ibdq0sAYFlWyfy-5M&amp;__tn__=*NK-R\">#metroredes<\/a><\/p>\n\n\n\n<p><\/p>\n","protected":false},"excerpt":{"rendered":"<p>En el marco de la Feria Internacional de Turismo de Madrid (FITUR 2023) TagAirlines, la aerol\u00edna bandera de Guatemala y del Mundo Maya, firm\u00f3 un acuerdo interlineal con su socio Iberia, que permitir\u00e1 fortalecer la alianza en favor de la conectividad a\u00e9rea. Ambas empresas lideran un esfuerzo conjunto de cooperaci\u00f3n, con el objetivo de fortalecer <a class=\"read-more\" href=\"https:\/\/elmetropolitano.com.gt\/es\/tagairlines-firma-acuerdo-interlineal-con-iberia\/\">Leer m\u00e1s<\/a><\/p>\n","protected":false},"author":1,"featured_media":60188,"comment_status":"open","ping_status":"closed","sticky":false,"template":"","format":"standard","meta":{"footnotes":""},"categories":[31],"tags":[32],"class_list":["post-60187","post","type-post","status-publish","format-standard","has-post-thumbnail","hentry","category-metroimpulso","tag-metroimpulso"],"_links":{"self":[{"href":"https:\/\/elmetropolitano.com.gt\/es\/wp-json\/wp\/v2\/posts\/60187","targetHints":{"allow":["GET"]}}],"collection":[{"href":"https:\/\/elmetropolitano.com.gt\/es\/wp-json\/wp\/v2\/posts"}],"about":[{"href":"https:\/\/elmetropolitano.com.gt\/es\/wp-json\/wp\/v2\/types\/post"}],"author":[{"embeddable":true,"href":"https:\/\/elmetropolitano.com.gt\/es\/wp-json\/wp\/v2\/users\/1"}],"replies":[{"embeddable":true,"href":"https:\/\/elmetropolitano.com.gt\/es\/wp-json\/wp\/v2\/comments?post=60187"}],"version-history":[{"count":1,"href":"https:\/\/elmetropolitano.com.gt\/es\/wp-json\/wp\/v2\/posts\/60187\/revisions"}],"predecessor-version":[{"id":60189,"href":"https:\/\/elmetropolitano.com.gt\/es\/wp-json\/wp\/v2\/posts\/60187\/revisions\/60189"}],"wp:featuredmedia":[{"embeddable":true,"href":"https:\/\/elmetropolitano.com.gt\/es\/wp-json\/wp\/v2\/media\/60188"}],"wp:attachment":[{"href":"https:\/\/elmetropolitano.com.gt\/es\/wp-json\/wp\/v2\/media?parent=60187"}],"wp:term":[{"taxonomy":"category","embeddable":true,"href":"https:\/\/elmetropolitano.com.gt\/es\/wp-json\/wp\/v2\/categories?post=60187"},{"taxonomy":"post_tag","embeddable":true,"href":"https:\/\/elmetropolitano.com.gt\/es\/wp-json\/wp\/v2\/tags?post=60187"}],"curies":[{"name":"wp","href":"https:\/\/api.w.org\/{rel}","templated":true}]}}