{"id":60203,"date":"2023-01-24T10:13:32","date_gmt":"2023-01-24T16:13:32","guid":{"rendered":"https:\/\/elmetropolitano.com.gt\/es\/?p=60203"},"modified":"2023-01-24T10:14:44","modified_gmt":"2023-01-24T16:14:44","slug":"asi-lo-dijo-2","status":"publish","type":"post","link":"https:\/\/elmetropolitano.com.gt\/es\/asi-lo-dijo-2\/","title":{"rendered":"As\u00ed lo dijo"},"content":{"rendered":"\n<p>\u201cLamento el sensible fallecimiento de \u00c1lvaro Colom Caballeros, expresidente de Guatemala, quien esta noche se nos adelant\u00f3 en el viaje a la eternidad. A su familia y amigos expreso mis m\u00e1s sentidas condolencias, que Dios los reconforte ante tan irreparable p\u00e9rdida\u201d<\/p>\n\n\n\n<p>Alejandro Giammattei<\/p><div class=\"elmet-contenido\" id=\"elmet-4229447683\"><div class=\"elmet-adlabel\">Anuncios<\/div><div style=\"margin-top: 20px;margin-right: 20px;margin-bottom: 20px;margin-left: 20px;\" id=\"elmet-1796405165\"><a href=\"https:\/\/www.facebook.com\/arrincuanantigua\/\" aria-label=\"cintillo-arrin-cual\"><img loading=\"lazy\" decoding=\"async\" src=\"https:\/\/elmetropolitano.com.gt\/es\/wp-content\/uploads\/2021\/11\/cintillo-arrin-cual-1.jpg\" alt=\"\"  srcset=\"https:\/\/elmetropolitano.com.gt\/es\/wp-content\/uploads\/2021\/11\/cintillo-arrin-cual-1.jpg 750w, https:\/\/elmetropolitano.com.gt\/es\/wp-content\/uploads\/2021\/11\/cintillo-arrin-cual-1-300x36.jpg 300w, https:\/\/elmetropolitano.com.gt\/es\/wp-content\/uploads\/2021\/11\/cintillo-arrin-cual-1-600x72.jpg 600w\" sizes=\"(max-width: 750px) 100vw, 750px\" width=\"750\" height=\"90\"   \/><\/a><\/div><\/div>\n\n\n\n<p>Presidente<\/p>\n\n\n\n<p>#asilodijo#metroredes<\/p>\n","protected":false},"excerpt":{"rendered":"<p>\u201cLamento el sensible fallecimiento de \u00c1lvaro Colom Caballeros, expresidente de Guatemala, quien esta noche se nos adelant\u00f3 en el viaje a la eternidad. A su familia y amigos expreso mis m\u00e1s sentidas condolencias, que Dios los reconforte ante tan irreparable p\u00e9rdida\u201d Alejandro Giammattei Presidente #asilodijo#metroredes<\/p>\n","protected":false},"author":1,"featured_media":60204,"comment_status":"open","ping_status":"closed","sticky":false,"template":"","format":"standard","meta":{"footnotes":""},"categories":[2],"tags":[12],"class_list":["post-60203","post","type-post","status-publish","format-standard","has-post-thumbnail","hentry","category-nacionales","tag-nacionales"],"_links":{"self":[{"href":"https:\/\/elmetropolitano.com.gt\/es\/wp-json\/wp\/v2\/posts\/60203","targetHints":{"allow":["GET"]}}],"collection":[{"href":"https:\/\/elmetropolitano.com.gt\/es\/wp-json\/wp\/v2\/posts"}],"about":[{"href":"https:\/\/elmetropolitano.com.gt\/es\/wp-json\/wp\/v2\/types\/post"}],"author":[{"embeddable":true,"href":"https:\/\/elmetropolitano.com.gt\/es\/wp-json\/wp\/v2\/users\/1"}],"replies":[{"embeddable":true,"href":"https:\/\/elmetropolitano.com.gt\/es\/wp-json\/wp\/v2\/comments?post=60203"}],"version-history":[{"count":1,"href":"https:\/\/elmetropolitano.com.gt\/es\/wp-json\/wp\/v2\/posts\/60203\/revisions"}],"predecessor-version":[{"id":60205,"href":"https:\/\/elmetropolitano.com.gt\/es\/wp-json\/wp\/v2\/posts\/60203\/revisions\/60205"}],"wp:featuredmedia":[{"embeddable":true,"href":"https:\/\/elmetropolitano.com.gt\/es\/wp-json\/wp\/v2\/media\/60204"}],"wp:attachment":[{"href":"https:\/\/elmetropolitano.com.gt\/es\/wp-json\/wp\/v2\/media?parent=60203"}],"wp:term":[{"taxonomy":"category","embeddable":true,"href":"https:\/\/elmetropolitano.com.gt\/es\/wp-json\/wp\/v2\/categories?post=60203"},{"taxonomy":"post_tag","embeddable":true,"href":"https:\/\/elmetropolitano.com.gt\/es\/wp-json\/wp\/v2\/tags?post=60203"}],"curies":[{"name":"wp","href":"https:\/\/api.w.org\/{rel}","templated":true}]}}