{"id":60235,"date":"2023-01-25T09:45:58","date_gmt":"2023-01-25T15:45:58","guid":{"rendered":"https:\/\/elmetropolitano.com.gt\/es\/?p=60235"},"modified":"2023-01-25T09:45:59","modified_gmt":"2023-01-25T15:45:59","slug":"reiteran-cumplimiento-de-medidas-en-marco-de-elecciones-generales-2023","status":"publish","type":"post","link":"https:\/\/elmetropolitano.com.gt\/es\/reiteran-cumplimiento-de-medidas-en-marco-de-elecciones-generales-2023\/","title":{"rendered":"Reiteran cumplimiento de medidas en marco de elecciones generales 2023"},"content":{"rendered":"\n<p>En cumplimiento de lo establecido en la Ley Electoral y de Partidos Pol\u00edticos y su reglamento, la Secretar\u00eda de Comunicaci\u00f3n Social de la Presidencia (SCSP) inform\u00f3 sobre las instrucciones giradas a entidades de Gobierno, a partir de la convocatoria a elecciones generales 2023.<\/p>\n\n\n\n<p>La SCSP, por medio de una circular institucional, instruy\u00f3 a todas las dependencias del Organismo Ejecutivo para que, a partir de la <a><\/a>convocatoria, toda la comunicaci\u00f3n se haga cumpliendo con lo que se establece en la ley.<\/p><div class=\"elmet-contenido\" id=\"elmet-3585843661\"><div class=\"elmet-adlabel\">Anuncios<\/div><div style=\"margin-top: 20px;margin-right: 20px;margin-bottom: 20px;margin-left: 20px;\" id=\"elmet-3217932018\"><a href=\"https:\/\/www.facebook.com\/arrincuanantigua\/\" aria-label=\"cintillo-arrin-cual\"><img loading=\"lazy\" decoding=\"async\" src=\"https:\/\/elmetropolitano.com.gt\/es\/wp-content\/uploads\/2021\/11\/cintillo-arrin-cual-1.jpg\" alt=\"\"  srcset=\"https:\/\/elmetropolitano.com.gt\/es\/wp-content\/uploads\/2021\/11\/cintillo-arrin-cual-1.jpg 750w, https:\/\/elmetropolitano.com.gt\/es\/wp-content\/uploads\/2021\/11\/cintillo-arrin-cual-1-300x36.jpg 300w, https:\/\/elmetropolitano.com.gt\/es\/wp-content\/uploads\/2021\/11\/cintillo-arrin-cual-1-600x72.jpg 600w\" sizes=\"(max-width: 750px) 100vw, 750px\" width=\"750\" height=\"90\"   \/><\/a><\/div><\/div>\n\n\n\n<p>En ese aspecto, las autoridades resaltaron la importancia de cumplir con todas las restricciones durante las fases del proceso electoral.<\/p>\n\n\n\n<p>En conferencia de prensa, se enfatiz\u00f3 que se cumplir\u00e1 con la normativa y con los l\u00edmites establecidos en la Ley Electoral y de Partidos Pol\u00edticos.<\/p>\n\n\n\n<p>Somos respetuosos de la ley y de la fiesta c\u00edvica que el pa\u00eds vive desde la convocatoria a elecciones. Vamos a darles cumplimiento a todas las restricciones por parte de la ley electoral, cit\u00f3 la entidad.<\/p>\n\n\n\n<p>La convocatoria<\/p>\n\n\n\n<p>El 20 de enero, el Tribunal Supremo Electoral anunci\u00f3 que el s\u00e1bado 21 de enero se abrir\u00eda el proceso electoral en Guatemala con la convocatoria a elecciones generales.<\/p>\n\n\n\n<p>Estas elecciones incluyen la votaci\u00f3n para elegir presidente y vicepresidente. Tambi\u00e9n a diputados al Congreso de la Rep\u00fablica, corporaciones municipales y diputados al Parlamento Centroamericano para el per\u00edodo 2024-2028.<\/p>\n\n\n\n<p>Por su parte, este lunes 23 de enero se public\u00f3 el Decreto N\u00famero 1-2023, con el objeto de que los guatemaltecos elijan, mediante el ejercicio del voto, a las autoridades del pa\u00eds. Estas deber\u00e1n tomar posesi\u00f3n el a\u00f1o pr\u00f3ximo<\/p>\n\n\n\n<p>Texto: Julio Morales<\/p>\n\n\n\n<p><a href=\"https:\/\/www.facebook.com\/hashtag\/elecciones2023?__eep__=6&amp;__cft__[0]=AZUEkIqAjAWCeTV1UiDNopJQC3ewr2YBHlIy3MRfXRbg3uo19gdlAE__C1_M8S1Ff-_5qfmwdZeyBcQ43Cso-NxSX_x6HvL5bEJg_Tyo--eB5bjzNr4JKd2eW8ynFNzoTkRgEY5t-9VnAhaRreQWwHPnsPtbyoa5PZGIkZdASXrimu06A1aZG8ggZTZC-Be1eFw&amp;__tn__=*NK-R\">#Elecciones2023<\/a><a href=\"https:\/\/www.facebook.com\/hashtag\/yovoto?__eep__=6&amp;__cft__[0]=AZUEkIqAjAWCeTV1UiDNopJQC3ewr2YBHlIy3MRfXRbg3uo19gdlAE__C1_M8S1Ff-_5qfmwdZeyBcQ43Cso-NxSX_x6HvL5bEJg_Tyo--eB5bjzNr4JKd2eW8ynFNzoTkRgEY5t-9VnAhaRreQWwHPnsPtbyoa5PZGIkZdASXrimu06A1aZG8ggZTZC-Be1eFw&amp;__tn__=*NK-R\">#YoVoto<\/a><a href=\"https:\/\/www.facebook.com\/hashtag\/metroredes?__eep__=6&amp;__cft__[0]=AZUEkIqAjAWCeTV1UiDNopJQC3ewr2YBHlIy3MRfXRbg3uo19gdlAE__C1_M8S1Ff-_5qfmwdZeyBcQ43Cso-NxSX_x6HvL5bEJg_Tyo--eB5bjzNr4JKd2eW8ynFNzoTkRgEY5t-9VnAhaRreQWwHPnsPtbyoa5PZGIkZdASXrimu06A1aZG8ggZTZC-Be1eFw&amp;__tn__=*NK-R\">#metroredes<\/a><\/p>\n","protected":false},"excerpt":{"rendered":"<p>En cumplimiento de lo establecido en la Ley Electoral y de Partidos Pol\u00edticos y su reglamento, la Secretar\u00eda de Comunicaci\u00f3n Social de la Presidencia (SCSP) inform\u00f3 sobre las instrucciones giradas a entidades de Gobierno, a partir de la convocatoria a elecciones generales 2023. La SCSP, por medio de una circular institucional, instruy\u00f3 a todas las <a class=\"read-more\" href=\"https:\/\/elmetropolitano.com.gt\/es\/reiteran-cumplimiento-de-medidas-en-marco-de-elecciones-generales-2023\/\">Leer m\u00e1s<\/a><\/p>\n","protected":false},"author":1,"featured_media":60236,"comment_status":"open","ping_status":"closed","sticky":false,"template":"","format":"standard","meta":{"footnotes":""},"categories":[2],"tags":[12],"class_list":["post-60235","post","type-post","status-publish","format-standard","has-post-thumbnail","hentry","category-nacionales","tag-nacionales"],"_links":{"self":[{"href":"https:\/\/elmetropolitano.com.gt\/es\/wp-json\/wp\/v2\/posts\/60235","targetHints":{"allow":["GET"]}}],"collection":[{"href":"https:\/\/elmetropolitano.com.gt\/es\/wp-json\/wp\/v2\/posts"}],"about":[{"href":"https:\/\/elmetropolitano.com.gt\/es\/wp-json\/wp\/v2\/types\/post"}],"author":[{"embeddable":true,"href":"https:\/\/elmetropolitano.com.gt\/es\/wp-json\/wp\/v2\/users\/1"}],"replies":[{"embeddable":true,"href":"https:\/\/elmetropolitano.com.gt\/es\/wp-json\/wp\/v2\/comments?post=60235"}],"version-history":[{"count":1,"href":"https:\/\/elmetropolitano.com.gt\/es\/wp-json\/wp\/v2\/posts\/60235\/revisions"}],"predecessor-version":[{"id":60237,"href":"https:\/\/elmetropolitano.com.gt\/es\/wp-json\/wp\/v2\/posts\/60235\/revisions\/60237"}],"wp:featuredmedia":[{"embeddable":true,"href":"https:\/\/elmetropolitano.com.gt\/es\/wp-json\/wp\/v2\/media\/60236"}],"wp:attachment":[{"href":"https:\/\/elmetropolitano.com.gt\/es\/wp-json\/wp\/v2\/media?parent=60235"}],"wp:term":[{"taxonomy":"category","embeddable":true,"href":"https:\/\/elmetropolitano.com.gt\/es\/wp-json\/wp\/v2\/categories?post=60235"},{"taxonomy":"post_tag","embeddable":true,"href":"https:\/\/elmetropolitano.com.gt\/es\/wp-json\/wp\/v2\/tags?post=60235"}],"curies":[{"name":"wp","href":"https:\/\/api.w.org\/{rel}","templated":true}]}}