{"id":60243,"date":"2023-01-25T09:51:56","date_gmt":"2023-01-25T15:51:56","guid":{"rendered":"https:\/\/elmetropolitano.com.gt\/es\/?p=60243"},"modified":"2023-01-25T09:52:02","modified_gmt":"2023-01-25T15:52:02","slug":"artistas-marquenses-rinden-tributo-a-ricardo-arjona-y-gaby-moreno","status":"publish","type":"post","link":"https:\/\/elmetropolitano.com.gt\/es\/artistas-marquenses-rinden-tributo-a-ricardo-arjona-y-gaby-moreno\/","title":{"rendered":"Artistas marquenses rinden tributo a Ricardo Arjona y Gaby Moreno"},"content":{"rendered":"\n<p>Los artistas marquenses Jairo Barrios y Edgar Fuentes han causado sensaci\u00f3n en San Pedro Sacatep\u00e9quez, San Marcos, tras pintar un mural en una vivienda ubicada en el cant\u00f3n San Agust\u00edn Tonal\u00e1.<\/p>\n\n\n\n<p>Los <a><\/a>j\u00f3venes expresaron su talento pict\u00f3rico a trav\u00e9s de esta obra en la cual rinden tributo a los cantautores guatemaltecos Ricardo Arjona y Gaby Moreno. Las pinturas tambi\u00e9n incluyen lugares emblem\u00e1ticos de nuestro pa\u00eds y uno de los s\u00edmbolos patrios.<\/p><div class=\"elmet-contenido\" id=\"elmet-2283810267\"><div class=\"elmet-adlabel\">Anuncios<\/div><div style=\"margin-top: 20px;margin-right: 20px;margin-bottom: 20px;margin-left: 20px;\" id=\"elmet-3561717253\"><a href=\"https:\/\/www.facebook.com\/arrincuanantigua\/\" aria-label=\"cintillo-arrin-cual\"><img loading=\"lazy\" decoding=\"async\" src=\"https:\/\/elmetropolitano.com.gt\/es\/wp-content\/uploads\/2021\/11\/cintillo-arrin-cual-1.jpg\" alt=\"\"  srcset=\"https:\/\/elmetropolitano.com.gt\/es\/wp-content\/uploads\/2021\/11\/cintillo-arrin-cual-1.jpg 750w, https:\/\/elmetropolitano.com.gt\/es\/wp-content\/uploads\/2021\/11\/cintillo-arrin-cual-1-300x36.jpg 300w, https:\/\/elmetropolitano.com.gt\/es\/wp-content\/uploads\/2021\/11\/cintillo-arrin-cual-1-600x72.jpg 600w\" sizes=\"(max-width: 750px) 100vw, 750px\" width=\"750\" height=\"90\"   \/><\/a><\/div><\/div>\n\n\n\n<p>La ilustraci\u00f3n de Ricardo Arjona naci\u00f3 del talento de \u00c9dgar Noel Fuentes G\u00f3mez. Seg\u00fan cont\u00f3, la idea es hacer un reconocimiento al talento del guatemalteco, quien recientemente estuvo de cumplea\u00f1os.<\/p>\n\n\n\n<p>El artista expres\u00f3 que uno de sus deseos es que el cantautor conozca el talento marquense. En su obra, Fuentes incluy\u00f3 la c\u00fapula de la parroquia de San Pedro Ap\u00f3stol.<\/p>\n\n\n\n<p>La idea surgi\u00f3 en una pl\u00e1tica de amigos, quienes sentimos el deseo de dar a conocer nuestro talento, y m\u00e1s al plasmar a nuestro \u00edcono musical, Ricardo Arjona, manifest\u00f3.<\/p>\n\n\n\n<p>El entrevistado tambi\u00e9n indic\u00f3 que la pintura es un tributo por la trayectoria de quien representa a Guatemala a nivel mundial. Agreg\u00f3 que incluy\u00f3 el templo para resaltar la religiosidad del municipio.<\/p>\n\n\n\n<p>Por su parte, Jairo Emanuel Barrios Garc\u00eda estuvo a encarg\u00f3 de plasmar el rostro de Gaby Moreno en el mural. Su obra incluye el templo del Gran Jaguar, de Tikal, Pet\u00e9n, y un quetzal, ave s\u00edmbolo de Guatemala. Los materiales utilizados fueron acr\u00edlico y aerosol.<\/p>\n\n\n\n<p>Hemos recibido muy buenos comentarios, lo cual nos satisface porque se est\u00e1 apreciando el arte urbano, que no es com\u00fan en el municipio, coment\u00f3.<\/p>\n\n\n\n<p>Ambas obras pict\u00f3ricas se elaboraron durante tres d\u00edas y, tras publicarse en las redes sociales, varias personas e instituciones han contactado a los artistas marquenses para que contin\u00faen con su labor y den muestras del talento local.<\/p>\n\n\n\n<p>Texto: Whitmer Barrera<\/p>\n\n\n\n<p><a href=\"https:\/\/www.facebook.com\/hashtag\/metroredes?__eep__=6&amp;__cft__[0]=AZVOhXV9GmTKGzEsbh8G5JeHefjZa7SU2ZTfiRio71q0s16w4wZ4Vr6JRM7d0slEXxEtpvduSdeNSfjcQOLvOQFql7Djerc6ZhDZ-Jzse3kzt_DXcJFz3h1k7p5zySaEvleJIAf2uOKYv7Q2ZTQ_Ywx8EUtjnTsK4i_uryaICeavs8jsqovywkOLdt0Qs5vr1U0&amp;__tn__=*NK-R\">#Metroredes<\/a><a href=\"https:\/\/www.facebook.com\/hashtag\/sanmarcos?__eep__=6&amp;__cft__[0]=AZVOhXV9GmTKGzEsbh8G5JeHefjZa7SU2ZTfiRio71q0s16w4wZ4Vr6JRM7d0slEXxEtpvduSdeNSfjcQOLvOQFql7Djerc6ZhDZ-Jzse3kzt_DXcJFz3h1k7p5zySaEvleJIAf2uOKYv7Q2ZTQ_Ywx8EUtjnTsK4i_uryaICeavs8jsqovywkOLdt0Qs5vr1U0&amp;__tn__=*NK-R\">#SanMarcos<\/a><\/p>\n\n\n\n<figure class=\"wp-block-gallery has-nested-images columns-default is-cropped wp-block-gallery-1 is-layout-flex wp-block-gallery-is-layout-flex\">\n<figure class=\"wp-block-image size-large\"><img loading=\"lazy\" decoding=\"async\" width=\"240\" height=\"180\" data-id=\"60245\" src=\"https:\/\/elmetropolitano.com.gt\/es\/wp-content\/uploads\/2023\/01\/327326073_576166621066818_4951392463701710378_n.jpg\" alt=\"\" class=\"wp-image-60245\"\/><\/figure>\n\n\n\n<figure class=\"wp-block-image size-large\"><img loading=\"lazy\" decoding=\"async\" width=\"240\" height=\"180\" data-id=\"60246\" src=\"https:\/\/elmetropolitano.com.gt\/es\/wp-content\/uploads\/2023\/01\/327395249_1476730386188233_7639672469565876238_n.jpg\" alt=\"\" class=\"wp-image-60246\"\/><\/figure>\n<\/figure>\n","protected":false},"excerpt":{"rendered":"<p>Los artistas marquenses Jairo Barrios y Edgar Fuentes han causado sensaci\u00f3n en San Pedro Sacatep\u00e9quez, San Marcos, tras pintar un mural en una vivienda ubicada en el cant\u00f3n San Agust\u00edn Tonal\u00e1. Los j\u00f3venes expresaron su talento pict\u00f3rico a trav\u00e9s de esta obra en la cual rinden tributo a los cantautores guatemaltecos Ricardo Arjona y Gaby <a class=\"read-more\" href=\"https:\/\/elmetropolitano.com.gt\/es\/artistas-marquenses-rinden-tributo-a-ricardo-arjona-y-gaby-moreno\/\">Leer m\u00e1s<\/a><\/p>\n","protected":false},"author":1,"featured_media":60244,"comment_status":"open","ping_status":"closed","sticky":false,"template":"","format":"standard","meta":{"footnotes":""},"categories":[29],"tags":[30],"class_list":["post-60243","post","type-post","status-publish","format-standard","has-post-thumbnail","hentry","category-culturales","tag-culturales"],"_links":{"self":[{"href":"https:\/\/elmetropolitano.com.gt\/es\/wp-json\/wp\/v2\/posts\/60243","targetHints":{"allow":["GET"]}}],"collection":[{"href":"https:\/\/elmetropolitano.com.gt\/es\/wp-json\/wp\/v2\/posts"}],"about":[{"href":"https:\/\/elmetropolitano.com.gt\/es\/wp-json\/wp\/v2\/types\/post"}],"author":[{"embeddable":true,"href":"https:\/\/elmetropolitano.com.gt\/es\/wp-json\/wp\/v2\/users\/1"}],"replies":[{"embeddable":true,"href":"https:\/\/elmetropolitano.com.gt\/es\/wp-json\/wp\/v2\/comments?post=60243"}],"version-history":[{"count":1,"href":"https:\/\/elmetropolitano.com.gt\/es\/wp-json\/wp\/v2\/posts\/60243\/revisions"}],"predecessor-version":[{"id":60247,"href":"https:\/\/elmetropolitano.com.gt\/es\/wp-json\/wp\/v2\/posts\/60243\/revisions\/60247"}],"wp:featuredmedia":[{"embeddable":true,"href":"https:\/\/elmetropolitano.com.gt\/es\/wp-json\/wp\/v2\/media\/60244"}],"wp:attachment":[{"href":"https:\/\/elmetropolitano.com.gt\/es\/wp-json\/wp\/v2\/media?parent=60243"}],"wp:term":[{"taxonomy":"category","embeddable":true,"href":"https:\/\/elmetropolitano.com.gt\/es\/wp-json\/wp\/v2\/categories?post=60243"},{"taxonomy":"post_tag","embeddable":true,"href":"https:\/\/elmetropolitano.com.gt\/es\/wp-json\/wp\/v2\/tags?post=60243"}],"curies":[{"name":"wp","href":"https:\/\/api.w.org\/{rel}","templated":true}]}}