{"id":60252,"date":"2023-01-25T09:55:42","date_gmt":"2023-01-25T15:55:42","guid":{"rendered":"https:\/\/elmetropolitano.com.gt\/es\/?p=60252"},"modified":"2023-01-25T09:55:43","modified_gmt":"2023-01-25T15:55:43","slug":"rivales-de-guatemala-en-el-premundial-sub-17","status":"publish","type":"post","link":"https:\/\/elmetropolitano.com.gt\/es\/rivales-de-guatemala-en-el-premundial-sub-17\/","title":{"rendered":"Rivales de Guatemala en el premundial sub 17"},"content":{"rendered":"\n<p>La Selecci\u00f3n Nacional de Guatemala est\u00e1 en sus \u00faltimos d\u00edas de preparaci\u00f3n, antes de recibir a las 19 selecciones en el premundial Sub-17, en busca de un boleto para el Mundial de Per\u00fa 2023.<\/p>\n\n\n\n<p>La <a><\/a>azul y blanco acoger\u00e1 el certamen que dar\u00e1 la clasificaci\u00f3n al mundial de Per\u00fa 2023, en donde jugando de local los chapines buscar\u00e1n su primera clasificaci\u00f3n al mundial de la categor\u00eda.<\/p><div class=\"elmet-contenido\" id=\"elmet-3812213482\"><div class=\"elmet-adlabel\">Anuncios<\/div><div style=\"margin-top: 20px;margin-right: 20px;margin-bottom: 20px;margin-left: 20px;\" id=\"elmet-1934788946\"><a href=\"https:\/\/www.facebook.com\/arrincuanantigua\/\" aria-label=\"cintillo-arrin-cual\"><img loading=\"lazy\" decoding=\"async\" src=\"https:\/\/elmetropolitano.com.gt\/es\/wp-content\/uploads\/2021\/11\/cintillo-arrin-cual-1.jpg\" alt=\"\"  srcset=\"https:\/\/elmetropolitano.com.gt\/es\/wp-content\/uploads\/2021\/11\/cintillo-arrin-cual-1.jpg 750w, https:\/\/elmetropolitano.com.gt\/es\/wp-content\/uploads\/2021\/11\/cintillo-arrin-cual-1-300x36.jpg 300w, https:\/\/elmetropolitano.com.gt\/es\/wp-content\/uploads\/2021\/11\/cintillo-arrin-cual-1-600x72.jpg 600w\" sizes=\"(max-width: 750px) 100vw, 750px\" width=\"750\" height=\"90\"   \/><\/a><\/div><\/div>\n\n\n\n<p>Guatemala tendr\u00e1 que compartir piso con los combinados de M\u00e9xico, Curazao y Panam\u00e1 en el grupo E de la competici\u00f3n.<\/p>\n\n\n\n<p>El quetzal qued\u00f3 cuadrado en uno de los grupos m\u00e1s complicados que dio el sorteo, ya que tendr\u00e1 que medir fuerzas de manera temprana ante una gran selecci\u00f3n mexicana.<\/p>\n\n\n\n<p>La \u00faltima vez que chapines y aztecas se vieron las caras fue en el Torneo Uncaf Sub-17, en donde la tricolor derrot\u00f3 7-2 a Guatemala.<\/p>\n\n\n\n<p>Guatemala como sede<\/p>\n\n\n\n<p>Guatemala ser\u00e1 sede por primera vez del Campeonato Sub-17 de la Concacaf, Premundial; hasta entonces, la mejor participaci\u00f3n de Guatemala fue en Panam\u00e1 2013.<\/p>\n\n\n\n<p>En esa oportunidad, Guatemala super\u00f3 la fase de grupos al derrotar a Hait\u00ed y acceder como segundo de grupo. La azul y blanco fue eliminada por M\u00e9xico en los cuartos de final por un marcador de 2-0.<\/p>\n\n\n\n<p>Para este certamen se contar\u00e1 con la presencia de grandes \u00e1rbitros de la regi\u00f3n para impartir justicia a las que ser\u00e1n el futuro del futbol mundial.<\/p>\n\n\n\n<p>Estadios y fechas<\/p>\n\n\n\n<p>El certamen se disputar\u00e1 en el Estadio Nacional Doroteo Guamuch Flores, que cuenta con un aforo de 26 mil personas, y el Estadio Pensativo, de Antigua Guatemala, que cuenta con un aforo de 10 mil personas. El certamen arranca el s\u00e1bado 11 de febrero y culmina el domingo 26 de febrero.<\/p>\n\n\n\n<p>Calendario de Guatemala<\/p>\n\n\n\n<p>S\u00e1bado 11 de febrero<\/p>\n\n\n\n<p>Guatemala vs Panam\u00e1, 19:00 horas \u2013 Estadio Doroteo Guamuch Flores<\/p>\n\n\n\n<p>Lunes 13 de febrero<\/p>\n\n\n\n<p>Guatemala vs M\u00e9xico, 19:00 horas \u2013 Estadio Doroteo Guamuch Flores<\/p>\n\n\n\n<p>Mi\u00e9rcoles 15 de febrero<\/p>\n\n\n\n<p>Guatemala vs Curazao, 19:00 horas \u2013 Estadio Doroteo Guamuch Flores<\/p>\n\n\n\n<p>Texto: Josue David Acevedo Rivas<\/p>\n\n\n\n<p>Foto: Fedefut<\/p>\n\n\n\n<p><a href=\"https:\/\/www.facebook.com\/hashtag\/metroredes?__eep__=6&amp;__cft__[0]=AZXznkJbbjB6r-I5XlXWGxTZVYOyLczNub5FsHnvIVWhz5oCEB86BdBptwz-PLBan60eb9SEgDTj0Qocw8hFauHmm9aChSOFceT9wueWNXt_LfkNBsZjP79CgFSnjSqv_qylYKuBYBs04O1tOaT0PdSX8eMveD3tmmX7uVl67DXdhkYnGro_Y8f_W6-UAVLaLjA&amp;__tn__=*NK-R\">#Metroredes<\/a><a href=\"https:\/\/www.facebook.com\/hashtag\/elmetropolitanl?__eep__=6&amp;__cft__[0]=AZXznkJbbjB6r-I5XlXWGxTZVYOyLczNub5FsHnvIVWhz5oCEB86BdBptwz-PLBan60eb9SEgDTj0Qocw8hFauHmm9aChSOFceT9wueWNXt_LfkNBsZjP79CgFSnjSqv_qylYKuBYBs04O1tOaT0PdSX8eMveD3tmmX7uVl67DXdhkYnGro_Y8f_W6-UAVLaLjA&amp;__tn__=*NK-R\">#Elmetropolitanl<\/a><a href=\"https:\/\/www.facebook.com\/hashtag\/fedefut?__eep__=6&amp;__cft__[0]=AZXznkJbbjB6r-I5XlXWGxTZVYOyLczNub5FsHnvIVWhz5oCEB86BdBptwz-PLBan60eb9SEgDTj0Qocw8hFauHmm9aChSOFceT9wueWNXt_LfkNBsZjP79CgFSnjSqv_qylYKuBYBs04O1tOaT0PdSX8eMveD3tmmX7uVl67DXdhkYnGro_Y8f_W6-UAVLaLjA&amp;__tn__=*NK-R\">#FedeFut<\/a><\/p>\n\n\n\n<p><\/p>\n","protected":false},"excerpt":{"rendered":"<p>La Selecci\u00f3n Nacional de Guatemala est\u00e1 en sus \u00faltimos d\u00edas de preparaci\u00f3n, antes de recibir a las 19 selecciones en el premundial Sub-17, en busca de un boleto para el Mundial de Per\u00fa 2023. La azul y blanco acoger\u00e1 el certamen que dar\u00e1 la clasificaci\u00f3n al mundial de Per\u00fa 2023, en donde jugando de local <a class=\"read-more\" href=\"https:\/\/elmetropolitano.com.gt\/es\/rivales-de-guatemala-en-el-premundial-sub-17\/\">Leer m\u00e1s<\/a><\/p>\n","protected":false},"author":1,"featured_media":60253,"comment_status":"open","ping_status":"closed","sticky":false,"template":"","format":"standard","meta":{"footnotes":""},"categories":[43],"tags":[44],"class_list":["post-60252","post","type-post","status-publish","format-standard","has-post-thumbnail","hentry","category-deportes","tag-deportes"],"_links":{"self":[{"href":"https:\/\/elmetropolitano.com.gt\/es\/wp-json\/wp\/v2\/posts\/60252","targetHints":{"allow":["GET"]}}],"collection":[{"href":"https:\/\/elmetropolitano.com.gt\/es\/wp-json\/wp\/v2\/posts"}],"about":[{"href":"https:\/\/elmetropolitano.com.gt\/es\/wp-json\/wp\/v2\/types\/post"}],"author":[{"embeddable":true,"href":"https:\/\/elmetropolitano.com.gt\/es\/wp-json\/wp\/v2\/users\/1"}],"replies":[{"embeddable":true,"href":"https:\/\/elmetropolitano.com.gt\/es\/wp-json\/wp\/v2\/comments?post=60252"}],"version-history":[{"count":1,"href":"https:\/\/elmetropolitano.com.gt\/es\/wp-json\/wp\/v2\/posts\/60252\/revisions"}],"predecessor-version":[{"id":60254,"href":"https:\/\/elmetropolitano.com.gt\/es\/wp-json\/wp\/v2\/posts\/60252\/revisions\/60254"}],"wp:featuredmedia":[{"embeddable":true,"href":"https:\/\/elmetropolitano.com.gt\/es\/wp-json\/wp\/v2\/media\/60253"}],"wp:attachment":[{"href":"https:\/\/elmetropolitano.com.gt\/es\/wp-json\/wp\/v2\/media?parent=60252"}],"wp:term":[{"taxonomy":"category","embeddable":true,"href":"https:\/\/elmetropolitano.com.gt\/es\/wp-json\/wp\/v2\/categories?post=60252"},{"taxonomy":"post_tag","embeddable":true,"href":"https:\/\/elmetropolitano.com.gt\/es\/wp-json\/wp\/v2\/tags?post=60252"}],"curies":[{"name":"wp","href":"https:\/\/api.w.org\/{rel}","templated":true}]}}