{"id":60268,"date":"2023-01-26T09:37:51","date_gmt":"2023-01-26T15:37:51","guid":{"rendered":"https:\/\/elmetropolitano.com.gt\/es\/?p=60268"},"modified":"2023-01-26T09:38:04","modified_gmt":"2023-01-26T15:38:04","slug":"un-agente-de-la-pnc-fallece-en-frustrado-desalojo-en-finca-monte-maria-tucuru","status":"publish","type":"post","link":"https:\/\/elmetropolitano.com.gt\/es\/un-agente-de-la-pnc-fallece-en-frustrado-desalojo-en-finca-monte-maria-tucuru\/","title":{"rendered":"Un agente de la PNC fallece en frustrado desalojo en finca Monte Mar\u00eda, Tucur\u00fa"},"content":{"rendered":"\n<p>Las autoridades del Ministerio de Gobernaci\u00f3n (Mingob) han girado instrucciones a los altos mandos de la Polic\u00eda Nacional Civil (PNC) para esclarecer un hecho registrado hoy en la finca Monte Mar\u00eda, Tucur\u00fa, Alta Verapaz, en la que un agente policial muri\u00f3 y otros tres resultaron heridos con arma de fuego. Los elementos de seguridad acudieron con representantes del Ministerio P\u00fablico para realizar <a><\/a>una diligencia de desalojo, pero al no haber avances en las negociaciones, los supuestos invasores efectuaron disparos en contra de las autoridades.<\/p>\n\n\n\n<p>El agente An\u00edbal Morales Calat, de 28 a\u00f1os, de servicio en la Comisar\u00eda 24 de Zacapa, recibi\u00f3 un impacto de bala en el pecho y muri\u00f3 a su ingreso a un centro asistencial de la localidad. Durante la diligencia tambi\u00e9n resultaron con heridas de arma de fuego los polic\u00edas Wilmer Cecilio Hern\u00e1ndez V\u00e1squez, Erwin Coc Cuz, ambos de 30 a\u00f1os, y el Subinspector Miguel \u00c1ngel Piedra Santa, de 29, quienes fueron traslados a centros asistenciales para su atenci\u00f3n m\u00e9dica y pronta recuperaci\u00f3n.<\/p><div class=\"elmet-contenido\" id=\"elmet-3138987797\"><div class=\"elmet-adlabel\">Anuncios<\/div><div style=\"margin-top: 20px;margin-right: 20px;margin-bottom: 20px;margin-left: 20px;\" id=\"elmet-3574381326\"><a href=\"https:\/\/www.facebook.com\/arrincuanantigua\/\" aria-label=\"cintillo-arrin-cual\"><img loading=\"lazy\" decoding=\"async\" src=\"https:\/\/elmetropolitano.com.gt\/es\/wp-content\/uploads\/2021\/11\/cintillo-arrin-cual-1.jpg\" alt=\"\"  srcset=\"https:\/\/elmetropolitano.com.gt\/es\/wp-content\/uploads\/2021\/11\/cintillo-arrin-cual-1.jpg 750w, https:\/\/elmetropolitano.com.gt\/es\/wp-content\/uploads\/2021\/11\/cintillo-arrin-cual-1-300x36.jpg 300w, https:\/\/elmetropolitano.com.gt\/es\/wp-content\/uploads\/2021\/11\/cintillo-arrin-cual-1-600x72.jpg 600w\" sizes=\"(max-width: 750px) 100vw, 750px\" width=\"750\" height=\"90\"   \/><\/a><\/div><\/div>\n\n\n\n<p>Las fuerzas de seguridad realizan distintos operativos para localizar a los presuntos responsables del fallecimiento de un agente en cumplimiento del deber y ocasionarles heridas de bala en abdomen y piernas a otros tres elementos que apoyaban en la referida diligencia.<\/p>\n\n\n\n<p>#metroredes<\/p>\n\n\n\n<figure class=\"wp-block-gallery has-nested-images columns-default is-cropped wp-block-gallery-1 is-layout-flex wp-block-gallery-is-layout-flex\">\n<figure class=\"wp-block-image size-large\"><img loading=\"lazy\" decoding=\"async\" width=\"892\" height=\"1024\" data-id=\"60271\" src=\"https:\/\/elmetropolitano.com.gt\/es\/wp-content\/uploads\/2023\/01\/327591412_858180258790335_8288671956955547537_n-1-892x1024.jpg\" alt=\"\" class=\"wp-image-60271\" srcset=\"https:\/\/elmetropolitano.com.gt\/es\/wp-content\/uploads\/2023\/01\/327591412_858180258790335_8288671956955547537_n-1-892x1024.jpg 892w, https:\/\/elmetropolitano.com.gt\/es\/wp-content\/uploads\/2023\/01\/327591412_858180258790335_8288671956955547537_n-1-261x300.jpg 261w, https:\/\/elmetropolitano.com.gt\/es\/wp-content\/uploads\/2023\/01\/327591412_858180258790335_8288671956955547537_n-1-768x882.jpg 768w, https:\/\/elmetropolitano.com.gt\/es\/wp-content\/uploads\/2023\/01\/327591412_858180258790335_8288671956955547537_n-1-600x689.jpg 600w, https:\/\/elmetropolitano.com.gt\/es\/wp-content\/uploads\/2023\/01\/327591412_858180258790335_8288671956955547537_n-1.jpg 1080w\" sizes=\"auto, (max-width: 892px) 100vw, 892px\" \/><\/figure>\n<\/figure>\n","protected":false},"excerpt":{"rendered":"<p>Las autoridades del Ministerio de Gobernaci\u00f3n (Mingob) han girado instrucciones a los altos mandos de la Polic\u00eda Nacional Civil (PNC) para esclarecer un hecho registrado hoy en la finca Monte Mar\u00eda, Tucur\u00fa, Alta Verapaz, en la que un agente policial muri\u00f3 y otros tres resultaron heridos con arma de fuego. Los elementos de seguridad acudieron <a class=\"read-more\" href=\"https:\/\/elmetropolitano.com.gt\/es\/un-agente-de-la-pnc-fallece-en-frustrado-desalojo-en-finca-monte-maria-tucuru\/\">Leer m\u00e1s<\/a><\/p>\n","protected":false},"author":1,"featured_media":60269,"comment_status":"open","ping_status":"closed","sticky":false,"template":"","format":"standard","meta":{"footnotes":""},"categories":[4],"tags":[13],"class_list":["post-60268","post","type-post","status-publish","format-standard","has-post-thumbnail","hentry","category-departamentales","tag-departamentales"],"_links":{"self":[{"href":"https:\/\/elmetropolitano.com.gt\/es\/wp-json\/wp\/v2\/posts\/60268","targetHints":{"allow":["GET"]}}],"collection":[{"href":"https:\/\/elmetropolitano.com.gt\/es\/wp-json\/wp\/v2\/posts"}],"about":[{"href":"https:\/\/elmetropolitano.com.gt\/es\/wp-json\/wp\/v2\/types\/post"}],"author":[{"embeddable":true,"href":"https:\/\/elmetropolitano.com.gt\/es\/wp-json\/wp\/v2\/users\/1"}],"replies":[{"embeddable":true,"href":"https:\/\/elmetropolitano.com.gt\/es\/wp-json\/wp\/v2\/comments?post=60268"}],"version-history":[{"count":2,"href":"https:\/\/elmetropolitano.com.gt\/es\/wp-json\/wp\/v2\/posts\/60268\/revisions"}],"predecessor-version":[{"id":60272,"href":"https:\/\/elmetropolitano.com.gt\/es\/wp-json\/wp\/v2\/posts\/60268\/revisions\/60272"}],"wp:featuredmedia":[{"embeddable":true,"href":"https:\/\/elmetropolitano.com.gt\/es\/wp-json\/wp\/v2\/media\/60269"}],"wp:attachment":[{"href":"https:\/\/elmetropolitano.com.gt\/es\/wp-json\/wp\/v2\/media?parent=60268"}],"wp:term":[{"taxonomy":"category","embeddable":true,"href":"https:\/\/elmetropolitano.com.gt\/es\/wp-json\/wp\/v2\/categories?post=60268"},{"taxonomy":"post_tag","embeddable":true,"href":"https:\/\/elmetropolitano.com.gt\/es\/wp-json\/wp\/v2\/tags?post=60268"}],"curies":[{"name":"wp","href":"https:\/\/api.w.org\/{rel}","templated":true}]}}