{"id":60472,"date":"2023-01-30T12:55:29","date_gmt":"2023-01-30T18:55:29","guid":{"rendered":"https:\/\/elmetropolitano.com.gt\/es\/?p=60472"},"modified":"2023-01-30T12:55:30","modified_gmt":"2023-01-30T18:55:30","slug":"incendio-acaba-con-la-vida-de-una-familia-en-sibinal-san-marcos","status":"publish","type":"post","link":"https:\/\/elmetropolitano.com.gt\/es\/incendio-acaba-con-la-vida-de-una-familia-en-sibinal-san-marcos\/","title":{"rendered":"Incendio acaba con la vida de una familia en Sibinal, San Marcos"},"content":{"rendered":"\n<p>Jos\u00e9 Miguel Gonz\u00e1lez Bartol\u00f3n, de 35 a\u00f1os; Francilia Chilel Chilel, 25; Lucia Hilda Bartol\u00f3n Gonz\u00e1lez, 20; Carla Gonz\u00e1lez Bartol\u00f3n, 12; Eliza Gonz\u00e1lez Chilel, 10; Franc Gonz\u00e1lez Chilel, 7 y Jos\u00e9 Gonz\u00e1lez Chilel, 2, los fallecidos en el incendio ocurrido esta madrugada.<\/p>\n\n\n\n<p>&nbsp;&nbsp;&nbsp;&nbsp;&nbsp;&nbsp;&nbsp;&nbsp;&nbsp;&nbsp;&nbsp; Drama, dolor, muerte y frustraci\u00f3n por parte de vecinos quienes fueron despertados en horas de la madrugada al escuchar los gritos y el crujir de las llamas que devoraron la humilde vivienda que termin\u00f3 con la vida de esta familia en la que perecieron 4 menores de edad.<\/p><div class=\"elmet-contenido\" id=\"elmet-3937014044\"><div class=\"elmet-adlabel\">Anuncios<\/div><div style=\"margin-top: 20px;margin-right: 20px;margin-bottom: 20px;margin-left: 20px;\" id=\"elmet-2594370393\"><a href=\"https:\/\/www.facebook.com\/arrincuanantigua\/\" aria-label=\"cintillo-arrin-cual\"><img loading=\"lazy\" decoding=\"async\" src=\"https:\/\/elmetropolitano.com.gt\/es\/wp-content\/uploads\/2021\/11\/cintillo-arrin-cual-1.jpg\" alt=\"\"  srcset=\"https:\/\/elmetropolitano.com.gt\/es\/wp-content\/uploads\/2021\/11\/cintillo-arrin-cual-1.jpg 750w, https:\/\/elmetropolitano.com.gt\/es\/wp-content\/uploads\/2021\/11\/cintillo-arrin-cual-1-300x36.jpg 300w, https:\/\/elmetropolitano.com.gt\/es\/wp-content\/uploads\/2021\/11\/cintillo-arrin-cual-1-600x72.jpg 600w\" sizes=\"(max-width: 750px) 100vw, 750px\" width=\"750\" height=\"90\"   \/><\/a><\/div><\/div>\n\n\n\n<p>Los Bomberos Municipales Departamentales fueron alertados pero la inhalaci\u00f3n de mon\u00f3xido de carbono imposibilito que los habitantes de la vivienda pudieran salir y el voraz incendio termin\u00f3 con la vida de esta familia que deja dolor y luto en la comunidad.<\/p>\n\n\n\n<p>Autoridades investigan el hecho ya que algunos creen que se pudo deber a la fuga de gas propano, caso que se encuentra en investigaci\u00f3n, mientras que los vecinos lloran por la tragedia que ceg\u00f3 la vida de esa familia.<\/p>\n\n\n\n<p>#metroredes<\/p>\n\n\n\n<figure class=\"wp-block-gallery has-nested-images columns-default is-cropped wp-block-gallery-1 is-layout-flex wp-block-gallery-is-layout-flex\">\n<figure class=\"wp-block-image size-large\"><img loading=\"lazy\" decoding=\"async\" width=\"1024\" height=\"743\" data-id=\"60475\" src=\"https:\/\/elmetropolitano.com.gt\/es\/wp-content\/uploads\/2023\/01\/FnuKZdxX0AEQCKq-1024x743.jpg\" alt=\"\" class=\"wp-image-60475\" srcset=\"https:\/\/elmetropolitano.com.gt\/es\/wp-content\/uploads\/2023\/01\/FnuKZdxX0AEQCKq-1024x743.jpg 1024w, https:\/\/elmetropolitano.com.gt\/es\/wp-content\/uploads\/2023\/01\/FnuKZdxX0AEQCKq-300x218.jpg 300w, https:\/\/elmetropolitano.com.gt\/es\/wp-content\/uploads\/2023\/01\/FnuKZdxX0AEQCKq-768x557.jpg 768w, https:\/\/elmetropolitano.com.gt\/es\/wp-content\/uploads\/2023\/01\/FnuKZdxX0AEQCKq-600x436.jpg 600w, https:\/\/elmetropolitano.com.gt\/es\/wp-content\/uploads\/2023\/01\/FnuKZdxX0AEQCKq.jpg 1200w\" sizes=\"auto, (max-width: 1024px) 100vw, 1024px\" \/><\/figure>\n\n\n\n<figure class=\"wp-block-image size-large\"><img loading=\"lazy\" decoding=\"async\" width=\"1024\" height=\"953\" data-id=\"60476\" src=\"https:\/\/elmetropolitano.com.gt\/es\/wp-content\/uploads\/2023\/01\/FnuKZtGXwAAWjwd-1024x953.jpg\" alt=\"\" class=\"wp-image-60476\" srcset=\"https:\/\/elmetropolitano.com.gt\/es\/wp-content\/uploads\/2023\/01\/FnuKZtGXwAAWjwd-1024x953.jpg 1024w, https:\/\/elmetropolitano.com.gt\/es\/wp-content\/uploads\/2023\/01\/FnuKZtGXwAAWjwd-300x279.jpg 300w, https:\/\/elmetropolitano.com.gt\/es\/wp-content\/uploads\/2023\/01\/FnuKZtGXwAAWjwd-768x714.jpg 768w, https:\/\/elmetropolitano.com.gt\/es\/wp-content\/uploads\/2023\/01\/FnuKZtGXwAAWjwd-600x558.jpg 600w, https:\/\/elmetropolitano.com.gt\/es\/wp-content\/uploads\/2023\/01\/FnuKZtGXwAAWjwd.jpg 1191w\" sizes=\"auto, (max-width: 1024px) 100vw, 1024px\" \/><\/figure>\n\n\n\n<figure class=\"wp-block-image size-large\"><img loading=\"lazy\" decoding=\"async\" width=\"1024\" height=\"762\" data-id=\"60474\" src=\"https:\/\/elmetropolitano.com.gt\/es\/wp-content\/uploads\/2023\/01\/FnuS2oAXwAUgPEa-1024x762.jpg\" alt=\"\" class=\"wp-image-60474\" srcset=\"https:\/\/elmetropolitano.com.gt\/es\/wp-content\/uploads\/2023\/01\/FnuS2oAXwAUgPEa-1024x762.jpg 1024w, https:\/\/elmetropolitano.com.gt\/es\/wp-content\/uploads\/2023\/01\/FnuS2oAXwAUgPEa-300x223.jpg 300w, https:\/\/elmetropolitano.com.gt\/es\/wp-content\/uploads\/2023\/01\/FnuS2oAXwAUgPEa-768x571.jpg 768w, https:\/\/elmetropolitano.com.gt\/es\/wp-content\/uploads\/2023\/01\/FnuS2oAXwAUgPEa-600x446.jpg 600w, https:\/\/elmetropolitano.com.gt\/es\/wp-content\/uploads\/2023\/01\/FnuS2oAXwAUgPEa.jpg 1230w\" sizes=\"auto, (max-width: 1024px) 100vw, 1024px\" \/><\/figure>\n\n\n\n<figure class=\"wp-block-image size-large\"><img loading=\"lazy\" decoding=\"async\" width=\"1024\" height=\"401\" data-id=\"60478\" src=\"https:\/\/elmetropolitano.com.gt\/es\/wp-content\/uploads\/2023\/01\/FnuS5fqXEAI3PXN-1024x401.jpg\" alt=\"\" class=\"wp-image-60478\" srcset=\"https:\/\/elmetropolitano.com.gt\/es\/wp-content\/uploads\/2023\/01\/FnuS5fqXEAI3PXN-1024x401.jpg 1024w, https:\/\/elmetropolitano.com.gt\/es\/wp-content\/uploads\/2023\/01\/FnuS5fqXEAI3PXN-300x117.jpg 300w, https:\/\/elmetropolitano.com.gt\/es\/wp-content\/uploads\/2023\/01\/FnuS5fqXEAI3PXN-768x301.jpg 768w, https:\/\/elmetropolitano.com.gt\/es\/wp-content\/uploads\/2023\/01\/FnuS5fqXEAI3PXN-1536x602.jpg 1536w, https:\/\/elmetropolitano.com.gt\/es\/wp-content\/uploads\/2023\/01\/FnuS5fqXEAI3PXN-600x235.jpg 600w, https:\/\/elmetropolitano.com.gt\/es\/wp-content\/uploads\/2023\/01\/FnuS5fqXEAI3PXN.jpg 2048w\" sizes=\"auto, (max-width: 1024px) 100vw, 1024px\" \/><\/figure>\n\n\n\n<figure class=\"wp-block-image size-large\"><img loading=\"lazy\" decoding=\"async\" width=\"1024\" height=\"684\" data-id=\"60477\" src=\"https:\/\/elmetropolitano.com.gt\/es\/wp-content\/uploads\/2023\/01\/FnuS85sWQAA3_I2-1024x684.jpg\" alt=\"\" class=\"wp-image-60477\" srcset=\"https:\/\/elmetropolitano.com.gt\/es\/wp-content\/uploads\/2023\/01\/FnuS85sWQAA3_I2-1024x684.jpg 1024w, https:\/\/elmetropolitano.com.gt\/es\/wp-content\/uploads\/2023\/01\/FnuS85sWQAA3_I2-300x200.jpg 300w, https:\/\/elmetropolitano.com.gt\/es\/wp-content\/uploads\/2023\/01\/FnuS85sWQAA3_I2-768x513.jpg 768w, https:\/\/elmetropolitano.com.gt\/es\/wp-content\/uploads\/2023\/01\/FnuS85sWQAA3_I2-1536x1025.jpg 1536w, https:\/\/elmetropolitano.com.gt\/es\/wp-content\/uploads\/2023\/01\/FnuS85sWQAA3_I2-600x401.jpg 600w, https:\/\/elmetropolitano.com.gt\/es\/wp-content\/uploads\/2023\/01\/FnuS85sWQAA3_I2.jpg 1600w\" sizes=\"auto, (max-width: 1024px) 100vw, 1024px\" \/><\/figure>\n<\/figure>\n","protected":false},"excerpt":{"rendered":"<p>Jos\u00e9 Miguel Gonz\u00e1lez Bartol\u00f3n, de 35 a\u00f1os; Francilia Chilel Chilel, 25; Lucia Hilda Bartol\u00f3n Gonz\u00e1lez, 20; Carla Gonz\u00e1lez Bartol\u00f3n, 12; Eliza Gonz\u00e1lez Chilel, 10; Franc Gonz\u00e1lez Chilel, 7 y Jos\u00e9 Gonz\u00e1lez Chilel, 2, los fallecidos en el incendio ocurrido esta madrugada. &nbsp;&nbsp;&nbsp;&nbsp;&nbsp;&nbsp;&nbsp;&nbsp;&nbsp;&nbsp;&nbsp; Drama, dolor, muerte y frustraci\u00f3n por parte de vecinos quienes fueron despertados en <a class=\"read-more\" href=\"https:\/\/elmetropolitano.com.gt\/es\/incendio-acaba-con-la-vida-de-una-familia-en-sibinal-san-marcos\/\">Leer m\u00e1s<\/a><\/p>\n","protected":false},"author":1,"featured_media":60473,"comment_status":"open","ping_status":"closed","sticky":false,"template":"","format":"standard","meta":{"footnotes":""},"categories":[4],"tags":[13],"class_list":["post-60472","post","type-post","status-publish","format-standard","has-post-thumbnail","hentry","category-departamentales","tag-departamentales"],"_links":{"self":[{"href":"https:\/\/elmetropolitano.com.gt\/es\/wp-json\/wp\/v2\/posts\/60472","targetHints":{"allow":["GET"]}}],"collection":[{"href":"https:\/\/elmetropolitano.com.gt\/es\/wp-json\/wp\/v2\/posts"}],"about":[{"href":"https:\/\/elmetropolitano.com.gt\/es\/wp-json\/wp\/v2\/types\/post"}],"author":[{"embeddable":true,"href":"https:\/\/elmetropolitano.com.gt\/es\/wp-json\/wp\/v2\/users\/1"}],"replies":[{"embeddable":true,"href":"https:\/\/elmetropolitano.com.gt\/es\/wp-json\/wp\/v2\/comments?post=60472"}],"version-history":[{"count":1,"href":"https:\/\/elmetropolitano.com.gt\/es\/wp-json\/wp\/v2\/posts\/60472\/revisions"}],"predecessor-version":[{"id":60479,"href":"https:\/\/elmetropolitano.com.gt\/es\/wp-json\/wp\/v2\/posts\/60472\/revisions\/60479"}],"wp:featuredmedia":[{"embeddable":true,"href":"https:\/\/elmetropolitano.com.gt\/es\/wp-json\/wp\/v2\/media\/60473"}],"wp:attachment":[{"href":"https:\/\/elmetropolitano.com.gt\/es\/wp-json\/wp\/v2\/media?parent=60472"}],"wp:term":[{"taxonomy":"category","embeddable":true,"href":"https:\/\/elmetropolitano.com.gt\/es\/wp-json\/wp\/v2\/categories?post=60472"},{"taxonomy":"post_tag","embeddable":true,"href":"https:\/\/elmetropolitano.com.gt\/es\/wp-json\/wp\/v2\/tags?post=60472"}],"curies":[{"name":"wp","href":"https:\/\/api.w.org\/{rel}","templated":true}]}}