{"id":60490,"date":"2023-01-30T14:59:01","date_gmt":"2023-01-30T20:59:01","guid":{"rendered":"https:\/\/elmetropolitano.com.gt\/es\/?p=60490"},"modified":"2023-01-30T14:59:03","modified_gmt":"2023-01-30T20:59:03","slug":"real-madrid-y-barcelona-tendran-un-calendario-de-infarto","status":"publish","type":"post","link":"https:\/\/elmetropolitano.com.gt\/es\/real-madrid-y-barcelona-tendran-un-calendario-de-infarto\/","title":{"rendered":"Real Madrid y Barcelona tendr\u00e1n un calendario de infarto"},"content":{"rendered":"\n<p>El destino ha querido que el Barcelona y el Real Madrid se vuelvan a ver las caras en la presente temporada. Luego de un apasionante sorteo se descubri\u00f3 que Cul\u00e9s y Merengues medir\u00e1n fuerzas en semifinales de la Copa del Rey.<\/p>\n\n\n\n<p>El <a><\/a>teatro de la Castellana ser\u00e1 testigo de los primeros 90 minutos de este apasionante duelo. La fecha prevista para que el partido se dispute es el 1 de marzo a falta de confirmase por el apretado calendario de ambas instituciones.<\/p><div class=\"elmet-contenido\" id=\"elmet-3282737271\"><div class=\"elmet-adlabel\">Anuncios<\/div><div style=\"margin-top: 20px;margin-right: 20px;margin-bottom: 20px;margin-left: 20px;\" id=\"elmet-1155630162\"><a href=\"https:\/\/www.facebook.com\/arrincuanantigua\/\" aria-label=\"cintillo-arrin-cual\"><img loading=\"lazy\" decoding=\"async\" src=\"https:\/\/elmetropolitano.com.gt\/es\/wp-content\/uploads\/2021\/11\/cintillo-arrin-cual-1.jpg\" alt=\"\"  srcset=\"https:\/\/elmetropolitano.com.gt\/es\/wp-content\/uploads\/2021\/11\/cintillo-arrin-cual-1.jpg 750w, https:\/\/elmetropolitano.com.gt\/es\/wp-content\/uploads\/2021\/11\/cintillo-arrin-cual-1-300x36.jpg 300w, https:\/\/elmetropolitano.com.gt\/es\/wp-content\/uploads\/2021\/11\/cintillo-arrin-cual-1-600x72.jpg 600w\" sizes=\"(max-width: 750px) 100vw, 750px\" width=\"750\" height=\"90\"   \/><\/a><\/div><\/div>\n\n\n\n<p>La vuelta se prev\u00e9 que se juegue en el Camp Nou el 5 de abril, a causa de tan apretado calendario de ambas instituciones. Algo que podr\u00eda llegar a cambiar si quedan eliminados de las competiciones europeas.<\/p>\n\n\n\n<p>Un cl\u00e1sico de historia<\/p>\n\n\n\n<p>La primera vez que catalanes y madridistas se vieron las caras en Copa fue en la temporada 1915-1916. En aquella ocasi\u00f3n, tras 4 partidos, dos de ellos de desempate, finalmente el Madrid se llev\u00f3 la victoria.<\/p>\n\n\n\n<p>La \u00faltima vez que los dos clubes m\u00e1s grandes del mundo se vieron las caras en Copa fue en la temporada 2018-2019.<\/p>\n\n\n\n<p>En aquella oportunidad la eliminatoria se decant\u00f3 a favor de los catalanes; adem\u00e1s, se han tenido 20 cl\u00e1sicos en Copa, con 10 victorias para cada equipo.<\/p>\n\n\n\n<p>En la presente temporada estos dos ya se vieron las caras en 3 oportunidades, teniendo un balance positivo para el Barcelona con sus triunfos en el amistoso de pretemporada y la final de Supercopa.<\/p>\n\n\n\n<p>Mientras que el primer partido de la Liga se lo llev\u00f3 el<\/p>\n\n\n\n<p>Real Madrid en el Santiago Bernab\u00e9u por un c\u00f3modo 3-1.<\/p>\n\n\n\n<p>La otra semifinal ser\u00e1 entre el Osasuna y el Athletic Club de Bilbao, un duelo donde parecer\u00eda que los leones podr\u00e1n conseguir su boleto sin ning\u00fan problema.<\/p>\n\n\n\n<p>Tres cl\u00e1sicos m\u00e1s<\/p>\n\n\n\n<p>Es de esta manera que podremos disfrutar de tres cl\u00e1sicos m\u00e1s en la recta final de temporada, ya que el 19 de marzo se tiene el cl\u00e1sico liguero en el Camp Nou.<\/p>\n\n\n\n<p>texto: Josue David Acevedo Rivas<\/p>\n\n\n\n<p><a href=\"https:\/\/www.facebook.com\/hashtag\/metroredes?__eep__=6&amp;__cft__[0]=AZWmFAp9MtOnVx_Z6SHg5QL5lMv19YQGnuLQ-otenWBRvUZeDsEfHjQhhWCT3Y5Fkf-R2y8UAzAINql18gBv-ovNlKahgg1Q3fyWuZC7aVdp76XO8NW2di54PN3uaqFSY_dJu9Ql5fqCbMcv_hT7bK2BwWoFMrCMpYqiGL3RvGKjGDNoM2GnuzntKykNZGGo8fU&amp;__tn__=*NK-R\">#metroredes<\/a><a href=\"https:\/\/www.facebook.com\/hashtag\/futbol?__eep__=6&amp;__cft__[0]=AZWmFAp9MtOnVx_Z6SHg5QL5lMv19YQGnuLQ-otenWBRvUZeDsEfHjQhhWCT3Y5Fkf-R2y8UAzAINql18gBv-ovNlKahgg1Q3fyWuZC7aVdp76XO8NW2di54PN3uaqFSY_dJu9Ql5fqCbMcv_hT7bK2BwWoFMrCMpYqiGL3RvGKjGDNoM2GnuzntKykNZGGo8fU&amp;__tn__=*NK-R\">#futbol<\/a><a href=\"https:\/\/www.facebook.com\/hashtag\/agn?__eep__=6&amp;__cft__[0]=AZWmFAp9MtOnVx_Z6SHg5QL5lMv19YQGnuLQ-otenWBRvUZeDsEfHjQhhWCT3Y5Fkf-R2y8UAzAINql18gBv-ovNlKahgg1Q3fyWuZC7aVdp76XO8NW2di54PN3uaqFSY_dJu9Ql5fqCbMcv_hT7bK2BwWoFMrCMpYqiGL3RvGKjGDNoM2GnuzntKykNZGGo8fU&amp;__tn__=*NK-R\">#agn<\/a><\/p>\n\n\n\n<figure class=\"wp-block-gallery has-nested-images columns-default is-cropped wp-block-gallery-1 is-layout-flex wp-block-gallery-is-layout-flex\">\n<figure class=\"wp-block-image size-large\"><img loading=\"lazy\" decoding=\"async\" width=\"819\" height=\"1024\" data-id=\"60493\" src=\"https:\/\/elmetropolitano.com.gt\/es\/wp-content\/uploads\/2023\/01\/322717596_2431918390291965_1063263317473194634_n-819x1024.jpg\" alt=\"\" class=\"wp-image-60493\" srcset=\"https:\/\/elmetropolitano.com.gt\/es\/wp-content\/uploads\/2023\/01\/322717596_2431918390291965_1063263317473194634_n-819x1024.jpg 819w, https:\/\/elmetropolitano.com.gt\/es\/wp-content\/uploads\/2023\/01\/322717596_2431918390291965_1063263317473194634_n-240x300.jpg 240w, https:\/\/elmetropolitano.com.gt\/es\/wp-content\/uploads\/2023\/01\/322717596_2431918390291965_1063263317473194634_n-768x960.jpg 768w, https:\/\/elmetropolitano.com.gt\/es\/wp-content\/uploads\/2023\/01\/322717596_2431918390291965_1063263317473194634_n-600x750.jpg 600w, https:\/\/elmetropolitano.com.gt\/es\/wp-content\/uploads\/2023\/01\/322717596_2431918390291965_1063263317473194634_n.jpg 1080w\" sizes=\"auto, (max-width: 819px) 100vw, 819px\" \/><\/figure>\n\n\n\n<figure class=\"wp-block-image size-large\"><img loading=\"lazy\" decoding=\"async\" width=\"1024\" height=\"576\" data-id=\"60492\" src=\"https:\/\/elmetropolitano.com.gt\/es\/wp-content\/uploads\/2023\/01\/327051208_579846783628759_875885344295342031_n-1024x576.jpg\" alt=\"\" class=\"wp-image-60492\" srcset=\"https:\/\/elmetropolitano.com.gt\/es\/wp-content\/uploads\/2023\/01\/327051208_579846783628759_875885344295342031_n-1024x576.jpg 1024w, https:\/\/elmetropolitano.com.gt\/es\/wp-content\/uploads\/2023\/01\/327051208_579846783628759_875885344295342031_n-300x169.jpg 300w, https:\/\/elmetropolitano.com.gt\/es\/wp-content\/uploads\/2023\/01\/327051208_579846783628759_875885344295342031_n-768x432.jpg 768w, https:\/\/elmetropolitano.com.gt\/es\/wp-content\/uploads\/2023\/01\/327051208_579846783628759_875885344295342031_n-1536x864.jpg 1536w, https:\/\/elmetropolitano.com.gt\/es\/wp-content\/uploads\/2023\/01\/327051208_579846783628759_875885344295342031_n-600x338.jpg 600w, https:\/\/elmetropolitano.com.gt\/es\/wp-content\/uploads\/2023\/01\/327051208_579846783628759_875885344295342031_n.jpg 2048w\" sizes=\"auto, (max-width: 1024px) 100vw, 1024px\" \/><\/figure>\n<\/figure>\n","protected":false},"excerpt":{"rendered":"<p>El destino ha querido que el Barcelona y el Real Madrid se vuelvan a ver las caras en la presente temporada. Luego de un apasionante sorteo se descubri\u00f3 que Cul\u00e9s y Merengues medir\u00e1n fuerzas en semifinales de la Copa del Rey. El teatro de la Castellana ser\u00e1 testigo de los primeros 90 minutos de este <a class=\"read-more\" href=\"https:\/\/elmetropolitano.com.gt\/es\/real-madrid-y-barcelona-tendran-un-calendario-de-infarto\/\">Leer m\u00e1s<\/a><\/p>\n","protected":false},"author":1,"featured_media":60491,"comment_status":"open","ping_status":"closed","sticky":false,"template":"","format":"standard","meta":{"footnotes":""},"categories":[43],"tags":[44],"class_list":["post-60490","post","type-post","status-publish","format-standard","has-post-thumbnail","hentry","category-deportes","tag-deportes"],"_links":{"self":[{"href":"https:\/\/elmetropolitano.com.gt\/es\/wp-json\/wp\/v2\/posts\/60490","targetHints":{"allow":["GET"]}}],"collection":[{"href":"https:\/\/elmetropolitano.com.gt\/es\/wp-json\/wp\/v2\/posts"}],"about":[{"href":"https:\/\/elmetropolitano.com.gt\/es\/wp-json\/wp\/v2\/types\/post"}],"author":[{"embeddable":true,"href":"https:\/\/elmetropolitano.com.gt\/es\/wp-json\/wp\/v2\/users\/1"}],"replies":[{"embeddable":true,"href":"https:\/\/elmetropolitano.com.gt\/es\/wp-json\/wp\/v2\/comments?post=60490"}],"version-history":[{"count":1,"href":"https:\/\/elmetropolitano.com.gt\/es\/wp-json\/wp\/v2\/posts\/60490\/revisions"}],"predecessor-version":[{"id":60494,"href":"https:\/\/elmetropolitano.com.gt\/es\/wp-json\/wp\/v2\/posts\/60490\/revisions\/60494"}],"wp:featuredmedia":[{"embeddable":true,"href":"https:\/\/elmetropolitano.com.gt\/es\/wp-json\/wp\/v2\/media\/60491"}],"wp:attachment":[{"href":"https:\/\/elmetropolitano.com.gt\/es\/wp-json\/wp\/v2\/media?parent=60490"}],"wp:term":[{"taxonomy":"category","embeddable":true,"href":"https:\/\/elmetropolitano.com.gt\/es\/wp-json\/wp\/v2\/categories?post=60490"},{"taxonomy":"post_tag","embeddable":true,"href":"https:\/\/elmetropolitano.com.gt\/es\/wp-json\/wp\/v2\/tags?post=60490"}],"curies":[{"name":"wp","href":"https:\/\/api.w.org\/{rel}","templated":true}]}}