{"id":60495,"date":"2023-01-30T18:33:38","date_gmt":"2023-01-31T00:33:38","guid":{"rendered":"https:\/\/elmetropolitano.com.gt\/es\/?p=60495"},"modified":"2023-01-30T18:33:39","modified_gmt":"2023-01-31T00:33:39","slug":"sierra-del-lacandon-albergue-de-riqueza-cultural-y-biodiversidad","status":"publish","type":"post","link":"https:\/\/elmetropolitano.com.gt\/es\/sierra-del-lacandon-albergue-de-riqueza-cultural-y-biodiversidad\/","title":{"rendered":"Sierra del Lacand\u00f3n: Albergue de riqueza cultural y biodiversidad"},"content":{"rendered":"\n<p>Hoy se conmemoran los 33 a\u00f1os de creaci\u00f3n del parque nacional Sierra del Lacand\u00f3n, ubicado en el noroeste del municipio de La Libertad, Pet\u00e9n.<\/p>\n\n\n\n<p>En <a><\/a>ese sentido, el Consejo Nacional de \u00c1reas Protegidas (Conap) record\u00f3 la importancia de conservar este tipo de espacios que son una muestra representativa de los ecosistemas, cultura y diversidad gen\u00e9tica de especies de flora y fauna silvestre.<\/p><div class=\"elmet-contenido\" id=\"elmet-513987750\"><div class=\"elmet-adlabel\">Anuncios<\/div><div style=\"margin-top: 20px;margin-right: 20px;margin-bottom: 20px;margin-left: 20px;\" id=\"elmet-1134551758\"><a href=\"https:\/\/www.facebook.com\/arrincuanantigua\/\" aria-label=\"cintillo-arrin-cual\"><img loading=\"lazy\" decoding=\"async\" src=\"https:\/\/elmetropolitano.com.gt\/es\/wp-content\/uploads\/2021\/11\/cintillo-arrin-cual-1.jpg\" alt=\"\"  srcset=\"https:\/\/elmetropolitano.com.gt\/es\/wp-content\/uploads\/2021\/11\/cintillo-arrin-cual-1.jpg 750w, https:\/\/elmetropolitano.com.gt\/es\/wp-content\/uploads\/2021\/11\/cintillo-arrin-cual-1-300x36.jpg 300w, https:\/\/elmetropolitano.com.gt\/es\/wp-content\/uploads\/2021\/11\/cintillo-arrin-cual-1-600x72.jpg 600w\" sizes=\"(max-width: 750px) 100vw, 750px\" width=\"750\" height=\"90\"   \/><\/a><\/div><\/div>\n\n\n\n<p>Este parque, zona n\u00facleo de la reserva de la Biosfera Maya, resguarda tesoros importantes para el patrimonio cultural de la naci\u00f3n. De acuerdo con el Conap, esta \u00e1rea cumple con la funci\u00f3n de proteger otros espacios como bancos de germoplasma, corredores para la conectividad con \u00e1reas silvestres de la regi\u00f3n y resguardar mantos acu\u00edferos que proveen el l\u00edquido a las comunidades de los alrededores.<\/p>\n\n\n\n<p>Albergue de diversidad biol\u00f3gica<\/p>\n\n\n\n<p>Este parque fue creado en 1990 y es considerado como el segundo m\u00e1s grande de Guatemala. Se ubica dentro de la cuenca del r\u00edo Usumacinta y cuenta con una extensi\u00f3n territorial de al menos 202 mil 865 hect\u00e1reas.<\/p>\n\n\n\n<p>Seg\u00fan los registros del Conap, en el parque habitan especies como el jaguar, el pecar\u00ed de labios blancos, el puma y la guacamaya roja.<\/p>\n\n\n\n<p>Por tal motivo, investigadores han utilizado esta \u00e1rea como uno de los principales referentes para el estudio de especies.<\/p>\n\n\n\n<p>Entre las maravillas de este parque est\u00e1n las vistas y paisajes \u00fanicos como cenotes, cuevas, lagunas, lagunetas y sitios arqueol\u00f3gicos, entre otros. De los principales atractivos se resalta la ciudad en ruinas de Piedras Negras.<\/p>\n\n\n\n<p>M\u00e1s de 20 mil personas viven alrededor de este parque, que se han comprometido en proteger y conservar los recursos naturales que en este se resguardan.<\/p>\n\n\n\n<p>Acciones para la conservaci\u00f3n<\/p>\n\n\n\n<p>Debido a las amenazas como incendios forestales, saqueos, crecimiento no controlado de la vegetaci\u00f3n y visita tur\u00edstica no regulada, entre otros, se han creado planes para preservar este parque.<\/p>\n\n\n\n<p>Entre las alternativas para la protecci\u00f3n est\u00e1 estabilizar la permanencia de la poblaci\u00f3n que utiliza los recursos de la zona, a trav\u00e9s de acuerdos de cooperaci\u00f3n.<\/p>\n\n\n\n<p>Asimismo, se promueve el establecimiento de unidades de manejo comunitario, con lo que se promueve el uso sostenible de los recursos naturales.<\/p>\n\n\n\n<p>Todos estos van de la mano con proyectos tur\u00edsticos y que promueve la educaci\u00f3n ambiental, igualmente, el control, protecci\u00f3n y vigilancia del espacio.<\/p>\n\n\n\n<p>Texto:Yuliza Mu\u00f1oz<\/p>\n\n\n\n<p><a href=\"https:\/\/www.facebook.com\/hashtag\/metroredes?__eep__=6&amp;__cft__[0]=AZUw5g6ScPz8jxH35Aw7nlJbo3BKDAc6afj_XEh9EHKpkQBAeCnHbBGMXzswyGZ3rAHmWe5AV9g11kffV6c4XTP5BNwMXTp63sBrOHAQC4rX1sg9Pc-uH8ildNSlUo2ACNfsAaImVr_cO-cU8ZwNlOKw_oRmcGmrjTDfD-HxXQ4AQA&amp;__tn__=*NK-R\">#metroredes<\/a><a href=\"https:\/\/www.facebook.com\/hashtag\/sierralacandon?__eep__=6&amp;__cft__[0]=AZUw5g6ScPz8jxH35Aw7nlJbo3BKDAc6afj_XEh9EHKpkQBAeCnHbBGMXzswyGZ3rAHmWe5AV9g11kffV6c4XTP5BNwMXTp63sBrOHAQC4rX1sg9Pc-uH8ildNSlUo2ACNfsAaImVr_cO-cU8ZwNlOKw_oRmcGmrjTDfD-HxXQ4AQA&amp;__tn__=*NK-R\">#sierralacandon<\/a><a href=\"https:\/\/www.facebook.com\/hashtag\/elmetropolitano?__eep__=6&amp;__cft__[0]=AZUw5g6ScPz8jxH35Aw7nlJbo3BKDAc6afj_XEh9EHKpkQBAeCnHbBGMXzswyGZ3rAHmWe5AV9g11kffV6c4XTP5BNwMXTp63sBrOHAQC4rX1sg9Pc-uH8ildNSlUo2ACNfsAaImVr_cO-cU8ZwNlOKw_oRmcGmrjTDfD-HxXQ4AQA&amp;__tn__=*NK-R\">#Elmetropolitano<\/a><a href=\"https:\/\/www.facebook.com\/hashtag\/peten?__eep__=6&amp;__cft__[0]=AZUw5g6ScPz8jxH35Aw7nlJbo3BKDAc6afj_XEh9EHKpkQBAeCnHbBGMXzswyGZ3rAHmWe5AV9g11kffV6c4XTP5BNwMXTp63sBrOHAQC4rX1sg9Pc-uH8ildNSlUo2ACNfsAaImVr_cO-cU8ZwNlOKw_oRmcGmrjTDfD-HxXQ4AQA&amp;__tn__=*NK-R\">#peten<\/a><\/p>\n\n\n\n<p><\/p>\n","protected":false},"excerpt":{"rendered":"<p>Hoy se conmemoran los 33 a\u00f1os de creaci\u00f3n del parque nacional Sierra del Lacand\u00f3n, ubicado en el noroeste del municipio de La Libertad, Pet\u00e9n. En ese sentido, el Consejo Nacional de \u00c1reas Protegidas (Conap) record\u00f3 la importancia de conservar este tipo de espacios que son una muestra representativa de los ecosistemas, cultura y diversidad gen\u00e9tica <a class=\"read-more\" href=\"https:\/\/elmetropolitano.com.gt\/es\/sierra-del-lacandon-albergue-de-riqueza-cultural-y-biodiversidad\/\">Leer m\u00e1s<\/a><\/p>\n","protected":false},"author":1,"featured_media":60496,"comment_status":"open","ping_status":"closed","sticky":false,"template":"","format":"standard","meta":{"footnotes":""},"categories":[4],"tags":[13],"class_list":["post-60495","post","type-post","status-publish","format-standard","has-post-thumbnail","hentry","category-departamentales","tag-departamentales"],"_links":{"self":[{"href":"https:\/\/elmetropolitano.com.gt\/es\/wp-json\/wp\/v2\/posts\/60495","targetHints":{"allow":["GET"]}}],"collection":[{"href":"https:\/\/elmetropolitano.com.gt\/es\/wp-json\/wp\/v2\/posts"}],"about":[{"href":"https:\/\/elmetropolitano.com.gt\/es\/wp-json\/wp\/v2\/types\/post"}],"author":[{"embeddable":true,"href":"https:\/\/elmetropolitano.com.gt\/es\/wp-json\/wp\/v2\/users\/1"}],"replies":[{"embeddable":true,"href":"https:\/\/elmetropolitano.com.gt\/es\/wp-json\/wp\/v2\/comments?post=60495"}],"version-history":[{"count":1,"href":"https:\/\/elmetropolitano.com.gt\/es\/wp-json\/wp\/v2\/posts\/60495\/revisions"}],"predecessor-version":[{"id":60497,"href":"https:\/\/elmetropolitano.com.gt\/es\/wp-json\/wp\/v2\/posts\/60495\/revisions\/60497"}],"wp:featuredmedia":[{"embeddable":true,"href":"https:\/\/elmetropolitano.com.gt\/es\/wp-json\/wp\/v2\/media\/60496"}],"wp:attachment":[{"href":"https:\/\/elmetropolitano.com.gt\/es\/wp-json\/wp\/v2\/media?parent=60495"}],"wp:term":[{"taxonomy":"category","embeddable":true,"href":"https:\/\/elmetropolitano.com.gt\/es\/wp-json\/wp\/v2\/categories?post=60495"},{"taxonomy":"post_tag","embeddable":true,"href":"https:\/\/elmetropolitano.com.gt\/es\/wp-json\/wp\/v2\/tags?post=60495"}],"curies":[{"name":"wp","href":"https:\/\/api.w.org\/{rel}","templated":true}]}}