{"id":60498,"date":"2023-01-30T18:35:09","date_gmt":"2023-01-31T00:35:09","guid":{"rendered":"https:\/\/elmetropolitano.com.gt\/es\/?p=60498"},"modified":"2023-01-30T18:35:10","modified_gmt":"2023-01-31T00:35:10","slug":"calendario-de-guatemala-en-campeonato-centroamericano-de-beisbol","status":"publish","type":"post","link":"https:\/\/elmetropolitano.com.gt\/es\/calendario-de-guatemala-en-campeonato-centroamericano-de-beisbol\/","title":{"rendered":"Calendario de Guatemala en Campeonato Centroamericano de Beisbol"},"content":{"rendered":"\n<p>La Federaci\u00f3n Nicarag\u00fcense de Beisbol Asociada (Feniba) hizo oficial el calendario del Torneo Centroamericano de Beisbol.<\/p>\n\n\n\n<p>El <a><\/a>certamen se estar\u00e1 disputando en suelo nicarag\u00fcense, en donde los combinados nacionales buscar\u00e1n colocar el nombre de su pa\u00eds en los m\u00e1s alto del podio.<\/p><div class=\"elmet-contenido\" id=\"elmet-1749664593\"><div class=\"elmet-adlabel\">Anuncios<\/div><div style=\"margin-top: 20px;margin-right: 20px;margin-bottom: 20px;margin-left: 20px;\" id=\"elmet-1125289308\"><a href=\"https:\/\/www.facebook.com\/arrincuanantigua\/\" aria-label=\"cintillo-arrin-cual\"><img loading=\"lazy\" decoding=\"async\" src=\"https:\/\/elmetropolitano.com.gt\/es\/wp-content\/uploads\/2021\/11\/cintillo-arrin-cual-1.jpg\" alt=\"\"  srcset=\"https:\/\/elmetropolitano.com.gt\/es\/wp-content\/uploads\/2021\/11\/cintillo-arrin-cual-1.jpg 750w, https:\/\/elmetropolitano.com.gt\/es\/wp-content\/uploads\/2021\/11\/cintillo-arrin-cual-1-300x36.jpg 300w, https:\/\/elmetropolitano.com.gt\/es\/wp-content\/uploads\/2021\/11\/cintillo-arrin-cual-1-600x72.jpg 600w\" sizes=\"(max-width: 750px) 100vw, 750px\" width=\"750\" height=\"90\"   \/><\/a><\/div><\/div>\n\n\n\n<p>La selecci\u00f3n que quede como campeona, obtendr\u00e1 su boleto para los pr\u00f3ximos Juegos Centroamericanos y del Caribe San Salvador 2023.<\/p>\n\n\n\n<p>El torneo contar\u00e1 con la participaci\u00f3n de los siguientes pa\u00edses:<\/p>\n\n\n\n<p>Guatemala<\/p>\n\n\n\n<p>Costa Rica<\/p>\n\n\n\n<p>Panam\u00e1<\/p>\n\n\n\n<p>Nicaragua<\/p>\n\n\n\n<p>Honduras<\/p>\n\n\n\n<p>El Salvador<\/p>\n\n\n\n<p>Sedes<\/p>\n\n\n\n<p>Este certamen contar\u00e1 con dos sedes ubicadas en Managua, Nicaragua: el Estadio Nacional Soberan\u00eda (Dennis Mart\u00ednez) y el antiguo estadio nacional Stanley Cayasso<\/p>\n\n\n\n<p>Comienzo de las acciones<\/p>\n\n\n\n<p>Las bolas ver\u00e1n acci\u00f3n por primera vez del lunes 6 al domingo 12 de febrero en la capital nicarag\u00fcense.<\/p>\n\n\n\n<p>El sistema de competici\u00f3n ser\u00e1 un todos contra todos a un \u00fanico partido; luego, los cuatro primeros avanzar\u00e1n a la siguiente fase, donde el primero enfrentar\u00e1 al cuarto, y el segundo al tercero.<\/p>\n\n\n\n<p>Del lunes 6 al viernes 10 se jugar\u00e1 la fase de grupos, donde los mejores cuatro enlistados acceder\u00e1n a las semifinales el s\u00e1bado 11.<\/p>\n\n\n\n<p>La gran final y partido por el tercer lugar se disputar\u00e1n el domingo 12 de febrero en el estadio Soberan\u00eda.<\/p>\n\n\n\n<p>Calendario de Guatemala<\/p>\n\n\n\n<p>La azul y blanco buscar\u00e1 ingresar a los cuatro primeros lugares enfrentando a las siguientes selecciones:<\/p>\n\n\n\n<p>Lunes 6, 14:00 \u2013 estadio Stanley Cayasso vs El Salvador<\/p>\n\n\n\n<p>Martes 7, 11:00 \u2013 estadio Soberan\u00eda vs Costa Rica<\/p>\n\n\n\n<p>Mi\u00e9rcoles 8, 11:00 \u2013 estadio Soberan\u00eda vs Honduras<\/p>\n\n\n\n<p>Jueves 9, 14:00 \u2013 estadio Stanley Cayasso vs Panam\u00e1<\/p>\n\n\n\n<p>Viernes 10, 18:30 \u2013 estadio Soberan\u00eda vs Nicaragua<\/p>\n\n\n\n<p>En los Centroamericanos y del Caribe<\/p>\n\n\n\n<p>De las 23 ediciones que se han disputado, de momento ning\u00fan pa\u00eds se ha podido adjudicar la medalla de oro. Hasta la fecha, Nicaragua y Panam\u00e1 han dado los mejores resultados.<\/p>\n\n\n\n<p>Nicaragua: 4 platas y 3 bronces<\/p>\n\n\n\n<p>Panam\u00e1: 3 platas y 4 bronces<\/p>\n\n\n\n<p>#metroredes<\/p>\n\n\n\n<p><\/p>\n","protected":false},"excerpt":{"rendered":"<p>La Federaci\u00f3n Nicarag\u00fcense de Beisbol Asociada (Feniba) hizo oficial el calendario del Torneo Centroamericano de Beisbol. El certamen se estar\u00e1 disputando en suelo nicarag\u00fcense, en donde los combinados nacionales buscar\u00e1n colocar el nombre de su pa\u00eds en los m\u00e1s alto del podio. La selecci\u00f3n que quede como campeona, obtendr\u00e1 su boleto para los pr\u00f3ximos Juegos <a class=\"read-more\" href=\"https:\/\/elmetropolitano.com.gt\/es\/calendario-de-guatemala-en-campeonato-centroamericano-de-beisbol\/\">Leer m\u00e1s<\/a><\/p>\n","protected":false},"author":1,"featured_media":60499,"comment_status":"open","ping_status":"closed","sticky":false,"template":"","format":"standard","meta":{"footnotes":""},"categories":[43],"tags":[44],"class_list":["post-60498","post","type-post","status-publish","format-standard","has-post-thumbnail","hentry","category-deportes","tag-deportes"],"_links":{"self":[{"href":"https:\/\/elmetropolitano.com.gt\/es\/wp-json\/wp\/v2\/posts\/60498","targetHints":{"allow":["GET"]}}],"collection":[{"href":"https:\/\/elmetropolitano.com.gt\/es\/wp-json\/wp\/v2\/posts"}],"about":[{"href":"https:\/\/elmetropolitano.com.gt\/es\/wp-json\/wp\/v2\/types\/post"}],"author":[{"embeddable":true,"href":"https:\/\/elmetropolitano.com.gt\/es\/wp-json\/wp\/v2\/users\/1"}],"replies":[{"embeddable":true,"href":"https:\/\/elmetropolitano.com.gt\/es\/wp-json\/wp\/v2\/comments?post=60498"}],"version-history":[{"count":1,"href":"https:\/\/elmetropolitano.com.gt\/es\/wp-json\/wp\/v2\/posts\/60498\/revisions"}],"predecessor-version":[{"id":60500,"href":"https:\/\/elmetropolitano.com.gt\/es\/wp-json\/wp\/v2\/posts\/60498\/revisions\/60500"}],"wp:featuredmedia":[{"embeddable":true,"href":"https:\/\/elmetropolitano.com.gt\/es\/wp-json\/wp\/v2\/media\/60499"}],"wp:attachment":[{"href":"https:\/\/elmetropolitano.com.gt\/es\/wp-json\/wp\/v2\/media?parent=60498"}],"wp:term":[{"taxonomy":"category","embeddable":true,"href":"https:\/\/elmetropolitano.com.gt\/es\/wp-json\/wp\/v2\/categories?post=60498"},{"taxonomy":"post_tag","embeddable":true,"href":"https:\/\/elmetropolitano.com.gt\/es\/wp-json\/wp\/v2\/tags?post=60498"}],"curies":[{"name":"wp","href":"https:\/\/api.w.org\/{rel}","templated":true}]}}