{"id":60568,"date":"2023-02-01T08:53:36","date_gmt":"2023-02-01T14:53:36","guid":{"rendered":"https:\/\/elmetropolitano.com.gt\/es\/?p=60568"},"modified":"2023-02-01T08:53:37","modified_gmt":"2023-02-01T14:53:37","slug":"este-26-de-febrero-se-realizara-la-carrera-familiar-mcdonalds-en-la-ciudad-capital-y-xela","status":"publish","type":"post","link":"https:\/\/elmetropolitano.com.gt\/es\/este-26-de-febrero-se-realizara-la-carrera-familiar-mcdonalds-en-la-ciudad-capital-y-xela\/","title":{"rendered":"Este 26 de Febrero se realizar\u00e1 la Carrera Familiar McDonald\u2019s en la ciudad capital y Xela"},"content":{"rendered":"\n<p>McDonald\u2019s anunci\u00f3 el regreso de su tan esperada Carrera Familiar el pr\u00f3ximo domingo 26 de febrero, invitando a las familias a pasar un momento divertido a trav\u00e9s de un estilo de vida activo y saludable por medio de la pr\u00e1ctica del deporte.<\/p>\n\n\n\n<p>Con el objetivo de que m\u00e1s personas participen y puedan pasarla bien mientras se ejercitan, este a\u00f1o se realizar\u00e1 por octava ocasi\u00f3n en la Ciudad <a><\/a>Capital y por primera vez en el Departamento de Quetzaltenango, as\u00ed como en El Salvador y Honduras, siendo la Carrera Familiar m\u00e1s grande de Centro Am\u00e9rica, ya que promueve que corran m\u00e1s de 5,000 familias.<\/p><div class=\"elmet-contenido\" id=\"elmet-4153234630\"><div class=\"elmet-adlabel\">Anuncios<\/div><div style=\"margin-top: 20px;margin-right: 20px;margin-bottom: 20px;margin-left: 20px;\" id=\"elmet-2044475544\"><a href=\"https:\/\/www.facebook.com\/arrincuanantigua\/\" aria-label=\"cintillo-arrin-cual\"><img loading=\"lazy\" decoding=\"async\" src=\"https:\/\/elmetropolitano.com.gt\/es\/wp-content\/uploads\/2021\/11\/cintillo-arrin-cual-1.jpg\" alt=\"\"  srcset=\"https:\/\/elmetropolitano.com.gt\/es\/wp-content\/uploads\/2021\/11\/cintillo-arrin-cual-1.jpg 750w, https:\/\/elmetropolitano.com.gt\/es\/wp-content\/uploads\/2021\/11\/cintillo-arrin-cual-1-300x36.jpg 300w, https:\/\/elmetropolitano.com.gt\/es\/wp-content\/uploads\/2021\/11\/cintillo-arrin-cual-1-600x72.jpg 600w\" sizes=\"(max-width: 750px) 100vw, 750px\" width=\"750\" height=\"90\"   \/><\/a><\/div><\/div>\n\n\n\n<p>La Carrera Familiar McDonald\u2019s estar\u00e1 llena de muchas sorpresas para las familias y contar\u00e1 con las categor\u00edas de 5K y 10K. En Guatemala se llevar\u00e1 a cabo en Plaza Obelisco, haciendo el recorrido por Avenida Reforma.<\/p>\n\n\n\n<p>En Quetzaltenango se estar\u00e1 realizando de Restaurante McDonald\u2019s La Floresta hacia el Restaurante McDonald\u2019s MontBlanc.<\/p>\n\n\n\n<p>Las actividades de calentamiento y entretenimiento iniciar\u00e1n a las 07:00 a.m., mientras que la Carrera comenzar\u00e1 a las 08:00 a.m.<\/p>\n\n\n\n<p>El cupo total en Guatemala ser\u00e1 de 4 mil participantes, distribuidos 3 mil en la Ciudad Capital y mil en Quetzaltenango.<\/p>\n\n\n\n<p>Las personas pueden inscribirse hasta el 19 de febrero en todos los restaurantes McDonald\u2019s, llamando al tel\u00e9fono 1770 o por medio del APP de McDonald\u2019s Express. El costo de la inscripci\u00f3n es Q.120 para ni\u00f1os o adultos.<\/p>\n\n\n\n<p>A trav\u00e9s de la Carrera Familiar McDonald\u2019s \u201cfamilias ayudar\u00e1n a familias\u201d ya que los fondos ser\u00e1n entregados a Fundaci\u00f3n Infantil Ronald McDonald. Lo recaudado en la Carrera de la Ciudad Capital servir\u00e1 para el mantenimiento de las \u201cCasas Ronald McDonald\u201d y lo de la Carrera de Quetzaltenango para el proyecto \u201cCiudad Rotaria de los Ni\u00f1os\u201d de las Damas Rotarias de Quetzaltenango, que alberga a 4 instituciones que ayudan a ni\u00f1os con discapacidad f\u00edsica y cerebral, sordo-ceguera y tratamiento para ni\u00f1os con c\u00e1ncer.<\/p>\n\n\n\n<p>\u201cEstamos muy felices de realizar nuevamente la Carrera Familiar McDonald\u2019s, ya que fue creada con el objetivo de promover en nuestros clientes un estilo de vida activo y saludable a trav\u00e9s de la pr\u00e1ctica del deporte. Adem\u00e1s nos sentimos muy entusiasmados al ser la Carrera Familiar m\u00e1s grande de Centro Am\u00e9rica, realiz\u00e1ndola en la Ciudad Capital, Quetzaltenango, El Salvador y Honduras\u201d, expres\u00f3 Juan Manuel Rodr\u00edguez, Gerente de Mercadeo de McDonald\u2019s Guatemala.<\/p>\n\n\n\n<p>El kit para los participantes incluye playera, visera, bolsa deportiva, n\u00famero con chip y medalla coleccionable al cruzar la meta. Cada corredor podr\u00e1 recoger su kit en la Expo de la Carrera que se realizar\u00e1 el 24 y 25 de febrero de 9:00 a.m. a 8:00 p.m. en Gran Sal\u00f3n Azaria de Ciudad Cayal\u00e1 y en Quetzaltenango se llevar\u00e1 a cabo en Hotel Latam.<\/p>\n\n\n\n<p>La Carrera Familiar McDonald\u2019s 2023 cuenta con el apoyo de Agua Pura Salvavidas, Banco Industrial, Ciudad Cayal\u00e1, Enel, Ensaladas Express, Powerade y Helios.<\/p>\n\n\n\n<p><a href=\"https:\/\/www.facebook.com\/hashtag\/macdonalds?__eep__=6&amp;__cft__[0]=AZVaWbc2mC6AgnPopkQaJ6ax8ye6qSC1NRauVX15o0KqW6F2b8tn7SoYUEnBSFp-VsbpP-FRdatcvOwBn14EFWZNmMh6I2ThafSHLsHa3Ubk7aHpsP_aOM8amGhopkdl6OdZE0DBpxsIUGd6kvfyuFj-CK1yO5SI2peXM8Qrc7LoEkOHA_WdEn35ZNhPlWyE6FY&amp;__tn__=*NK-R\">#macdonalds<\/a><a href=\"https:\/\/www.facebook.com\/hashtag\/metroredes?__eep__=6&amp;__cft__[0]=AZVaWbc2mC6AgnPopkQaJ6ax8ye6qSC1NRauVX15o0KqW6F2b8tn7SoYUEnBSFp-VsbpP-FRdatcvOwBn14EFWZNmMh6I2ThafSHLsHa3Ubk7aHpsP_aOM8amGhopkdl6OdZE0DBpxsIUGd6kvfyuFj-CK1yO5SI2peXM8Qrc7LoEkOHA_WdEn35ZNhPlWyE6FY&amp;__tn__=*NK-R\">#Metroredes<\/a><\/p>\n\n\n\n<figure class=\"wp-block-gallery has-nested-images columns-default is-cropped wp-block-gallery-1 is-layout-flex wp-block-gallery-is-layout-flex\">\n<figure class=\"wp-block-image size-large\"><img loading=\"lazy\" decoding=\"async\" width=\"1024\" height=\"682\" data-id=\"60570\" src=\"https:\/\/elmetropolitano.com.gt\/es\/wp-content\/uploads\/2023\/02\/326891010_2584414405048828_545324690687097126_n-1024x682.jpg\" alt=\"\" class=\"wp-image-60570\" srcset=\"https:\/\/elmetropolitano.com.gt\/es\/wp-content\/uploads\/2023\/02\/326891010_2584414405048828_545324690687097126_n-1024x682.jpg 1024w, https:\/\/elmetropolitano.com.gt\/es\/wp-content\/uploads\/2023\/02\/326891010_2584414405048828_545324690687097126_n-300x200.jpg 300w, https:\/\/elmetropolitano.com.gt\/es\/wp-content\/uploads\/2023\/02\/326891010_2584414405048828_545324690687097126_n-768x512.jpg 768w, https:\/\/elmetropolitano.com.gt\/es\/wp-content\/uploads\/2023\/02\/326891010_2584414405048828_545324690687097126_n-1536x1023.jpg 1536w, https:\/\/elmetropolitano.com.gt\/es\/wp-content\/uploads\/2023\/02\/326891010_2584414405048828_545324690687097126_n-600x400.jpg 600w, https:\/\/elmetropolitano.com.gt\/es\/wp-content\/uploads\/2023\/02\/326891010_2584414405048828_545324690687097126_n.jpg 2048w\" sizes=\"auto, (max-width: 1024px) 100vw, 1024px\" \/><\/figure>\n\n\n\n<figure class=\"wp-block-image size-large\"><img loading=\"lazy\" decoding=\"async\" width=\"682\" height=\"1024\" data-id=\"60571\" src=\"https:\/\/elmetropolitano.com.gt\/es\/wp-content\/uploads\/2023\/02\/328264978_692735152597262_7410859822976927655_n-682x1024.jpg\" alt=\"\" class=\"wp-image-60571\" srcset=\"https:\/\/elmetropolitano.com.gt\/es\/wp-content\/uploads\/2023\/02\/328264978_692735152597262_7410859822976927655_n-682x1024.jpg 682w, https:\/\/elmetropolitano.com.gt\/es\/wp-content\/uploads\/2023\/02\/328264978_692735152597262_7410859822976927655_n-200x300.jpg 200w, https:\/\/elmetropolitano.com.gt\/es\/wp-content\/uploads\/2023\/02\/328264978_692735152597262_7410859822976927655_n-768x1153.jpg 768w, https:\/\/elmetropolitano.com.gt\/es\/wp-content\/uploads\/2023\/02\/328264978_692735152597262_7410859822976927655_n-1023x1536.jpg 1023w, https:\/\/elmetropolitano.com.gt\/es\/wp-content\/uploads\/2023\/02\/328264978_692735152597262_7410859822976927655_n-600x901.jpg 600w, https:\/\/elmetropolitano.com.gt\/es\/wp-content\/uploads\/2023\/02\/328264978_692735152597262_7410859822976927655_n.jpg 1364w\" sizes=\"auto, (max-width: 682px) 100vw, 682px\" \/><\/figure>\n<\/figure>\n","protected":false},"excerpt":{"rendered":"<p>McDonald\u2019s anunci\u00f3 el regreso de su tan esperada Carrera Familiar el pr\u00f3ximo domingo 26 de febrero, invitando a las familias a pasar un momento divertido a trav\u00e9s de un estilo de vida activo y saludable por medio de la pr\u00e1ctica del deporte. Con el objetivo de que m\u00e1s personas participen y puedan pasarla bien mientras <a class=\"read-more\" href=\"https:\/\/elmetropolitano.com.gt\/es\/este-26-de-febrero-se-realizara-la-carrera-familiar-mcdonalds-en-la-ciudad-capital-y-xela\/\">Leer m\u00e1s<\/a><\/p>\n","protected":false},"author":1,"featured_media":60569,"comment_status":"open","ping_status":"closed","sticky":false,"template":"","format":"standard","meta":{"footnotes":""},"categories":[31],"tags":[32],"class_list":["post-60568","post","type-post","status-publish","format-standard","has-post-thumbnail","hentry","category-metroimpulso","tag-metroimpulso"],"_links":{"self":[{"href":"https:\/\/elmetropolitano.com.gt\/es\/wp-json\/wp\/v2\/posts\/60568","targetHints":{"allow":["GET"]}}],"collection":[{"href":"https:\/\/elmetropolitano.com.gt\/es\/wp-json\/wp\/v2\/posts"}],"about":[{"href":"https:\/\/elmetropolitano.com.gt\/es\/wp-json\/wp\/v2\/types\/post"}],"author":[{"embeddable":true,"href":"https:\/\/elmetropolitano.com.gt\/es\/wp-json\/wp\/v2\/users\/1"}],"replies":[{"embeddable":true,"href":"https:\/\/elmetropolitano.com.gt\/es\/wp-json\/wp\/v2\/comments?post=60568"}],"version-history":[{"count":1,"href":"https:\/\/elmetropolitano.com.gt\/es\/wp-json\/wp\/v2\/posts\/60568\/revisions"}],"predecessor-version":[{"id":60572,"href":"https:\/\/elmetropolitano.com.gt\/es\/wp-json\/wp\/v2\/posts\/60568\/revisions\/60572"}],"wp:featuredmedia":[{"embeddable":true,"href":"https:\/\/elmetropolitano.com.gt\/es\/wp-json\/wp\/v2\/media\/60569"}],"wp:attachment":[{"href":"https:\/\/elmetropolitano.com.gt\/es\/wp-json\/wp\/v2\/media?parent=60568"}],"wp:term":[{"taxonomy":"category","embeddable":true,"href":"https:\/\/elmetropolitano.com.gt\/es\/wp-json\/wp\/v2\/categories?post=60568"},{"taxonomy":"post_tag","embeddable":true,"href":"https:\/\/elmetropolitano.com.gt\/es\/wp-json\/wp\/v2\/tags?post=60568"}],"curies":[{"name":"wp","href":"https:\/\/api.w.org\/{rel}","templated":true}]}}