{"id":60600,"date":"2023-02-01T18:02:56","date_gmt":"2023-02-02T00:02:56","guid":{"rendered":"https:\/\/elmetropolitano.com.gt\/es\/?p=60600"},"modified":"2023-02-01T18:02:57","modified_gmt":"2023-02-02T00:02:57","slug":"peten-aumenta-produccion-acuicola-en-el-area-rural","status":"publish","type":"post","link":"https:\/\/elmetropolitano.com.gt\/es\/peten-aumenta-produccion-acuicola-en-el-area-rural\/","title":{"rendered":"Pet\u00e9n aumenta producci\u00f3n acu\u00edcola en el \u00e1rea rural"},"content":{"rendered":"\n<p>Como parte de las acciones para afianzar la producci\u00f3n acu\u00edcola en el \u00e1rea rural de Pet\u00e9n, el Ministerio de Agricultura, Ganader\u00eda y Alimentaci\u00f3n (MAGA) puso en marcha y reforz\u00f3 diversos proyectos durante la segunda quincena de enero.<\/p>\n\n\n\n<p>Uno de ellos se ubica en la comunidad La Ceibita, en Sayaxch\u00e9, donde se brind\u00f3 una capacitaci\u00f3n y asistencia t\u00e9cnica sobre la integraci\u00f3n de la tecnolog\u00eda en procesos de producci\u00f3n de tilapia.<\/p><div class=\"elmet-contenido\" id=\"elmet-1989232059\"><div class=\"elmet-adlabel\">Anuncios<\/div><div style=\"margin-top: 20px;margin-right: 20px;margin-bottom: 20px;margin-left: 20px;\" id=\"elmet-2665346037\"><a href=\"https:\/\/www.facebook.com\/arrincuanantigua\/\" aria-label=\"cintillo-arrin-cual\"><img loading=\"lazy\" decoding=\"async\" src=\"https:\/\/elmetropolitano.com.gt\/es\/wp-content\/uploads\/2021\/11\/cintillo-arrin-cual-1.jpg\" alt=\"\"  srcset=\"https:\/\/elmetropolitano.com.gt\/es\/wp-content\/uploads\/2021\/11\/cintillo-arrin-cual-1.jpg 750w, https:\/\/elmetropolitano.com.gt\/es\/wp-content\/uploads\/2021\/11\/cintillo-arrin-cual-1-300x36.jpg 300w, https:\/\/elmetropolitano.com.gt\/es\/wp-content\/uploads\/2021\/11\/cintillo-arrin-cual-1-600x72.jpg 600w\" sizes=\"(max-width: 750px) 100vw, 750px\" width=\"750\" height=\"90\"   \/><\/a><\/div><\/div>\n\n\n\n<p>La <a><\/a>aplicaci\u00f3n de nuevos sistemas permite una acuicultura tecnificada y sostenible, lo cual es una opci\u00f3n para hacer frente al cambio clim\u00e1tico, pues brinda una producci\u00f3n de alta densidad en espacios peque\u00f1os, inform\u00f3 el Viceministerio Encargado de Asuntos de Pet\u00e9n.<\/p>\n\n\n\n<p>La dependencia indic\u00f3 que la acuicultura se realiza a diversas escalas y est\u00e1 teniendo un importante crecimiento en el departamento. Por ello, desde la Direcci\u00f3n de Desarrollo Agropecuario (Dagro) se mantiene el apoyo a los productores y a quienes se interesan en su cultivo.<\/p>\n\n\n\n<p>En ese marco, se instruy\u00f3 a integrantes de la cooperativa Guate Linda, de la aldea Poza del Macho, en La Libertad, acerca de principios b\u00e1sicos para el manejo y preparaci\u00f3n de estanques, cosecha, transporte y siembra de alevines.<\/p>\n\n\n\n<p>Al finalizar la inducci\u00f3n, se les entregaron 2 mil peces de corta edad para que inicien su emprendimiento. Como parte del apoyo, se les ense\u00f1aron t\u00e9cnicas de engorde y se les comparti\u00f3 informaci\u00f3n sobre la venta de tilapia.<\/p>\n\n\n\n<p>Las actividades de este tipo se articulan con la Red de Acuicultores de Pet\u00e9n y la Direcci\u00f3n de Normatividad de la Pesca y Acuicultura (Dipesca).<\/p>\n\n\n\n<p>La cobertura<\/p>\n\n\n\n<p>Otra comunidad en la cual se busca establecer un proyecto de producci\u00f3n acu\u00edcola es San Jos\u00e9, en El Chal. T\u00e9cnicos del MAGA apoyaron a vecinos en la identificaci\u00f3n de un \u00e1rea para el establecimiento de un estanque.<\/p>\n\n\n\n<p>De esa cuenta, se evalu\u00f3 el espacio, suelo y fuente de agua. Adem\u00e1s, se brind\u00f3 una capacitaci\u00f3n sobre medidas correctivas sobre densidad de siembra y manejo del cultivo de tilapia en la aldea Nuevas Delicias.<\/p>\n\n\n\n<p>Entretanto, en la aldea Las Flores se compartieron conocimientos generales sobre integraci\u00f3n de esa actividad productiva con otras pecuarias y agr\u00edcolas.<\/p>\n\n\n\n<p>De acuerdo con la cartera, el objetivo es mejorar la seguridad alimentaria, mediante el aumento del abastecimiento de tilapia. Tambi\u00e9n se busca impactar positivamente en el desarrollo econ\u00f3mico, pues se brindan herramientas para la comercializaci\u00f3n de la especie.<\/p>\n\n\n\n<p>Para obtener los resultados previstos en esa materia, en la comunidad Sucult\u00e9, en Dolores, se repartieron mil 700 alevines a mujeres que conforman el centro de aprendizaje para el desarrollo rural (Cader).<\/p>\n\n\n\n<p>Estas actividades se replican en diferentes puntos del departamento y se acompa\u00f1an con la debida asistencia t\u00e9cnica.<\/p>\n\n\n\n<p><a href=\"https:\/\/www.facebook.com\/hashtag\/maga?__eep__=6&amp;__cft__[0]=AZX5jhk85afQuz3ssZUQvO3miW53aTVVfLywLXnVT4g-LXYPrugs7df--to5TaL7es9IzoGISO43VejjD4lptdbGYxqxf8I-scxDSgyNExscG7QtUbHhISK3VttG_UR0n77QJ6R4YE0bwDVHSGw_htUl6q2T-YuezG77SCu7jkXM4Q&amp;__tn__=*NK-R\">#MAGA<\/a><a href=\"https:\/\/www.facebook.com\/hashtag\/metroredes?__eep__=6&amp;__cft__[0]=AZX5jhk85afQuz3ssZUQvO3miW53aTVVfLywLXnVT4g-LXYPrugs7df--to5TaL7es9IzoGISO43VejjD4lptdbGYxqxf8I-scxDSgyNExscG7QtUbHhISK3VttG_UR0n77QJ6R4YE0bwDVHSGw_htUl6q2T-YuezG77SCu7jkXM4Q&amp;__tn__=*NK-R\">#metroredes<\/a><a href=\"https:\/\/www.facebook.com\/hashtag\/elagrochapin?__eep__=6&amp;__cft__[0]=AZX5jhk85afQuz3ssZUQvO3miW53aTVVfLywLXnVT4g-LXYPrugs7df--to5TaL7es9IzoGISO43VejjD4lptdbGYxqxf8I-scxDSgyNExscG7QtUbHhISK3VttG_UR0n77QJ6R4YE0bwDVHSGw_htUl6q2T-YuezG77SCu7jkXM4Q&amp;__tn__=*NK-R\">#elagrochapin<\/a><\/p>\n\n\n\n<figure class=\"wp-block-gallery has-nested-images columns-default is-cropped wp-block-gallery-1 is-layout-flex wp-block-gallery-is-layout-flex\">\n<figure class=\"wp-block-image size-large\"><img loading=\"lazy\" decoding=\"async\" width=\"810\" height=\"960\" data-id=\"60602\" src=\"https:\/\/elmetropolitano.com.gt\/es\/wp-content\/uploads\/2023\/02\/327974529_1362496267881424_4828677632181338510_n.jpg\" alt=\"\" class=\"wp-image-60602\" srcset=\"https:\/\/elmetropolitano.com.gt\/es\/wp-content\/uploads\/2023\/02\/327974529_1362496267881424_4828677632181338510_n.jpg 810w, https:\/\/elmetropolitano.com.gt\/es\/wp-content\/uploads\/2023\/02\/327974529_1362496267881424_4828677632181338510_n-253x300.jpg 253w, https:\/\/elmetropolitano.com.gt\/es\/wp-content\/uploads\/2023\/02\/327974529_1362496267881424_4828677632181338510_n-768x910.jpg 768w, https:\/\/elmetropolitano.com.gt\/es\/wp-content\/uploads\/2023\/02\/327974529_1362496267881424_4828677632181338510_n-600x711.jpg 600w\" sizes=\"auto, (max-width: 810px) 100vw, 810px\" \/><\/figure>\n\n\n\n<figure class=\"wp-block-image size-large\"><img loading=\"lazy\" decoding=\"async\" width=\"960\" height=\"595\" data-id=\"60603\" src=\"https:\/\/elmetropolitano.com.gt\/es\/wp-content\/uploads\/2023\/02\/328257614_876032923613531_1276789436525883635_n.jpg\" alt=\"\" class=\"wp-image-60603\" srcset=\"https:\/\/elmetropolitano.com.gt\/es\/wp-content\/uploads\/2023\/02\/328257614_876032923613531_1276789436525883635_n.jpg 960w, https:\/\/elmetropolitano.com.gt\/es\/wp-content\/uploads\/2023\/02\/328257614_876032923613531_1276789436525883635_n-300x186.jpg 300w, https:\/\/elmetropolitano.com.gt\/es\/wp-content\/uploads\/2023\/02\/328257614_876032923613531_1276789436525883635_n-768x476.jpg 768w, https:\/\/elmetropolitano.com.gt\/es\/wp-content\/uploads\/2023\/02\/328257614_876032923613531_1276789436525883635_n-600x372.jpg 600w\" sizes=\"auto, (max-width: 960px) 100vw, 960px\" \/><\/figure>\n\n\n\n<figure class=\"wp-block-image size-large\"><img loading=\"lazy\" decoding=\"async\" width=\"960\" height=\"610\" data-id=\"60606\" src=\"https:\/\/elmetropolitano.com.gt\/es\/wp-content\/uploads\/2023\/02\/328435400_448020060783820_1648614122586730662_n.jpg\" alt=\"\" class=\"wp-image-60606\" srcset=\"https:\/\/elmetropolitano.com.gt\/es\/wp-content\/uploads\/2023\/02\/328435400_448020060783820_1648614122586730662_n.jpg 960w, https:\/\/elmetropolitano.com.gt\/es\/wp-content\/uploads\/2023\/02\/328435400_448020060783820_1648614122586730662_n-300x191.jpg 300w, https:\/\/elmetropolitano.com.gt\/es\/wp-content\/uploads\/2023\/02\/328435400_448020060783820_1648614122586730662_n-768x488.jpg 768w, https:\/\/elmetropolitano.com.gt\/es\/wp-content\/uploads\/2023\/02\/328435400_448020060783820_1648614122586730662_n-600x381.jpg 600w\" sizes=\"auto, (max-width: 960px) 100vw, 960px\" \/><\/figure>\n\n\n\n<figure class=\"wp-block-image size-large\"><img loading=\"lazy\" decoding=\"async\" width=\"960\" height=\"610\" data-id=\"60604\" src=\"https:\/\/elmetropolitano.com.gt\/es\/wp-content\/uploads\/2023\/02\/328554717_1301856497029180_7195630498664834991_n.jpg\" alt=\"\" class=\"wp-image-60604\" srcset=\"https:\/\/elmetropolitano.com.gt\/es\/wp-content\/uploads\/2023\/02\/328554717_1301856497029180_7195630498664834991_n.jpg 960w, https:\/\/elmetropolitano.com.gt\/es\/wp-content\/uploads\/2023\/02\/328554717_1301856497029180_7195630498664834991_n-300x191.jpg 300w, https:\/\/elmetropolitano.com.gt\/es\/wp-content\/uploads\/2023\/02\/328554717_1301856497029180_7195630498664834991_n-768x488.jpg 768w, https:\/\/elmetropolitano.com.gt\/es\/wp-content\/uploads\/2023\/02\/328554717_1301856497029180_7195630498664834991_n-600x381.jpg 600w\" sizes=\"auto, (max-width: 960px) 100vw, 960px\" \/><\/figure>\n\n\n\n<figure class=\"wp-block-image size-large\"><img loading=\"lazy\" decoding=\"async\" width=\"803\" height=\"960\" data-id=\"60605\" src=\"https:\/\/elmetropolitano.com.gt\/es\/wp-content\/uploads\/2023\/02\/328777905_485926173732960_8109816801327495728_n.jpg\" alt=\"\" class=\"wp-image-60605\" srcset=\"https:\/\/elmetropolitano.com.gt\/es\/wp-content\/uploads\/2023\/02\/328777905_485926173732960_8109816801327495728_n.jpg 803w, https:\/\/elmetropolitano.com.gt\/es\/wp-content\/uploads\/2023\/02\/328777905_485926173732960_8109816801327495728_n-251x300.jpg 251w, https:\/\/elmetropolitano.com.gt\/es\/wp-content\/uploads\/2023\/02\/328777905_485926173732960_8109816801327495728_n-768x918.jpg 768w, https:\/\/elmetropolitano.com.gt\/es\/wp-content\/uploads\/2023\/02\/328777905_485926173732960_8109816801327495728_n-600x717.jpg 600w\" sizes=\"auto, (max-width: 803px) 100vw, 803px\" \/><\/figure>\n<\/figure>\n","protected":false},"excerpt":{"rendered":"<p>Como parte de las acciones para afianzar la producci\u00f3n acu\u00edcola en el \u00e1rea rural de Pet\u00e9n, el Ministerio de Agricultura, Ganader\u00eda y Alimentaci\u00f3n (MAGA) puso en marcha y reforz\u00f3 diversos proyectos durante la segunda quincena de enero. Uno de ellos se ubica en la comunidad La Ceibita, en Sayaxch\u00e9, donde se brind\u00f3 una capacitaci\u00f3n y <a class=\"read-more\" href=\"https:\/\/elmetropolitano.com.gt\/es\/peten-aumenta-produccion-acuicola-en-el-area-rural\/\">Leer m\u00e1s<\/a><\/p>\n","protected":false},"author":1,"featured_media":60601,"comment_status":"open","ping_status":"closed","sticky":false,"template":"","format":"standard","meta":{"footnotes":""},"categories":[4],"tags":[13],"class_list":["post-60600","post","type-post","status-publish","format-standard","has-post-thumbnail","hentry","category-departamentales","tag-departamentales"],"_links":{"self":[{"href":"https:\/\/elmetropolitano.com.gt\/es\/wp-json\/wp\/v2\/posts\/60600","targetHints":{"allow":["GET"]}}],"collection":[{"href":"https:\/\/elmetropolitano.com.gt\/es\/wp-json\/wp\/v2\/posts"}],"about":[{"href":"https:\/\/elmetropolitano.com.gt\/es\/wp-json\/wp\/v2\/types\/post"}],"author":[{"embeddable":true,"href":"https:\/\/elmetropolitano.com.gt\/es\/wp-json\/wp\/v2\/users\/1"}],"replies":[{"embeddable":true,"href":"https:\/\/elmetropolitano.com.gt\/es\/wp-json\/wp\/v2\/comments?post=60600"}],"version-history":[{"count":1,"href":"https:\/\/elmetropolitano.com.gt\/es\/wp-json\/wp\/v2\/posts\/60600\/revisions"}],"predecessor-version":[{"id":60607,"href":"https:\/\/elmetropolitano.com.gt\/es\/wp-json\/wp\/v2\/posts\/60600\/revisions\/60607"}],"wp:featuredmedia":[{"embeddable":true,"href":"https:\/\/elmetropolitano.com.gt\/es\/wp-json\/wp\/v2\/media\/60601"}],"wp:attachment":[{"href":"https:\/\/elmetropolitano.com.gt\/es\/wp-json\/wp\/v2\/media?parent=60600"}],"wp:term":[{"taxonomy":"category","embeddable":true,"href":"https:\/\/elmetropolitano.com.gt\/es\/wp-json\/wp\/v2\/categories?post=60600"},{"taxonomy":"post_tag","embeddable":true,"href":"https:\/\/elmetropolitano.com.gt\/es\/wp-json\/wp\/v2\/tags?post=60600"}],"curies":[{"name":"wp","href":"https:\/\/api.w.org\/{rel}","templated":true}]}}