{"id":60608,"date":"2023-02-01T18:04:53","date_gmt":"2023-02-02T00:04:53","guid":{"rendered":"https:\/\/elmetropolitano.com.gt\/es\/?p=60608"},"modified":"2023-02-01T18:04:53","modified_gmt":"2023-02-02T00:04:53","slug":"jornadas-de-salud-benefician-a-700-ninos-y-mujeres-de-cuyotenango","status":"publish","type":"post","link":"https:\/\/elmetropolitano.com.gt\/es\/jornadas-de-salud-benefician-a-700-ninos-y-mujeres-de-cuyotenango\/","title":{"rendered":"Jornadas de salud benefician a 700 ni\u00f1os y mujeres de Cuyotenango"},"content":{"rendered":"\n<p>A trav\u00e9s de jornadas de salud y nutrici\u00f3n, la Secretar\u00eda de Seguridad Alimentaria y Nutricional (Sesan) brind\u00f3 atenci\u00f3n a 700 ni\u00f1os y mujeres de Cuyotenango, Suchitep\u00e9quez.<\/p>\n\n\n\n<p>Por <a><\/a>su parte, la Sesan inform\u00f3 que se cont\u00f3 con el apoyo del Ministerio de Salud P\u00fablica y Asistencia Social (MSPAS) para llevar a cabo 43 jornadas integrales de salud.<\/p><div class=\"elmet-contenido\" id=\"elmet-3688634718\"><div class=\"elmet-adlabel\">Anuncios<\/div><div style=\"margin-top: 20px;margin-right: 20px;margin-bottom: 20px;margin-left: 20px;\" id=\"elmet-2327101401\"><a href=\"https:\/\/www.facebook.com\/arrincuanantigua\/\" aria-label=\"cintillo-arrin-cual\"><img loading=\"lazy\" decoding=\"async\" src=\"https:\/\/elmetropolitano.com.gt\/es\/wp-content\/uploads\/2021\/11\/cintillo-arrin-cual-1.jpg\" alt=\"\"  srcset=\"https:\/\/elmetropolitano.com.gt\/es\/wp-content\/uploads\/2021\/11\/cintillo-arrin-cual-1.jpg 750w, https:\/\/elmetropolitano.com.gt\/es\/wp-content\/uploads\/2021\/11\/cintillo-arrin-cual-1-300x36.jpg 300w, https:\/\/elmetropolitano.com.gt\/es\/wp-content\/uploads\/2021\/11\/cintillo-arrin-cual-1-600x72.jpg 600w\" sizes=\"(max-width: 750px) 100vw, 750px\" width=\"750\" height=\"90\"   \/><\/a><\/div><\/div>\n\n\n\n<p>En ese sentido, se atendi\u00f3 a 500 ni\u00f1os con la entrega del Alimento Complementario Fortificado y 200 mujeres embarazadas y en edad f\u00e9rtil que recibieron suplemento con hierro y \u00e1cido f\u00f3lico.<\/p>\n\n\n\n<p>Por lo que las jornadas contaron con una visita cada dos meses a las comunidades priorizadas, para apoyar a los trabajadores de Salud en la coordinaci\u00f3n y monitoreo de los pacientes.<\/p>\n\n\n\n<p>Adem\u00e1s, con el monitoreo mensual se ofrecieron los siguientes servicios:<\/p>\n\n\n\n<p>-vacunaci\u00f3n contra el COVID-19 para personas de 6 a\u00f1os en adelante<\/p>\n\n\n\n<p>-vacuna contra el virus del papiloma humano a ni\u00f1as de 10 a 14 a\u00f1os<\/p>\n\n\n\n<p>-suplementaci\u00f3n de micronutrientes<\/p>\n\n\n\n<p>-desparasitaci\u00f3n<\/p>\n\n\n\n<p>-entrega de vitaminas a menores de 5 a\u00f1os<\/p>\n\n\n\n<p>Monitoreo integral<\/p>\n\n\n\n<p>Por otro lado, se inform\u00f3 que con la visita al lugar se lograron 18 monitoreos integrales a ni\u00f1os de comunidades priorizadas.<\/p>\n\n\n\n<p>De esa cuenta, se contabilizaron a 48 menores con desnutrici\u00f3n aguda, de los cuales se recuperaron 39 y 9 se encuentran bajo tratamiento.<\/p>\n\n\n\n<p>Ante ello, se capacit\u00f3 a l\u00edderes comunitarios sobre el uso correcto de la cinta de per\u00edmetro braquial para la identificaci\u00f3n de ni\u00f1os con desnutrici\u00f3n aguda.<\/p>\n\n\n\n<p>Igualmente, se les comparti\u00f3 informaci\u00f3n sobre seguridad alimentaria y nutricional, y consejos de alimentaci\u00f3n saludable.<\/p>\n\n\n\n<p>Finalmente, como parte de este encuentro se aprob\u00f3 la continuidad de la Comisi\u00f3n de Seguridad Alimentaria y Nutricional (Comusan) para 2023.<\/p>\n\n\n\n<p>Esto permitir\u00e1 que las autoridades den seguimiento a las acciones de apoyo para el combate de la malnutrici\u00f3n.<\/p>\n\n\n\n<p>Texto: Veylin Herrera<\/p>\n\n\n\n<p><a href=\"https:\/\/www.facebook.com\/hashtag\/sesan?__eep__=6&amp;__cft__[0]=AZUnG19STplMEvQrlPmn8odQodjBQjcranbe78RqDDL2VTcVaERgr71d7gxnjru0F3eCKawgq6_wWnvRvK8uycJfX6IsqYhL3i4noEWo3jnaRmdncdTSHQvp0Ea9gG79nZToZtK7H0IQpMomJZZKVJpMHlcZ6jT7V5BG-tapgVE1xg&amp;__tn__=*NK-R\">#SESAN<\/a><a href=\"https:\/\/www.facebook.com\/hashtag\/metroredes?__eep__=6&amp;__cft__[0]=AZUnG19STplMEvQrlPmn8odQodjBQjcranbe78RqDDL2VTcVaERgr71d7gxnjru0F3eCKawgq6_wWnvRvK8uycJfX6IsqYhL3i4noEWo3jnaRmdncdTSHQvp0Ea9gG79nZToZtK7H0IQpMomJZZKVJpMHlcZ6jT7V5BG-tapgVE1xg&amp;__tn__=*NK-R\">#metroredes<\/a><\/p>\n\n\n\n<p><\/p>\n","protected":false},"excerpt":{"rendered":"<p>A trav\u00e9s de jornadas de salud y nutrici\u00f3n, la Secretar\u00eda de Seguridad Alimentaria y Nutricional (Sesan) brind\u00f3 atenci\u00f3n a 700 ni\u00f1os y mujeres de Cuyotenango, Suchitep\u00e9quez. Por su parte, la Sesan inform\u00f3 que se cont\u00f3 con el apoyo del Ministerio de Salud P\u00fablica y Asistencia Social (MSPAS) para llevar a cabo 43 jornadas integrales de <a class=\"read-more\" href=\"https:\/\/elmetropolitano.com.gt\/es\/jornadas-de-salud-benefician-a-700-ninos-y-mujeres-de-cuyotenango\/\">Leer m\u00e1s<\/a><\/p>\n","protected":false},"author":1,"featured_media":60609,"comment_status":"open","ping_status":"closed","sticky":false,"template":"","format":"standard","meta":{"footnotes":""},"categories":[4],"tags":[13],"class_list":["post-60608","post","type-post","status-publish","format-standard","has-post-thumbnail","hentry","category-departamentales","tag-departamentales"],"_links":{"self":[{"href":"https:\/\/elmetropolitano.com.gt\/es\/wp-json\/wp\/v2\/posts\/60608","targetHints":{"allow":["GET"]}}],"collection":[{"href":"https:\/\/elmetropolitano.com.gt\/es\/wp-json\/wp\/v2\/posts"}],"about":[{"href":"https:\/\/elmetropolitano.com.gt\/es\/wp-json\/wp\/v2\/types\/post"}],"author":[{"embeddable":true,"href":"https:\/\/elmetropolitano.com.gt\/es\/wp-json\/wp\/v2\/users\/1"}],"replies":[{"embeddable":true,"href":"https:\/\/elmetropolitano.com.gt\/es\/wp-json\/wp\/v2\/comments?post=60608"}],"version-history":[{"count":1,"href":"https:\/\/elmetropolitano.com.gt\/es\/wp-json\/wp\/v2\/posts\/60608\/revisions"}],"predecessor-version":[{"id":60610,"href":"https:\/\/elmetropolitano.com.gt\/es\/wp-json\/wp\/v2\/posts\/60608\/revisions\/60610"}],"wp:featuredmedia":[{"embeddable":true,"href":"https:\/\/elmetropolitano.com.gt\/es\/wp-json\/wp\/v2\/media\/60609"}],"wp:attachment":[{"href":"https:\/\/elmetropolitano.com.gt\/es\/wp-json\/wp\/v2\/media?parent=60608"}],"wp:term":[{"taxonomy":"category","embeddable":true,"href":"https:\/\/elmetropolitano.com.gt\/es\/wp-json\/wp\/v2\/categories?post=60608"},{"taxonomy":"post_tag","embeddable":true,"href":"https:\/\/elmetropolitano.com.gt\/es\/wp-json\/wp\/v2\/tags?post=60608"}],"curies":[{"name":"wp","href":"https:\/\/api.w.org\/{rel}","templated":true}]}}