{"id":60634,"date":"2023-02-02T14:13:40","date_gmt":"2023-02-02T20:13:40","guid":{"rendered":"https:\/\/elmetropolitano.com.gt\/es\/?p=60634"},"modified":"2023-02-02T14:14:23","modified_gmt":"2023-02-02T20:14:23","slug":"candidato-vicepresidencial-jordan-rodas-denuncia-penalmente-al-director-del-registro-de-ciudadanos","status":"publish","type":"post","link":"https:\/\/elmetropolitano.com.gt\/es\/candidato-vicepresidencial-jordan-rodas-denuncia-penalmente-al-director-del-registro-de-ciudadanos\/","title":{"rendered":"Candidato Vicepresidencial Jord\u00e1n Rodas denuncia penalmente al Director del Registro de Ciudadanos"},"content":{"rendered":"\n<p>El candidato a la Vicepresidencia de la Rep\u00fablica del partido Movimiento para la Liberaci\u00f3n de los Pueblos MLP el ex Procurador de los Derechos Humanos Jord\u00e1n Rodas, present\u00f3 una denuncia penal contra Ramiro Jos\u00e9 Mu\u00f1oz Jord\u00e1n, Director del Registro de Ciudadanos RC del Tribunal Supremo Electoral TSE, por haber dicho que el finiquito de Rodas no era v\u00e1lido.<\/p>\n\n\n\n<p>\u201cPresent\u00e9 una denuncia <a><\/a>ante el MP contra Ramiro Jos\u00e9 Mu\u00f1oz Jord\u00e1n, registrador de ciudadanos del TSE, ya que en su resoluci\u00f3n insert\u00f3 falsamente que mi finiquito no era v\u00e1lido, y al contrario est\u00e1 activo y tiene vigor jur\u00eddico\u201d, manifest\u00f3 Rodas en su cuenta de Twitter este mi\u00e9rcoles<\/p><div class=\"elmet-contenido\" id=\"elmet-4015350360\"><div class=\"elmet-adlabel\">Anuncios<\/div><div style=\"margin-top: 20px;margin-right: 20px;margin-bottom: 20px;margin-left: 20px;\" id=\"elmet-2601492896\"><a href=\"https:\/\/www.facebook.com\/arrincuanantigua\/\" aria-label=\"cintillo-arrin-cual\"><img loading=\"lazy\" decoding=\"async\" src=\"https:\/\/elmetropolitano.com.gt\/es\/wp-content\/uploads\/2021\/11\/cintillo-arrin-cual-1.jpg\" alt=\"\"  srcset=\"https:\/\/elmetropolitano.com.gt\/es\/wp-content\/uploads\/2021\/11\/cintillo-arrin-cual-1.jpg 750w, https:\/\/elmetropolitano.com.gt\/es\/wp-content\/uploads\/2021\/11\/cintillo-arrin-cual-1-300x36.jpg 300w, https:\/\/elmetropolitano.com.gt\/es\/wp-content\/uploads\/2021\/11\/cintillo-arrin-cual-1-600x72.jpg 600w\" sizes=\"(max-width: 750px) 100vw, 750px\" width=\"750\" height=\"90\"   \/><\/a><\/div><\/div>\n\n\n\n<p>C\u00f3mo es conocido la Direcci\u00f3n del Registro de Ciudadanos neg\u00f3 la inscripci\u00f3n del binomio presidencial del partido MLP , encabezado por Thelma Cabrera y Jord\u00e1n Rodas, debido a que se encontraron irregularidades en el finiquito presentado por Rodas.<\/p>\n\n\n\n<p>Sin embargo, para la Contralor\u00eda General de Cuentas, el finiquito de Rodas no tiene reporte de denuncias o reparos, adem\u00e1s de encontrarse vigente lo que fue constatado en la misma p\u00e1gina web de la Contralor\u00eda.<\/p>\n\n\n\n<p>El caso de la no inscripci\u00f3n de Jordan Rodas ahora est\u00e9 en manos del pleno de Magistrados del TSE al haber presentado el MLP el recurso de nulidad, el cual se espera sea resuelto en los pr\u00f3ximos d\u00edas.<\/p>\n\n\n\n<p><a href=\"https:\/\/www.facebook.com\/hashtag\/metroredes?__eep__=6&amp;__cft__[0]=AZUhTKrm5Pe9qbV1ODcowKHysyjLiP0b4qlJJzQgESAyLb2I6EXUJEAvCenpk21XwryhdkKWhW2gaF99kklifxfqLXilK8mNzS1wZIU-CxBQ4hfl4RRskxsLRw7fEa1csVXVes35Gm5DO2XofgRLTxsEN_m8BpV6BulUCiv3HV7fEMN1jMiaW1kbv5jC-MBhTME&amp;__tn__=*NK-R\">#metroredes<\/a><a href=\"https:\/\/www.facebook.com\/hashtag\/eleccionesgt2023?__eep__=6&amp;__cft__[0]=AZUhTKrm5Pe9qbV1ODcowKHysyjLiP0b4qlJJzQgESAyLb2I6EXUJEAvCenpk21XwryhdkKWhW2gaF99kklifxfqLXilK8mNzS1wZIU-CxBQ4hfl4RRskxsLRw7fEa1csVXVes35Gm5DO2XofgRLTxsEN_m8BpV6BulUCiv3HV7fEMN1jMiaW1kbv5jC-MBhTME&amp;__tn__=*NK-R\">#EleccionesGT2023<\/a><a href=\"https:\/\/www.facebook.com\/hashtag\/partidomlp?__eep__=6&amp;__cft__[0]=AZUhTKrm5Pe9qbV1ODcowKHysyjLiP0b4qlJJzQgESAyLb2I6EXUJEAvCenpk21XwryhdkKWhW2gaF99kklifxfqLXilK8mNzS1wZIU-CxBQ4hfl4RRskxsLRw7fEa1csVXVes35Gm5DO2XofgRLTxsEN_m8BpV6BulUCiv3HV7fEMN1jMiaW1kbv5jC-MBhTME&amp;__tn__=*NK-R\">#PartidoMLP<\/a><\/p>\n\n\n\n<figure class=\"wp-block-gallery has-nested-images columns-default is-cropped wp-block-gallery-1 is-layout-flex wp-block-gallery-is-layout-flex\">\n<figure class=\"wp-block-image size-large\"><img loading=\"lazy\" decoding=\"async\" width=\"445\" height=\"466\" data-id=\"60637\" src=\"https:\/\/elmetropolitano.com.gt\/es\/wp-content\/uploads\/2023\/02\/328737423_1417445515732074_4088107807192911473_n.jpg\" alt=\"\" class=\"wp-image-60637\" srcset=\"https:\/\/elmetropolitano.com.gt\/es\/wp-content\/uploads\/2023\/02\/328737423_1417445515732074_4088107807192911473_n.jpg 445w, https:\/\/elmetropolitano.com.gt\/es\/wp-content\/uploads\/2023\/02\/328737423_1417445515732074_4088107807192911473_n-286x300.jpg 286w\" sizes=\"auto, (max-width: 445px) 100vw, 445px\" \/><\/figure>\n\n\n\n<figure class=\"wp-block-image size-large\"><img loading=\"lazy\" decoding=\"async\" width=\"186\" height=\"266\" data-id=\"60636\" src=\"https:\/\/elmetropolitano.com.gt\/es\/wp-content\/uploads\/2023\/02\/328759023_1478123646046280_4702064155520982955_n-1.jpg\" alt=\"\" class=\"wp-image-60636\"\/><\/figure>\n<\/figure>\n","protected":false},"excerpt":{"rendered":"<p>El candidato a la Vicepresidencia de la Rep\u00fablica del partido Movimiento para la Liberaci\u00f3n de los Pueblos MLP el ex Procurador de los Derechos Humanos Jord\u00e1n Rodas, present\u00f3 una denuncia penal contra Ramiro Jos\u00e9 Mu\u00f1oz Jord\u00e1n, Director del Registro de Ciudadanos RC del Tribunal Supremo Electoral TSE, por haber dicho que el finiquito de Rodas <a class=\"read-more\" href=\"https:\/\/elmetropolitano.com.gt\/es\/candidato-vicepresidencial-jordan-rodas-denuncia-penalmente-al-director-del-registro-de-ciudadanos\/\">Leer m\u00e1s<\/a><\/p>\n","protected":false},"author":1,"featured_media":60635,"comment_status":"open","ping_status":"closed","sticky":false,"template":"","format":"standard","meta":{"footnotes":""},"categories":[2],"tags":[12],"class_list":["post-60634","post","type-post","status-publish","format-standard","has-post-thumbnail","hentry","category-nacionales","tag-nacionales"],"_links":{"self":[{"href":"https:\/\/elmetropolitano.com.gt\/es\/wp-json\/wp\/v2\/posts\/60634","targetHints":{"allow":["GET"]}}],"collection":[{"href":"https:\/\/elmetropolitano.com.gt\/es\/wp-json\/wp\/v2\/posts"}],"about":[{"href":"https:\/\/elmetropolitano.com.gt\/es\/wp-json\/wp\/v2\/types\/post"}],"author":[{"embeddable":true,"href":"https:\/\/elmetropolitano.com.gt\/es\/wp-json\/wp\/v2\/users\/1"}],"replies":[{"embeddable":true,"href":"https:\/\/elmetropolitano.com.gt\/es\/wp-json\/wp\/v2\/comments?post=60634"}],"version-history":[{"count":1,"href":"https:\/\/elmetropolitano.com.gt\/es\/wp-json\/wp\/v2\/posts\/60634\/revisions"}],"predecessor-version":[{"id":60638,"href":"https:\/\/elmetropolitano.com.gt\/es\/wp-json\/wp\/v2\/posts\/60634\/revisions\/60638"}],"wp:featuredmedia":[{"embeddable":true,"href":"https:\/\/elmetropolitano.com.gt\/es\/wp-json\/wp\/v2\/media\/60635"}],"wp:attachment":[{"href":"https:\/\/elmetropolitano.com.gt\/es\/wp-json\/wp\/v2\/media?parent=60634"}],"wp:term":[{"taxonomy":"category","embeddable":true,"href":"https:\/\/elmetropolitano.com.gt\/es\/wp-json\/wp\/v2\/categories?post=60634"},{"taxonomy":"post_tag","embeddable":true,"href":"https:\/\/elmetropolitano.com.gt\/es\/wp-json\/wp\/v2\/tags?post=60634"}],"curies":[{"name":"wp","href":"https:\/\/api.w.org\/{rel}","templated":true}]}}