{"id":60642,"date":"2023-02-02T16:04:42","date_gmt":"2023-02-02T22:04:42","guid":{"rendered":"https:\/\/elmetropolitano.com.gt\/es\/?p=60642"},"modified":"2023-02-02T16:04:43","modified_gmt":"2023-02-02T22:04:43","slug":"tse-inscripcion-de-candidaturas-estan-apegadas-a-las-normas-y-criterios-estandarizados","status":"publish","type":"post","link":"https:\/\/elmetropolitano.com.gt\/es\/tse-inscripcion-de-candidaturas-estan-apegadas-a-las-normas-y-criterios-estandarizados\/","title":{"rendered":"TSE: Inscripci\u00f3n de candidaturas est\u00e1n apegadas \u00a0a las normas y criterios estandarizados"},"content":{"rendered":"\n<p>El Tribunal Supremo Electoral coadyuvar\u00e1 a que, de manera responsable y sensata, la fase de inscripci\u00f3n de candidaturas hasta su conclusi\u00f3n sea justa, con apego estricto a la ley y seg\u00fan criterios estandarizados para la realizaci\u00f3n de unas elecciones con integridad y legitimidad, seg\u00fan lo dieron a conocer en un comunicado de prensa.<\/p>\n\n\n\n<p>Se\u00f1alan que en cumplimiento a la ley electoral y de partidos pol\u00edticos, as\u00ed como del decreto de convocatoria a las elecciones general y de diputados al parlamento centroamericano 2023 en Guatemala, se inici\u00f3 la postulaci\u00f3n e inscripci\u00f3n de candidaturas a cargos de elecci\u00f3n popular, fase que es primordial en el proceso electoral, pues definir\u00e1 el panorama de organizaciones pol\u00edticas y candidatos por los cuales se podr\u00e1n votar las y los guatemaltecos.<\/p><div class=\"elmet-contenido\" id=\"elmet-2848584207\"><div class=\"elmet-adlabel\">Anuncios<\/div><div style=\"margin-top: 20px;margin-right: 20px;margin-bottom: 20px;margin-left: 20px;\" id=\"elmet-1073670010\"><a href=\"https:\/\/www.facebook.com\/arrincuanantigua\/\" aria-label=\"cintillo-arrin-cual\"><img loading=\"lazy\" decoding=\"async\" src=\"https:\/\/elmetropolitano.com.gt\/es\/wp-content\/uploads\/2021\/11\/cintillo-arrin-cual-1.jpg\" alt=\"\"  srcset=\"https:\/\/elmetropolitano.com.gt\/es\/wp-content\/uploads\/2021\/11\/cintillo-arrin-cual-1.jpg 750w, https:\/\/elmetropolitano.com.gt\/es\/wp-content\/uploads\/2021\/11\/cintillo-arrin-cual-1-300x36.jpg 300w, https:\/\/elmetropolitano.com.gt\/es\/wp-content\/uploads\/2021\/11\/cintillo-arrin-cual-1-600x72.jpg 600w\" sizes=\"(max-width: 750px) 100vw, 750px\" width=\"750\" height=\"90\"   \/><\/a><\/div><\/div>\n\n\n\n<p>El documento agrega que de conformidad a los principios de legalidad y certidumbre, todos los procedimientos, plazos y requisitos para la inscripci\u00f3n de candidaturas est\u00e1n definidos de maner clara e inequ\u00edvoca en la normativa vigente. En ese sentido el Registro de Ciudadanos y el pleno del TSE, realizan sus labores administrativas y jurisdiccionales con apego estricto a la ley. Para el efecto, seg\u00fan buenas pr\u00e1cticas en la materia a nivel regional, se han adoptado criterios estandarizados aplicados por igual a todos los postulantes.<\/p>\n\n\n\n<p>Finalmente a\u00f1adieron que la norma contempla tambi\u00e9n, para los interesados, la posibilidad de interponer recursos de impugnaci\u00f3n contra resoluciones sobre la inscripci\u00f3n de candidaturas, sean afirmativas o negativas. As\u00ed mismo, se garantizan diferentes instancias con mandato para conocer y resolver los recursos en el marco del Estado de Derecho. La certeza de las reglas y la rectitud de las decisiones son una salvaguarda para el ejercicio de los derechos pol\u00edticos de todos, sin distinciones ni preferencias.<\/p>\n\n\n\n<p><\/p>\n","protected":false},"excerpt":{"rendered":"<p>El Tribunal Supremo Electoral coadyuvar\u00e1 a que, de manera responsable y sensata, la fase de inscripci\u00f3n de candidaturas hasta su conclusi\u00f3n sea justa, con apego estricto a la ley y seg\u00fan criterios estandarizados para la realizaci\u00f3n de unas elecciones con integridad y legitimidad, seg\u00fan lo dieron a conocer en un comunicado de prensa. Se\u00f1alan que <a class=\"read-more\" href=\"https:\/\/elmetropolitano.com.gt\/es\/tse-inscripcion-de-candidaturas-estan-apegadas-a-las-normas-y-criterios-estandarizados\/\">Leer m\u00e1s<\/a><\/p>\n","protected":false},"author":1,"featured_media":60643,"comment_status":"open","ping_status":"closed","sticky":false,"template":"","format":"standard","meta":{"footnotes":""},"categories":[2],"tags":[12],"class_list":["post-60642","post","type-post","status-publish","format-standard","has-post-thumbnail","hentry","category-nacionales","tag-nacionales"],"_links":{"self":[{"href":"https:\/\/elmetropolitano.com.gt\/es\/wp-json\/wp\/v2\/posts\/60642","targetHints":{"allow":["GET"]}}],"collection":[{"href":"https:\/\/elmetropolitano.com.gt\/es\/wp-json\/wp\/v2\/posts"}],"about":[{"href":"https:\/\/elmetropolitano.com.gt\/es\/wp-json\/wp\/v2\/types\/post"}],"author":[{"embeddable":true,"href":"https:\/\/elmetropolitano.com.gt\/es\/wp-json\/wp\/v2\/users\/1"}],"replies":[{"embeddable":true,"href":"https:\/\/elmetropolitano.com.gt\/es\/wp-json\/wp\/v2\/comments?post=60642"}],"version-history":[{"count":1,"href":"https:\/\/elmetropolitano.com.gt\/es\/wp-json\/wp\/v2\/posts\/60642\/revisions"}],"predecessor-version":[{"id":60644,"href":"https:\/\/elmetropolitano.com.gt\/es\/wp-json\/wp\/v2\/posts\/60642\/revisions\/60644"}],"wp:featuredmedia":[{"embeddable":true,"href":"https:\/\/elmetropolitano.com.gt\/es\/wp-json\/wp\/v2\/media\/60643"}],"wp:attachment":[{"href":"https:\/\/elmetropolitano.com.gt\/es\/wp-json\/wp\/v2\/media?parent=60642"}],"wp:term":[{"taxonomy":"category","embeddable":true,"href":"https:\/\/elmetropolitano.com.gt\/es\/wp-json\/wp\/v2\/categories?post=60642"},{"taxonomy":"post_tag","embeddable":true,"href":"https:\/\/elmetropolitano.com.gt\/es\/wp-json\/wp\/v2\/tags?post=60642"}],"curies":[{"name":"wp","href":"https:\/\/api.w.org\/{rel}","templated":true}]}}