{"id":60645,"date":"2023-02-02T21:38:38","date_gmt":"2023-02-03T03:38:38","guid":{"rendered":"https:\/\/elmetropolitano.com.gt\/es\/?p=60645"},"modified":"2023-02-02T21:38:39","modified_gmt":"2023-02-03T03:38:39","slug":"finaliza-interpelacion-al-ministro-de-energia","status":"publish","type":"post","link":"https:\/\/elmetropolitano.com.gt\/es\/finaliza-interpelacion-al-ministro-de-energia\/","title":{"rendered":"Finaliza interpelaci\u00f3n al ministro de energ\u00eda"},"content":{"rendered":"\n<p>Luego de 18 meses de interpelaci\u00f3n al ministro de Energ\u00eda y Minas, Alberto Pimentel, el diputado Edwin Lux desisti\u00f3 de la misma y finaliz\u00f3 con este juicio pol\u00edtico.<\/p>\n\n\n\n<p>Una semana antes, Lux hab\u00eda indicado que su compa\u00f1ero interpelante, el parlamentario Jairo Flores hab\u00eda desistido de la misma, aunque no sabe si present\u00f3 carta de desestimiento como \u00e9l la presentaba oficialmente.<\/p><div class=\"elmet-contenido\" id=\"elmet-4092470796\"><div class=\"elmet-adlabel\">Anuncios<\/div><div style=\"margin-top: 20px;margin-right: 20px;margin-bottom: 20px;margin-left: 20px;\" id=\"elmet-3055651485\"><a href=\"https:\/\/www.facebook.com\/arrincuanantigua\/\" aria-label=\"cintillo-arrin-cual\"><img loading=\"lazy\" decoding=\"async\" src=\"https:\/\/elmetropolitano.com.gt\/es\/wp-content\/uploads\/2021\/11\/cintillo-arrin-cual-1.jpg\" alt=\"\"  srcset=\"https:\/\/elmetropolitano.com.gt\/es\/wp-content\/uploads\/2021\/11\/cintillo-arrin-cual-1.jpg 750w, https:\/\/elmetropolitano.com.gt\/es\/wp-content\/uploads\/2021\/11\/cintillo-arrin-cual-1-300x36.jpg 300w, https:\/\/elmetropolitano.com.gt\/es\/wp-content\/uploads\/2021\/11\/cintillo-arrin-cual-1-600x72.jpg 600w\" sizes=\"(max-width: 750px) 100vw, 750px\" width=\"750\" height=\"90\"   \/><\/a><\/div><\/div>\n\n\n\n<p>Hoy el congresista distrital de Retalhuleu, Lux lleg\u00f3 con una corona de flores como las que se colocan en el cementerio y la puso en medio del hemiciclo parlamentario se\u00f1alando que enterraba la interpelaci\u00f3n pues le hab\u00eda costado Q11 millones al pueblo.<\/p>\n\n\n\n<p>\u00abNo soy ning\u00fan tonto. No deseo que se siga perdiendo dinero de mi gente y que se le siga pagando a esa bola de diputados huevones que se les paga sin trabajar\u00bb, a la vez de destacar que propondr\u00eda una iniciativa de ley.<\/p>\n\n\n\n<p>Y minutos despu\u00e9s que presidente en funciones del Congreso, Armando Melgar Padilla suspende la sesi\u00f3n con 29 diputados marcados indicando que esperado el tiempo necesario levantaba la misma, fue que anunci\u00f3 su desestimiento.<\/p>\n\n\n\n<p>Lleg\u00f3 a Direcci\u00f3n Legislativa para presentar la iniciativa de ley de dignificaci\u00f3n del trabajo parlamentario.<\/p>\n\n\n\n<p>Explic\u00f3 que tiene \u00fanicamente tres art\u00edculos:<\/p>\n\n\n\n<p>1) Para no llegar a las sesiones tiene que presentar causa justificada (presentar carta por enfermedad o la excusa que pueda ser una causa mayor).<\/p>\n\n\n\n<p>Otro art\u00edculo es: El pago de dietas ser\u00e1 s\u00f3lo para el que llegue a trabajar y que est\u00e9 el 75% de la sesi\u00f3n plenaria.<\/p>\n\n\n\n<p>Y la \u00faltima: si se ausenta 4 veces ser\u00e1 desaforado.<\/p>\n\n\n\n<p>Dos diputados de Reu no<\/p>\n\n\n\n<p>corren con mismo partido<\/p>\n\n\n\n<p>El diputado distrital de Retalhuleu que lleg\u00f3 con la UNE, Edwin Lux, se deslig\u00f3 de esa organizaci\u00f3n.<\/p>\n\n\n\n<p>Estuvo con el Grupo Parlamentario de Oposici\u00f3n (GPO) y se crey\u00f3 que iba ir con VOS. Sin embargo, al no tener el respaldo de los propios diputados de esa organizaci\u00f3n, anunci\u00f3 que ira con Cambio.<\/p>\n\n\n\n<p>El otro distrital del mismo departamento, Rub\u00e9n Barrios, quien lleg\u00f3 con Valor anunci\u00f3 que ir\u00e1 con NOSOTROS.<\/p>\n\n\n\n<p>Texto: Francisco Hurtarte Gordillo<\/p>\n\n\n\n<p>#metroredes<\/p>\n\n\n\n<p><\/p>\n\n\n\n<figure class=\"wp-block-gallery has-nested-images columns-default is-cropped wp-block-gallery-1 is-layout-flex wp-block-gallery-is-layout-flex\">\n<figure class=\"wp-block-image size-large\"><img loading=\"lazy\" decoding=\"async\" width=\"576\" height=\"1024\" data-id=\"60647\" src=\"https:\/\/elmetropolitano.com.gt\/es\/wp-content\/uploads\/2023\/02\/326962785_1225412721684695_1382939802360693774_n-576x1024.jpg\" alt=\"\" class=\"wp-image-60647\" srcset=\"https:\/\/elmetropolitano.com.gt\/es\/wp-content\/uploads\/2023\/02\/326962785_1225412721684695_1382939802360693774_n-576x1024.jpg 576w, https:\/\/elmetropolitano.com.gt\/es\/wp-content\/uploads\/2023\/02\/326962785_1225412721684695_1382939802360693774_n-169x300.jpg 169w, https:\/\/elmetropolitano.com.gt\/es\/wp-content\/uploads\/2023\/02\/326962785_1225412721684695_1382939802360693774_n-768x1366.jpg 768w, https:\/\/elmetropolitano.com.gt\/es\/wp-content\/uploads\/2023\/02\/326962785_1225412721684695_1382939802360693774_n-864x1536.jpg 864w, https:\/\/elmetropolitano.com.gt\/es\/wp-content\/uploads\/2023\/02\/326962785_1225412721684695_1382939802360693774_n-600x1067.jpg 600w, https:\/\/elmetropolitano.com.gt\/es\/wp-content\/uploads\/2023\/02\/326962785_1225412721684695_1382939802360693774_n.jpg 899w\" sizes=\"auto, (max-width: 576px) 100vw, 576px\" \/><\/figure>\n\n\n\n<figure class=\"wp-block-image size-large\"><img loading=\"lazy\" decoding=\"async\" width=\"1024\" height=\"576\" data-id=\"60648\" src=\"https:\/\/elmetropolitano.com.gt\/es\/wp-content\/uploads\/2023\/02\/327589720_566331671848111_63930261731688578_n-1024x576.jpg\" alt=\"\" class=\"wp-image-60648\" srcset=\"https:\/\/elmetropolitano.com.gt\/es\/wp-content\/uploads\/2023\/02\/327589720_566331671848111_63930261731688578_n-1024x576.jpg 1024w, https:\/\/elmetropolitano.com.gt\/es\/wp-content\/uploads\/2023\/02\/327589720_566331671848111_63930261731688578_n-300x169.jpg 300w, https:\/\/elmetropolitano.com.gt\/es\/wp-content\/uploads\/2023\/02\/327589720_566331671848111_63930261731688578_n-768x432.jpg 768w, https:\/\/elmetropolitano.com.gt\/es\/wp-content\/uploads\/2023\/02\/327589720_566331671848111_63930261731688578_n-1536x864.jpg 1536w, https:\/\/elmetropolitano.com.gt\/es\/wp-content\/uploads\/2023\/02\/327589720_566331671848111_63930261731688578_n-600x337.jpg 600w, https:\/\/elmetropolitano.com.gt\/es\/wp-content\/uploads\/2023\/02\/327589720_566331671848111_63930261731688578_n.jpg 1599w\" sizes=\"auto, (max-width: 1024px) 100vw, 1024px\" \/><\/figure>\n\n\n\n<figure class=\"wp-block-image size-large\"><img loading=\"lazy\" decoding=\"async\" width=\"576\" height=\"1024\" data-id=\"60649\" src=\"https:\/\/elmetropolitano.com.gt\/es\/wp-content\/uploads\/2023\/02\/328835935_1268112010804172_2769832337517499222_n-576x1024.jpg\" alt=\"\" class=\"wp-image-60649\" srcset=\"https:\/\/elmetropolitano.com.gt\/es\/wp-content\/uploads\/2023\/02\/328835935_1268112010804172_2769832337517499222_n-576x1024.jpg 576w, https:\/\/elmetropolitano.com.gt\/es\/wp-content\/uploads\/2023\/02\/328835935_1268112010804172_2769832337517499222_n-169x300.jpg 169w, https:\/\/elmetropolitano.com.gt\/es\/wp-content\/uploads\/2023\/02\/328835935_1268112010804172_2769832337517499222_n-768x1366.jpg 768w, https:\/\/elmetropolitano.com.gt\/es\/wp-content\/uploads\/2023\/02\/328835935_1268112010804172_2769832337517499222_n-864x1536.jpg 864w, https:\/\/elmetropolitano.com.gt\/es\/wp-content\/uploads\/2023\/02\/328835935_1268112010804172_2769832337517499222_n-600x1067.jpg 600w, https:\/\/elmetropolitano.com.gt\/es\/wp-content\/uploads\/2023\/02\/328835935_1268112010804172_2769832337517499222_n.jpg 899w\" sizes=\"auto, (max-width: 576px) 100vw, 576px\" \/><\/figure>\n<\/figure>\n","protected":false},"excerpt":{"rendered":"<p>Luego de 18 meses de interpelaci\u00f3n al ministro de Energ\u00eda y Minas, Alberto Pimentel, el diputado Edwin Lux desisti\u00f3 de la misma y finaliz\u00f3 con este juicio pol\u00edtico. Una semana antes, Lux hab\u00eda indicado que su compa\u00f1ero interpelante, el parlamentario Jairo Flores hab\u00eda desistido de la misma, aunque no sabe si present\u00f3 carta de desestimiento <a class=\"read-more\" href=\"https:\/\/elmetropolitano.com.gt\/es\/finaliza-interpelacion-al-ministro-de-energia\/\">Leer m\u00e1s<\/a><\/p>\n","protected":false},"author":1,"featured_media":60646,"comment_status":"open","ping_status":"closed","sticky":false,"template":"","format":"standard","meta":{"footnotes":""},"categories":[2],"tags":[12],"class_list":["post-60645","post","type-post","status-publish","format-standard","has-post-thumbnail","hentry","category-nacionales","tag-nacionales"],"_links":{"self":[{"href":"https:\/\/elmetropolitano.com.gt\/es\/wp-json\/wp\/v2\/posts\/60645","targetHints":{"allow":["GET"]}}],"collection":[{"href":"https:\/\/elmetropolitano.com.gt\/es\/wp-json\/wp\/v2\/posts"}],"about":[{"href":"https:\/\/elmetropolitano.com.gt\/es\/wp-json\/wp\/v2\/types\/post"}],"author":[{"embeddable":true,"href":"https:\/\/elmetropolitano.com.gt\/es\/wp-json\/wp\/v2\/users\/1"}],"replies":[{"embeddable":true,"href":"https:\/\/elmetropolitano.com.gt\/es\/wp-json\/wp\/v2\/comments?post=60645"}],"version-history":[{"count":1,"href":"https:\/\/elmetropolitano.com.gt\/es\/wp-json\/wp\/v2\/posts\/60645\/revisions"}],"predecessor-version":[{"id":60650,"href":"https:\/\/elmetropolitano.com.gt\/es\/wp-json\/wp\/v2\/posts\/60645\/revisions\/60650"}],"wp:featuredmedia":[{"embeddable":true,"href":"https:\/\/elmetropolitano.com.gt\/es\/wp-json\/wp\/v2\/media\/60646"}],"wp:attachment":[{"href":"https:\/\/elmetropolitano.com.gt\/es\/wp-json\/wp\/v2\/media?parent=60645"}],"wp:term":[{"taxonomy":"category","embeddable":true,"href":"https:\/\/elmetropolitano.com.gt\/es\/wp-json\/wp\/v2\/categories?post=60645"},{"taxonomy":"post_tag","embeddable":true,"href":"https:\/\/elmetropolitano.com.gt\/es\/wp-json\/wp\/v2\/tags?post=60645"}],"curies":[{"name":"wp","href":"https:\/\/api.w.org\/{rel}","templated":true}]}}