{"id":60659,"date":"2023-02-02T21:43:23","date_gmt":"2023-02-03T03:43:23","guid":{"rendered":"https:\/\/elmetropolitano.com.gt\/es\/?p=60659"},"modified":"2023-02-02T21:43:24","modified_gmt":"2023-02-03T03:43:24","slug":"senacyt-involucra-a-la-juventud-de-el-progreso-en-la-ciencia-y-la-tecnologia","status":"publish","type":"post","link":"https:\/\/elmetropolitano.com.gt\/es\/senacyt-involucra-a-la-juventud-de-el-progreso-en-la-ciencia-y-la-tecnologia\/","title":{"rendered":"Senacyt involucra a la juventud de El Progreso en la ciencia y la tecnolog\u00eda"},"content":{"rendered":"\n<p>La ciencia y la tecnolog\u00eda est\u00e1n revolucionando al mundo, por esa raz\u00f3n las autoridades de la Secretar\u00eda Nacional de Ciencia y Tecnolog\u00eda (Senacyt), incentivaron a 386 j\u00f3venes de El Progreso a estudiar carreras relacionadas a ciencia, tecnolog\u00eda, ingenier\u00eda, y matem\u00e1ticas, y prepararse as\u00ed para los retos y las oportunidades laborales.<\/p>\n\n\n\n<p>El <a><\/a>equipo de la Senacyt visit\u00f3 los municipios de Sanarate y Guastatoya, El Progreso, como parte de la estrategia de Difusi\u00f3nCTi con enfoque territorial.<\/p><div class=\"elmet-contenido\" id=\"elmet-467636159\"><div class=\"elmet-adlabel\">Anuncios<\/div><div style=\"margin-top: 20px;margin-right: 20px;margin-bottom: 20px;margin-left: 20px;\" id=\"elmet-3155946376\"><a href=\"https:\/\/www.facebook.com\/arrincuanantigua\/\" aria-label=\"cintillo-arrin-cual\"><img loading=\"lazy\" decoding=\"async\" src=\"https:\/\/elmetropolitano.com.gt\/es\/wp-content\/uploads\/2021\/11\/cintillo-arrin-cual-1.jpg\" alt=\"\"  srcset=\"https:\/\/elmetropolitano.com.gt\/es\/wp-content\/uploads\/2021\/11\/cintillo-arrin-cual-1.jpg 750w, https:\/\/elmetropolitano.com.gt\/es\/wp-content\/uploads\/2021\/11\/cintillo-arrin-cual-1-300x36.jpg 300w, https:\/\/elmetropolitano.com.gt\/es\/wp-content\/uploads\/2021\/11\/cintillo-arrin-cual-1-600x72.jpg 600w\" sizes=\"(max-width: 750px) 100vw, 750px\" width=\"750\" height=\"90\"   \/><\/a><\/div><\/div>\n\n\n\n<p>Durante la visita al municipio de Sanarate, se present\u00f3 la revista Hero\u00ednas en la Ciencia a 130 estudiantes del Colegio Enrique Novella Alvarado, en el cual la hero\u00edna Carmen Luc\u00eda Barrios Guzm\u00e1n, acuicultora, inspir\u00f3 a las nuevas generaciones a estudiar carreras cient\u00edficas.<\/p>\n\n\n\n<p>Posteriormente, el equipo se traslad\u00f3 a Guastatoya, en donde realiz\u00f3 una presentaci\u00f3n a los alumnos y catedr\u00e1ticos del Instituto Nacional de Educaci\u00f3n B\u00e1sica (INEB) de los programas y las l\u00edneas de financiamiento al sector acad\u00e9mico. A quienes se les invit\u00f3 a participar en las actividades de ciencia y tecnolog\u00eda que promueve la instituci\u00f3n.<\/p>\n\n\n\n<p>Como parte de la actividad, la cient\u00edfica Carmen Luc\u00eda Barrios Guzm\u00e1n, habl\u00f3 a los 253 j\u00f3venes presentes sobre su experiencia de trabajo en Chile, lugar donde radica por el extenso territorio marino que posee para investigaci\u00f3n. \u201cActualmente llevo nueve a\u00f1os viviendo en Chile y durante este tiempo he participado en proyectos relacionados a las buenas pr\u00e1cticas abordo de embarcaciones pesqueras artesanales y en estudios relacionados a la ecolog\u00eda y al comportamiento de mam\u00edferos marinos\u201d.<\/p>\n\n\n\n<p>La estrategia de Difusi\u00f3nCTi con enfoque territorial busca acercar la ciencia a la sociedad, Ana Chan, secretaria nacional de ciencia y tecnolog\u00eda, invit\u00f3 a la juventud a involucrarse en CTi \u00abest\u00e1s oportunidades son para ustedes, al estudiar carreras cient\u00edficas pueden tener mejores oportunidades laborales y asimismo, mejor oportunidades de desarrollo para sus comunidades. Quiero invitarlos tambi\u00e9n a que conozcan de nuestras actividades como el Rally de innovaci\u00f3n interdepartamental en el cual ustedes pueden dar una soluci\u00f3n a alg\u00fan problema que identifiquen en su comunidad\u00bb.<\/p>\n\n\n\n<p>Acerca de la Senacyt<\/p>\n\n\n\n<p>Nuestra misi\u00f3n es promover la generaci\u00f3n y el uso de la ciencia, la tecnolog\u00eda y la innovaci\u00f3n, construyendo espacios de colaboraci\u00f3n entre los sectores acad\u00e9mico, p\u00fablico, productivo y de sociedad civil, para impulsar el desarrollo de Guatemala.<\/p>\n\n\n\n<p><a href=\"https:\/\/www.facebook.com\/hashtag\/senacyt?__eep__=6&amp;__cft__[0]=AZXk4BqhyYOM06aQlLwYPRziWI1jyBLeBQg17jqK5VDAgz6OWTDodGAIzXk2dvtV_BoYwhMfFo1Tirf5_q8RGv4YZCEvZNxxWfXe0fFwyPIVXrrjj416p-JiT9VR5Zf71nlLw6P6ma8Tw_INPk4w1a1i8nt5yq2_5zSx7W01oDMgCxTGoWbfaBDnItE7R1wJ7Tg&amp;__tn__=*NK-R\">#senacyt<\/a><a href=\"https:\/\/www.facebook.com\/hashtag\/metroredes?__eep__=6&amp;__cft__[0]=AZXk4BqhyYOM06aQlLwYPRziWI1jyBLeBQg17jqK5VDAgz6OWTDodGAIzXk2dvtV_BoYwhMfFo1Tirf5_q8RGv4YZCEvZNxxWfXe0fFwyPIVXrrjj416p-JiT9VR5Zf71nlLw6P6ma8Tw_INPk4w1a1i8nt5yq2_5zSx7W01oDMgCxTGoWbfaBDnItE7R1wJ7Tg&amp;__tn__=*NK-R\">#metroredes<\/a><a href=\"https:\/\/www.facebook.com\/hashtag\/elprogreso?__eep__=6&amp;__cft__[0]=AZXk4BqhyYOM06aQlLwYPRziWI1jyBLeBQg17jqK5VDAgz6OWTDodGAIzXk2dvtV_BoYwhMfFo1Tirf5_q8RGv4YZCEvZNxxWfXe0fFwyPIVXrrjj416p-JiT9VR5Zf71nlLw6P6ma8Tw_INPk4w1a1i8nt5yq2_5zSx7W01oDMgCxTGoWbfaBDnItE7R1wJ7Tg&amp;__tn__=*NK-R\">#ElProgreso<\/a><\/p>\n\n\n\n<figure class=\"wp-block-gallery has-nested-images columns-default is-cropped wp-block-gallery-1 is-layout-flex wp-block-gallery-is-layout-flex\">\n<figure class=\"wp-block-image size-large\"><img loading=\"lazy\" decoding=\"async\" width=\"1024\" height=\"683\" data-id=\"60664\" src=\"https:\/\/elmetropolitano.com.gt\/es\/wp-content\/uploads\/2023\/02\/327795192_513607667334978_4121821349682221112_n-1024x683.jpg\" alt=\"\" class=\"wp-image-60664\" srcset=\"https:\/\/elmetropolitano.com.gt\/es\/wp-content\/uploads\/2023\/02\/327795192_513607667334978_4121821349682221112_n-1024x683.jpg 1024w, https:\/\/elmetropolitano.com.gt\/es\/wp-content\/uploads\/2023\/02\/327795192_513607667334978_4121821349682221112_n-300x200.jpg 300w, https:\/\/elmetropolitano.com.gt\/es\/wp-content\/uploads\/2023\/02\/327795192_513607667334978_4121821349682221112_n-768x512.jpg 768w, https:\/\/elmetropolitano.com.gt\/es\/wp-content\/uploads\/2023\/02\/327795192_513607667334978_4121821349682221112_n-1536x1025.jpg 1536w, https:\/\/elmetropolitano.com.gt\/es\/wp-content\/uploads\/2023\/02\/327795192_513607667334978_4121821349682221112_n-600x400.jpg 600w, https:\/\/elmetropolitano.com.gt\/es\/wp-content\/uploads\/2023\/02\/327795192_513607667334978_4121821349682221112_n.jpg 2048w\" sizes=\"auto, (max-width: 1024px) 100vw, 1024px\" \/><\/figure>\n\n\n\n<figure class=\"wp-block-image size-large\"><img loading=\"lazy\" decoding=\"async\" width=\"1024\" height=\"682\" data-id=\"60662\" src=\"https:\/\/elmetropolitano.com.gt\/es\/wp-content\/uploads\/2023\/02\/327949713_1726431477759221_1918580167229020275_n-1024x682.jpg\" alt=\"\" class=\"wp-image-60662\" srcset=\"https:\/\/elmetropolitano.com.gt\/es\/wp-content\/uploads\/2023\/02\/327949713_1726431477759221_1918580167229020275_n-1024x682.jpg 1024w, https:\/\/elmetropolitano.com.gt\/es\/wp-content\/uploads\/2023\/02\/327949713_1726431477759221_1918580167229020275_n-300x200.jpg 300w, https:\/\/elmetropolitano.com.gt\/es\/wp-content\/uploads\/2023\/02\/327949713_1726431477759221_1918580167229020275_n-768x512.jpg 768w, https:\/\/elmetropolitano.com.gt\/es\/wp-content\/uploads\/2023\/02\/327949713_1726431477759221_1918580167229020275_n-1536x1023.jpg 1536w, https:\/\/elmetropolitano.com.gt\/es\/wp-content\/uploads\/2023\/02\/327949713_1726431477759221_1918580167229020275_n-600x400.jpg 600w, https:\/\/elmetropolitano.com.gt\/es\/wp-content\/uploads\/2023\/02\/327949713_1726431477759221_1918580167229020275_n.jpg 2048w\" sizes=\"auto, (max-width: 1024px) 100vw, 1024px\" \/><\/figure>\n\n\n\n<figure class=\"wp-block-image size-large\"><img loading=\"lazy\" decoding=\"async\" width=\"1024\" height=\"682\" data-id=\"60661\" src=\"https:\/\/elmetropolitano.com.gt\/es\/wp-content\/uploads\/2023\/02\/328701515_1214749592494329_9113362742231104000_n-1024x682.jpg\" alt=\"\" class=\"wp-image-60661\" srcset=\"https:\/\/elmetropolitano.com.gt\/es\/wp-content\/uploads\/2023\/02\/328701515_1214749592494329_9113362742231104000_n-1024x682.jpg 1024w, https:\/\/elmetropolitano.com.gt\/es\/wp-content\/uploads\/2023\/02\/328701515_1214749592494329_9113362742231104000_n-300x200.jpg 300w, https:\/\/elmetropolitano.com.gt\/es\/wp-content\/uploads\/2023\/02\/328701515_1214749592494329_9113362742231104000_n-768x512.jpg 768w, https:\/\/elmetropolitano.com.gt\/es\/wp-content\/uploads\/2023\/02\/328701515_1214749592494329_9113362742231104000_n-1536x1023.jpg 1536w, https:\/\/elmetropolitano.com.gt\/es\/wp-content\/uploads\/2023\/02\/328701515_1214749592494329_9113362742231104000_n-600x400.jpg 600w, https:\/\/elmetropolitano.com.gt\/es\/wp-content\/uploads\/2023\/02\/328701515_1214749592494329_9113362742231104000_n.jpg 2048w\" sizes=\"auto, (max-width: 1024px) 100vw, 1024px\" \/><\/figure>\n\n\n\n<figure class=\"wp-block-image size-large\"><img loading=\"lazy\" decoding=\"async\" width=\"1024\" height=\"682\" data-id=\"60663\" src=\"https:\/\/elmetropolitano.com.gt\/es\/wp-content\/uploads\/2023\/02\/328774978_594619472716575_6535151348846336981_n-1024x682.jpg\" alt=\"\" class=\"wp-image-60663\" srcset=\"https:\/\/elmetropolitano.com.gt\/es\/wp-content\/uploads\/2023\/02\/328774978_594619472716575_6535151348846336981_n-1024x682.jpg 1024w, https:\/\/elmetropolitano.com.gt\/es\/wp-content\/uploads\/2023\/02\/328774978_594619472716575_6535151348846336981_n-300x200.jpg 300w, https:\/\/elmetropolitano.com.gt\/es\/wp-content\/uploads\/2023\/02\/328774978_594619472716575_6535151348846336981_n-768x512.jpg 768w, https:\/\/elmetropolitano.com.gt\/es\/wp-content\/uploads\/2023\/02\/328774978_594619472716575_6535151348846336981_n-1536x1023.jpg 1536w, https:\/\/elmetropolitano.com.gt\/es\/wp-content\/uploads\/2023\/02\/328774978_594619472716575_6535151348846336981_n-600x400.jpg 600w, https:\/\/elmetropolitano.com.gt\/es\/wp-content\/uploads\/2023\/02\/328774978_594619472716575_6535151348846336981_n.jpg 2048w\" sizes=\"auto, (max-width: 1024px) 100vw, 1024px\" \/><\/figure>\n<\/figure>\n","protected":false},"excerpt":{"rendered":"<p>La ciencia y la tecnolog\u00eda est\u00e1n revolucionando al mundo, por esa raz\u00f3n las autoridades de la Secretar\u00eda Nacional de Ciencia y Tecnolog\u00eda (Senacyt), incentivaron a 386 j\u00f3venes de El Progreso a estudiar carreras relacionadas a ciencia, tecnolog\u00eda, ingenier\u00eda, y matem\u00e1ticas, y prepararse as\u00ed para los retos y las oportunidades laborales. El equipo de la Senacyt <a class=\"read-more\" href=\"https:\/\/elmetropolitano.com.gt\/es\/senacyt-involucra-a-la-juventud-de-el-progreso-en-la-ciencia-y-la-tecnologia\/\">Leer m\u00e1s<\/a><\/p>\n","protected":false},"author":1,"featured_media":60660,"comment_status":"open","ping_status":"closed","sticky":false,"template":"","format":"standard","meta":{"footnotes":""},"categories":[2],"tags":[12],"class_list":["post-60659","post","type-post","status-publish","format-standard","has-post-thumbnail","hentry","category-nacionales","tag-nacionales"],"_links":{"self":[{"href":"https:\/\/elmetropolitano.com.gt\/es\/wp-json\/wp\/v2\/posts\/60659","targetHints":{"allow":["GET"]}}],"collection":[{"href":"https:\/\/elmetropolitano.com.gt\/es\/wp-json\/wp\/v2\/posts"}],"about":[{"href":"https:\/\/elmetropolitano.com.gt\/es\/wp-json\/wp\/v2\/types\/post"}],"author":[{"embeddable":true,"href":"https:\/\/elmetropolitano.com.gt\/es\/wp-json\/wp\/v2\/users\/1"}],"replies":[{"embeddable":true,"href":"https:\/\/elmetropolitano.com.gt\/es\/wp-json\/wp\/v2\/comments?post=60659"}],"version-history":[{"count":1,"href":"https:\/\/elmetropolitano.com.gt\/es\/wp-json\/wp\/v2\/posts\/60659\/revisions"}],"predecessor-version":[{"id":60665,"href":"https:\/\/elmetropolitano.com.gt\/es\/wp-json\/wp\/v2\/posts\/60659\/revisions\/60665"}],"wp:featuredmedia":[{"embeddable":true,"href":"https:\/\/elmetropolitano.com.gt\/es\/wp-json\/wp\/v2\/media\/60660"}],"wp:attachment":[{"href":"https:\/\/elmetropolitano.com.gt\/es\/wp-json\/wp\/v2\/media?parent=60659"}],"wp:term":[{"taxonomy":"category","embeddable":true,"href":"https:\/\/elmetropolitano.com.gt\/es\/wp-json\/wp\/v2\/categories?post=60659"},{"taxonomy":"post_tag","embeddable":true,"href":"https:\/\/elmetropolitano.com.gt\/es\/wp-json\/wp\/v2\/tags?post=60659"}],"curies":[{"name":"wp","href":"https:\/\/api.w.org\/{rel}","templated":true}]}}