{"id":60674,"date":"2023-02-03T22:39:46","date_gmt":"2023-02-04T04:39:46","guid":{"rendered":"https:\/\/elmetropolitano.com.gt\/es\/?p=60674"},"modified":"2023-02-03T22:39:48","modified_gmt":"2023-02-04T04:39:48","slug":"ofrecen-50-becas-universitarias-donde-el-beneficiario-escoge-la-universidad-privada-de-su-eleccion","status":"publish","type":"post","link":"https:\/\/elmetropolitano.com.gt\/es\/ofrecen-50-becas-universitarias-donde-el-beneficiario-escoge-la-universidad-privada-de-su-eleccion\/","title":{"rendered":"Ofrecen 50 becas universitarias donde el beneficiario escoge la universidad privada de su elecci\u00f3n"},"content":{"rendered":"\n<p>Este a\u00f1o se elegir\u00e1 a 50 nuevos j\u00f3venes, con excelencia acad\u00e9mica, para recibir una beca universitaria completa y estudiar la carrera de sus sue\u00f1os desde 2024 gracias a la fundaci\u00f3n Juan Bautista Guti\u00e9rrez<\/p>\n\n\n\n<p>Con la frase inspiradora \u201cCumpliendo sue\u00f1os y transformando vidas\u201d se enmarca la esencia del programa de becas universitarias de la Fundaci\u00f3n Juan Bautista Guti\u00e9rrez, un <a><\/a>proyecto creado hace 23 a\u00f1os y que ha beneficiado a 413 j\u00f3venes, graduado a 205, y que acompa\u00f1a actualmente a 208 estudiantes becados.<\/p><div class=\"elmet-contenido\" id=\"elmet-138755882\"><div class=\"elmet-adlabel\">Anuncios<\/div><div style=\"margin-top: 20px;margin-right: 20px;margin-bottom: 20px;margin-left: 20px;\" id=\"elmet-2092646526\"><a href=\"https:\/\/www.facebook.com\/arrincuanantigua\/\" aria-label=\"cintillo-arrin-cual\"><img loading=\"lazy\" decoding=\"async\" src=\"https:\/\/elmetropolitano.com.gt\/es\/wp-content\/uploads\/2021\/11\/cintillo-arrin-cual-1.jpg\" alt=\"\"  srcset=\"https:\/\/elmetropolitano.com.gt\/es\/wp-content\/uploads\/2021\/11\/cintillo-arrin-cual-1.jpg 750w, https:\/\/elmetropolitano.com.gt\/es\/wp-content\/uploads\/2021\/11\/cintillo-arrin-cual-1-300x36.jpg 300w, https:\/\/elmetropolitano.com.gt\/es\/wp-content\/uploads\/2021\/11\/cintillo-arrin-cual-1-600x72.jpg 600w\" sizes=\"(max-width: 750px) 100vw, 750px\" width=\"750\" height=\"90\"   \/><\/a><\/div><\/div>\n\n\n\n<p>La 24\u00b0 edici\u00f3n de este Programa de Becas Universitarias del brazo social de CMI, da inicio este mes con la apertura de convocatoria a todos los j\u00f3venes del pa\u00eds que est\u00e9n en b\u00fasqueda de una oportunidad para demostrar su capacidad acad\u00e9mica y su compromiso con Guatemala.<\/p>\n\n\n\n<p>La Fundaci\u00f3n Juan Bautista Guti\u00e9rrez, es una fundaci\u00f3n familiar corporativa y veh\u00edculo de agradecimiento a la sociedad por medio de la cual se transforman vidas, enfocada en resolver problemas desde la ra\u00edz con programas integrales en 4 \u00e1reas de enfoque: educaci\u00f3n, salud, nutrici\u00f3n y emprendimiento, perpetuando as\u00ed el legado familiar.<\/p>\n\n\n\n<p>\u201cTrabajamos para generar un desarrollo sostenible con impacto en las personas, familias y comunidades. Por eso nos ilusiona tanto anunciar la apertura de la convocatoria de nuestro programa de becas universitarias. Como cada a\u00f1o, esperamos recibir miles de solicitudes y as\u00ed poder elegir a los mejores estudiantes del pa\u00eds, esos j\u00f3venes que est\u00e1n marcando una diferencia en sus centros de estudio y en sus comunidades\u201d, comenta Jos\u00e9 Gonz\u00e1lez-Campo, integrante de la junta directiva de Fundaci\u00f3n Juan Bautista Guti\u00e9rrez.<\/p>\n\n\n\n<p>Para aplicar a una beca de la Fundaci\u00f3n Juan Bautista Guti\u00e9rrez, los j\u00f3venes deben contar con los siguientes requisitos:<\/p>\n\n\n\n<p>\u2022 Tener un promedio general de 85 puntos desde tercero b\u00e1sico y cada a\u00f1o de diversificado<\/p>\n\n\n\n<p>\u2022 Cursar actualmente el \u00faltimo a\u00f1o de estudios de diversificado para graduarse en 2023<\/p>\n\n\n\n<p>\u2022 Ser una persona de recursos econ\u00f3micos limitados. (Esta condici\u00f3n ser\u00e1 comprobada mediante un estudio socioecon\u00f3mico)<\/p>\n\n\n\n<p>La etapa de convocatoria finaliza el 21 de marzo y abre la puerta a la etapa de evaluaci\u00f3n que inicia con la revisi\u00f3n de cada expediente y la selecci\u00f3n del grupo de candidatos que pasar\u00e1n al siguiente proceso: entrevistas individuales, pruebas de capacidades matem\u00e1ticas y verbales, evaluaci\u00f3n de personalidad y valores, entre otros.<\/p>\n\n\n\n<p>Sobre el minucioso proceso de selecci\u00f3n, Cristina D\u00edaz, directora ejecutiva de la Fundaci\u00f3n Juan Bautista Guti\u00e9rrez, coment\u00f3: \u201cEstamos buscando a 50 nuevos protagonistas para seguir escribiendo la historia de nuestra Guatemala y debemos hacerlo con la calidad que caracteriza a nuestro programa, asegur\u00e1ndonos que son los indicados y que necesitan de esta oportunidad.\u201d<\/p>\n\n\n\n<p>Cabe resaltar que, la beca cubre el 100 por ciento de los costos de la carrera universitaria de su elecci\u00f3n, incluyendo inscripci\u00f3n, matr\u00edcula, cuota anual de libros o materiales, un estipendio mensual para gastos personales y gastos de graduaci\u00f3n. Los j\u00f3venes podr\u00e1n seleccionar la universidad privada de su elecci\u00f3n, incluyendo sus sedes regionales, principalmente en Zacapa, Alta Verapaz, Quetzaltenango, Escuintla y Solol\u00e1.<\/p>\n\n\n\n<p>El Programa de Becas Universitarias de Fundaci\u00f3n Juan Bautista Guti\u00e9rrez incluye coaching personalizado, talleres dise\u00f1ados para su crecimiento personal y acompa\u00f1amiento en las distintas etapas de la carrera universitaria. Esta formaci\u00f3n integral, est\u00e1 basada en los principios de CMI, que busca contribuir a que Guatemala tenga m\u00e1s ciudadanos responsables, \u00edntegros y transparentes.<\/p>\n\n\n\n<p>\u201cSomos un veh\u00edculo de agradecimiento a la sociedad trabajando para transformar vidas, en este caso, la de 50 j\u00f3venes que desde el 2024 iniciar\u00e1n sus estudios universitarios para convertirse en agentes de cambio en Guatemala y el mundo. Se unir\u00e1n a cientos de egresados de este maravilloso programa, que hoy tienen exitosas carreras profesionales, destacando en empresas muy importantes o desarrollando sus propios proyectos\u201d, concluye D\u00edaz.<\/p>\n\n\n\n<p>Todos los j\u00f3venes guatemaltecos de \u00faltimo a\u00f1o de diversificado est\u00e1n invitados a participar, llenando el formulario de aplicaci\u00f3n para continuar con sus estudios universitarios y cambiar su propio entorno y el de sus familias.<\/p>\n\n\n\n<p>La convocatoria estar\u00e1 abierta hasta el 21 de marzo de 2023. Si eres una persona que cumple con los requisitos y quieres alcanzar tu sue\u00f1o de ayudar a construir una mejor Guatemala, no dejes de participar visitando la p\u00e1gina: <a href=\"https:\/\/becas.fundacionjbg.org\/?fbclid=IwAR1CJgBnkLMoJ9kSnt6O9zBPwbaHG6GqTWoithESmnzsrM7K-gf9ySDfnK8\" rel=\"noreferrer noopener\" target=\"_blank\">https:\/\/becas.fundacionjbg.org\/<\/a>.<\/p>\n\n\n\n<p><a href=\"https:\/\/www.facebook.com\/hashtag\/metroredes?__eep__=6&amp;__cft__[0]=AZWATPvztjP8Pt89jhKwix4OqFbU7hEDac9FYR4MomNTXWOsijwdyugXW1NRyDjv-gQqDO5c7pnDwn08uI0790a5RfRuqpdXLQ6cB54Re3KPe6CvnWHn4Wd8iFWd54TH4JqLsrxbcuLUp8Y-aX1HOuG_iR82-ViqBM7t-KF-XoiP_8OZTtXrr7CHG04iMX8niAk&amp;__tn__=*NK-R\">#Metroredes<\/a><a href=\"https:\/\/www.facebook.com\/hashtag\/elmetropolitano?__eep__=6&amp;__cft__[0]=AZWATPvztjP8Pt89jhKwix4OqFbU7hEDac9FYR4MomNTXWOsijwdyugXW1NRyDjv-gQqDO5c7pnDwn08uI0790a5RfRuqpdXLQ6cB54Re3KPe6CvnWHn4Wd8iFWd54TH4JqLsrxbcuLUp8Y-aX1HOuG_iR82-ViqBM7t-KF-XoiP_8OZTtXrr7CHG04iMX8niAk&amp;__tn__=*NK-R\">#Elmetropolitano<\/a><\/p>\n\n\n\n<p><a href=\"https:\/\/www.facebook.com\/hashtag\/becasfundacionjfg?__eep__=6&amp;__cft__[0]=AZWATPvztjP8Pt89jhKwix4OqFbU7hEDac9FYR4MomNTXWOsijwdyugXW1NRyDjv-gQqDO5c7pnDwn08uI0790a5RfRuqpdXLQ6cB54Re3KPe6CvnWHn4Wd8iFWd54TH4JqLsrxbcuLUp8Y-aX1HOuG_iR82-ViqBM7t-KF-XoiP_8OZTtXrr7CHG04iMX8niAk&amp;__tn__=*NK-R\">#BecasFundacionJFG<\/a><a href=\"https:\/\/www.facebook.com\/hashtag\/cronicagt?__eep__=6&amp;__cft__[0]=AZWATPvztjP8Pt89jhKwix4OqFbU7hEDac9FYR4MomNTXWOsijwdyugXW1NRyDjv-gQqDO5c7pnDwn08uI0790a5RfRuqpdXLQ6cB54Re3KPe6CvnWHn4Wd8iFWd54TH4JqLsrxbcuLUp8Y-aX1HOuG_iR82-ViqBM7t-KF-XoiP_8OZTtXrr7CHG04iMX8niAk&amp;__tn__=*NK-R\">#CronicaGT<\/a><\/p>\n\n\n\n<p><a href=\"https:\/\/www.facebook.com\/hashtag\/cmi?__eep__=6&amp;__cft__[0]=AZWATPvztjP8Pt89jhKwix4OqFbU7hEDac9FYR4MomNTXWOsijwdyugXW1NRyDjv-gQqDO5c7pnDwn08uI0790a5RfRuqpdXLQ6cB54Re3KPe6CvnWHn4Wd8iFWd54TH4JqLsrxbcuLUp8Y-aX1HOuG_iR82-ViqBM7t-KF-XoiP_8OZTtXrr7CHG04iMX8niAk&amp;__tn__=*NK-R\">#CMI<\/a><\/p>\n\n\n\n<figure class=\"wp-block-gallery has-nested-images columns-default is-cropped wp-block-gallery-1 is-layout-flex wp-block-gallery-is-layout-flex\">\n<figure class=\"wp-block-image size-large\"><img loading=\"lazy\" decoding=\"async\" width=\"1024\" height=\"683\" data-id=\"60676\" src=\"https:\/\/elmetropolitano.com.gt\/es\/wp-content\/uploads\/2023\/02\/328092074_528340502736769_2274693337353000055_n-1024x683.jpg\" alt=\"\" class=\"wp-image-60676\" srcset=\"https:\/\/elmetropolitano.com.gt\/es\/wp-content\/uploads\/2023\/02\/328092074_528340502736769_2274693337353000055_n-1024x683.jpg 1024w, https:\/\/elmetropolitano.com.gt\/es\/wp-content\/uploads\/2023\/02\/328092074_528340502736769_2274693337353000055_n-300x200.jpg 300w, https:\/\/elmetropolitano.com.gt\/es\/wp-content\/uploads\/2023\/02\/328092074_528340502736769_2274693337353000055_n-768x512.jpg 768w, https:\/\/elmetropolitano.com.gt\/es\/wp-content\/uploads\/2023\/02\/328092074_528340502736769_2274693337353000055_n-1536x1025.jpg 1536w, https:\/\/elmetropolitano.com.gt\/es\/wp-content\/uploads\/2023\/02\/328092074_528340502736769_2274693337353000055_n-600x400.jpg 600w, https:\/\/elmetropolitano.com.gt\/es\/wp-content\/uploads\/2023\/02\/328092074_528340502736769_2274693337353000055_n.jpg 2048w\" sizes=\"auto, (max-width: 1024px) 100vw, 1024px\" \/><\/figure>\n\n\n\n<figure class=\"wp-block-image size-large\"><img loading=\"lazy\" decoding=\"async\" width=\"1024\" height=\"681\" data-id=\"60677\" src=\"https:\/\/elmetropolitano.com.gt\/es\/wp-content\/uploads\/2023\/02\/328672485_581569340503388_7949820091113550059_n-1024x681.jpg\" alt=\"\" class=\"wp-image-60677\" srcset=\"https:\/\/elmetropolitano.com.gt\/es\/wp-content\/uploads\/2023\/02\/328672485_581569340503388_7949820091113550059_n-1024x681.jpg 1024w, https:\/\/elmetropolitano.com.gt\/es\/wp-content\/uploads\/2023\/02\/328672485_581569340503388_7949820091113550059_n-300x200.jpg 300w, https:\/\/elmetropolitano.com.gt\/es\/wp-content\/uploads\/2023\/02\/328672485_581569340503388_7949820091113550059_n-768x511.jpg 768w, https:\/\/elmetropolitano.com.gt\/es\/wp-content\/uploads\/2023\/02\/328672485_581569340503388_7949820091113550059_n-1536x1022.jpg 1536w, https:\/\/elmetropolitano.com.gt\/es\/wp-content\/uploads\/2023\/02\/328672485_581569340503388_7949820091113550059_n-600x399.jpg 600w, https:\/\/elmetropolitano.com.gt\/es\/wp-content\/uploads\/2023\/02\/328672485_581569340503388_7949820091113550059_n.jpg 2048w\" sizes=\"auto, (max-width: 1024px) 100vw, 1024px\" \/><\/figure>\n<\/figure>\n","protected":false},"excerpt":{"rendered":"<p>Este a\u00f1o se elegir\u00e1 a 50 nuevos j\u00f3venes, con excelencia acad\u00e9mica, para recibir una beca universitaria completa y estudiar la carrera de sus sue\u00f1os desde 2024 gracias a la fundaci\u00f3n Juan Bautista Guti\u00e9rrez Con la frase inspiradora \u201cCumpliendo sue\u00f1os y transformando vidas\u201d se enmarca la esencia del programa de becas universitarias de la Fundaci\u00f3n Juan <a class=\"read-more\" href=\"https:\/\/elmetropolitano.com.gt\/es\/ofrecen-50-becas-universitarias-donde-el-beneficiario-escoge-la-universidad-privada-de-su-eleccion\/\">Leer m\u00e1s<\/a><\/p>\n","protected":false},"author":1,"featured_media":60675,"comment_status":"open","ping_status":"closed","sticky":false,"template":"","format":"standard","meta":{"footnotes":""},"categories":[31],"tags":[32],"class_list":["post-60674","post","type-post","status-publish","format-standard","has-post-thumbnail","hentry","category-metroimpulso","tag-metroimpulso"],"_links":{"self":[{"href":"https:\/\/elmetropolitano.com.gt\/es\/wp-json\/wp\/v2\/posts\/60674","targetHints":{"allow":["GET"]}}],"collection":[{"href":"https:\/\/elmetropolitano.com.gt\/es\/wp-json\/wp\/v2\/posts"}],"about":[{"href":"https:\/\/elmetropolitano.com.gt\/es\/wp-json\/wp\/v2\/types\/post"}],"author":[{"embeddable":true,"href":"https:\/\/elmetropolitano.com.gt\/es\/wp-json\/wp\/v2\/users\/1"}],"replies":[{"embeddable":true,"href":"https:\/\/elmetropolitano.com.gt\/es\/wp-json\/wp\/v2\/comments?post=60674"}],"version-history":[{"count":1,"href":"https:\/\/elmetropolitano.com.gt\/es\/wp-json\/wp\/v2\/posts\/60674\/revisions"}],"predecessor-version":[{"id":60678,"href":"https:\/\/elmetropolitano.com.gt\/es\/wp-json\/wp\/v2\/posts\/60674\/revisions\/60678"}],"wp:featuredmedia":[{"embeddable":true,"href":"https:\/\/elmetropolitano.com.gt\/es\/wp-json\/wp\/v2\/media\/60675"}],"wp:attachment":[{"href":"https:\/\/elmetropolitano.com.gt\/es\/wp-json\/wp\/v2\/media?parent=60674"}],"wp:term":[{"taxonomy":"category","embeddable":true,"href":"https:\/\/elmetropolitano.com.gt\/es\/wp-json\/wp\/v2\/categories?post=60674"},{"taxonomy":"post_tag","embeddable":true,"href":"https:\/\/elmetropolitano.com.gt\/es\/wp-json\/wp\/v2\/tags?post=60674"}],"curies":[{"name":"wp","href":"https:\/\/api.w.org\/{rel}","templated":true}]}}