{"id":60687,"date":"2023-02-03T22:44:06","date_gmt":"2023-02-04T04:44:06","guid":{"rendered":"https:\/\/elmetropolitano.com.gt\/es\/?p=60687"},"modified":"2023-02-03T22:44:20","modified_gmt":"2023-02-04T04:44:20","slug":"blanca-alfaro-la-unica-magistrada-del-tse-que-voto-a-favor-de-la-inscripcion-del-binomio-mlp","status":"publish","type":"post","link":"https:\/\/elmetropolitano.com.gt\/es\/blanca-alfaro-la-unica-magistrada-del-tse-que-voto-a-favor-de-la-inscripcion-del-binomio-mlp\/","title":{"rendered":"Blanca Alfaro la \u00fanica magistrada del TSE que vot\u00f3 a favor de la inscripci\u00f3n del binomio MLP"},"content":{"rendered":"\n<p>La Magistrada doctora Blanca Odilia Alfaro emiti\u00f3 un voto disidente a favor de la inscripci\u00f3n del binomio presidencial del MLP cuando el Pleno del Tribunal Supremo Electoral TSE conoci\u00f3 el recurso de nulidad<\/p>\n\n\n\n<p>\u201cDisiento de la decisi\u00f3n tomada por el Pleno de los magistrados, considerando que debe declararse con lugar la inscripci\u00f3n de los candidatos Thelma Cabrera P\u00e9rez y Jord\u00e1n Rodas <a><\/a>Andrade.\u00bb Expresa en el voto razonado la Magistrada Alfaro<\/p><div class=\"elmet-contenido\" id=\"elmet-1597433069\"><div class=\"elmet-adlabel\">Anuncios<\/div><div style=\"margin-top: 20px;margin-right: 20px;margin-bottom: 20px;margin-left: 20px;\" id=\"elmet-808142923\"><a href=\"https:\/\/www.facebook.com\/arrincuanantigua\/\" aria-label=\"cintillo-arrin-cual\"><img loading=\"lazy\" decoding=\"async\" src=\"https:\/\/elmetropolitano.com.gt\/es\/wp-content\/uploads\/2021\/11\/cintillo-arrin-cual-1.jpg\" alt=\"\"  srcset=\"https:\/\/elmetropolitano.com.gt\/es\/wp-content\/uploads\/2021\/11\/cintillo-arrin-cual-1.jpg 750w, https:\/\/elmetropolitano.com.gt\/es\/wp-content\/uploads\/2021\/11\/cintillo-arrin-cual-1-300x36.jpg 300w, https:\/\/elmetropolitano.com.gt\/es\/wp-content\/uploads\/2021\/11\/cintillo-arrin-cual-1-600x72.jpg 600w\" sizes=\"(max-width: 750px) 100vw, 750px\" width=\"750\" height=\"90\"   \/><\/a><\/div><\/div>\n\n\n\n<p>\u201cEl voto disidente de la magistrada Blanca Alfaro demuestra que no todo est\u00e1 podrido en el TSE\u201d expres\u00f3 el candidato Vice Presidencial del MLP el ex magistrado de conciencia Jord\u00e1n Rodas<\/p>\n\n\n\n<p><a href=\"https:\/\/www.facebook.com\/hashtag\/yovoto?__eep__=6&amp;__cft__[0]=AZVAUSbGJWvseIS-74gGT9EOTu0xUfIJfwRBT9tNKGKzwy2JihGRgaAkKAI6-D5ZjORwoWxsUWe94Fv-_gEbaqmIQ07sFx4ficZNu8mwRrVJFe98qfFRQOzY9Bya8OzhVHmtsg0aEJRHBWhvwYNfw6TW-Gn_l-d2y2UUzTMW8k6Xm8hi2pyBD0cXESU477QDpRI&amp;__tn__=*NK-R\">#YoVoto<\/a><a href=\"https:\/\/www.facebook.com\/hashtag\/eleccionesgt2023?__eep__=6&amp;__cft__[0]=AZVAUSbGJWvseIS-74gGT9EOTu0xUfIJfwRBT9tNKGKzwy2JihGRgaAkKAI6-D5ZjORwoWxsUWe94Fv-_gEbaqmIQ07sFx4ficZNu8mwRrVJFe98qfFRQOzY9Bya8OzhVHmtsg0aEJRHBWhvwYNfw6TW-Gn_l-d2y2UUzTMW8k6Xm8hi2pyBD0cXESU477QDpRI&amp;__tn__=*NK-R\">#EleccionesGT2023<\/a><a href=\"https:\/\/www.facebook.com\/hashtag\/metroredes?__eep__=6&amp;__cft__[0]=AZVAUSbGJWvseIS-74gGT9EOTu0xUfIJfwRBT9tNKGKzwy2JihGRgaAkKAI6-D5ZjORwoWxsUWe94Fv-_gEbaqmIQ07sFx4ficZNu8mwRrVJFe98qfFRQOzY9Bya8OzhVHmtsg0aEJRHBWhvwYNfw6TW-Gn_l-d2y2UUzTMW8k6Xm8hi2pyBD0cXESU477QDpRI&amp;__tn__=*NK-R\">#metroredes<\/a><a href=\"https:\/\/www.facebook.com\/hashtag\/partidomlp?__eep__=6&amp;__cft__[0]=AZVAUSbGJWvseIS-74gGT9EOTu0xUfIJfwRBT9tNKGKzwy2JihGRgaAkKAI6-D5ZjORwoWxsUWe94Fv-_gEbaqmIQ07sFx4ficZNu8mwRrVJFe98qfFRQOzY9Bya8OzhVHmtsg0aEJRHBWhvwYNfw6TW-Gn_l-d2y2UUzTMW8k6Xm8hi2pyBD0cXESU477QDpRI&amp;__tn__=*NK-R\">#PartidoMLP<\/a><\/p>\n\n\n\n<figure class=\"wp-block-gallery has-nested-images columns-default is-cropped wp-block-gallery-1 is-layout-flex wp-block-gallery-is-layout-flex\">\n<figure class=\"wp-block-image size-large\"><img loading=\"lazy\" decoding=\"async\" width=\"670\" height=\"1024\" data-id=\"60690\" src=\"https:\/\/elmetropolitano.com.gt\/es\/wp-content\/uploads\/2023\/02\/326909204_1348059136010618_5399373268059119469_n-670x1024.jpg\" alt=\"\" class=\"wp-image-60690\" srcset=\"https:\/\/elmetropolitano.com.gt\/es\/wp-content\/uploads\/2023\/02\/326909204_1348059136010618_5399373268059119469_n-670x1024.jpg 670w, https:\/\/elmetropolitano.com.gt\/es\/wp-content\/uploads\/2023\/02\/326909204_1348059136010618_5399373268059119469_n-196x300.jpg 196w, https:\/\/elmetropolitano.com.gt\/es\/wp-content\/uploads\/2023\/02\/326909204_1348059136010618_5399373268059119469_n-768x1174.jpg 768w, https:\/\/elmetropolitano.com.gt\/es\/wp-content\/uploads\/2023\/02\/326909204_1348059136010618_5399373268059119469_n-85x130.jpg 85w, https:\/\/elmetropolitano.com.gt\/es\/wp-content\/uploads\/2023\/02\/326909204_1348059136010618_5399373268059119469_n-600x918.jpg 600w, https:\/\/elmetropolitano.com.gt\/es\/wp-content\/uploads\/2023\/02\/326909204_1348059136010618_5399373268059119469_n.jpg 837w\" sizes=\"auto, (max-width: 670px) 100vw, 670px\" \/><\/figure>\n<\/figure>\n","protected":false},"excerpt":{"rendered":"<p>La Magistrada doctora Blanca Odilia Alfaro emiti\u00f3 un voto disidente a favor de la inscripci\u00f3n del binomio presidencial del MLP cuando el Pleno del Tribunal Supremo Electoral TSE conoci\u00f3 el recurso de nulidad \u201cDisiento de la decisi\u00f3n tomada por el Pleno de los magistrados, considerando que debe declararse con lugar la inscripci\u00f3n de los candidatos <a class=\"read-more\" href=\"https:\/\/elmetropolitano.com.gt\/es\/blanca-alfaro-la-unica-magistrada-del-tse-que-voto-a-favor-de-la-inscripcion-del-binomio-mlp\/\">Leer m\u00e1s<\/a><\/p>\n","protected":false},"author":1,"featured_media":60688,"comment_status":"open","ping_status":"closed","sticky":false,"template":"","format":"standard","meta":{"footnotes":""},"categories":[2],"tags":[12],"class_list":["post-60687","post","type-post","status-publish","format-standard","has-post-thumbnail","hentry","category-nacionales","tag-nacionales"],"_links":{"self":[{"href":"https:\/\/elmetropolitano.com.gt\/es\/wp-json\/wp\/v2\/posts\/60687","targetHints":{"allow":["GET"]}}],"collection":[{"href":"https:\/\/elmetropolitano.com.gt\/es\/wp-json\/wp\/v2\/posts"}],"about":[{"href":"https:\/\/elmetropolitano.com.gt\/es\/wp-json\/wp\/v2\/types\/post"}],"author":[{"embeddable":true,"href":"https:\/\/elmetropolitano.com.gt\/es\/wp-json\/wp\/v2\/users\/1"}],"replies":[{"embeddable":true,"href":"https:\/\/elmetropolitano.com.gt\/es\/wp-json\/wp\/v2\/comments?post=60687"}],"version-history":[{"count":2,"href":"https:\/\/elmetropolitano.com.gt\/es\/wp-json\/wp\/v2\/posts\/60687\/revisions"}],"predecessor-version":[{"id":60691,"href":"https:\/\/elmetropolitano.com.gt\/es\/wp-json\/wp\/v2\/posts\/60687\/revisions\/60691"}],"wp:featuredmedia":[{"embeddable":true,"href":"https:\/\/elmetropolitano.com.gt\/es\/wp-json\/wp\/v2\/media\/60688"}],"wp:attachment":[{"href":"https:\/\/elmetropolitano.com.gt\/es\/wp-json\/wp\/v2\/media?parent=60687"}],"wp:term":[{"taxonomy":"category","embeddable":true,"href":"https:\/\/elmetropolitano.com.gt\/es\/wp-json\/wp\/v2\/categories?post=60687"},{"taxonomy":"post_tag","embeddable":true,"href":"https:\/\/elmetropolitano.com.gt\/es\/wp-json\/wp\/v2\/tags?post=60687"}],"curies":[{"name":"wp","href":"https:\/\/api.w.org\/{rel}","templated":true}]}}